{"id":4735,"date":"2021-05-13T16:31:42","date_gmt":"2021-05-13T19:31:42","guid":{"rendered":"https:\/\/sbfisica.org.br\/v1\/sbf\/2021\/05\/13\/a-cristalografia-antes-da-difracao-de-raios-x\/"},"modified":"2022-08-16T02:04:08","modified_gmt":"2022-08-16T05:04:08","slug":"a-cristalografia-antes-da-difracao-de-raios-x","status":"publish","type":"post","link":"https:\/\/www.sbfisica.org.br\/v1\/sbf\/a-cristalografia-antes-da-difracao-de-raios-x\/","title":{"rendered":"A Cristalografia antes da difra\u00e7\u00e3o de raios X"},"content":{"rendered":"<p>Iniciamos uma nova s\u00e9rie de notas no site da SBF, apresentando artigos de destaque publicados pela <a href=\"http:\/\/www.sbfisica.org.br\/rbef\/\">Revista Brasileira de Ensino de F\u00edsica<\/a>. Hoje destacamos um artigo da sess\u00e3o de Hist\u00f3ria da F\u00edsica da RBEF, escrito pela vencedora do <a href=\"\/v1\/sbf\/yvonne-mascarenhas-vence-o-premio-joaquim-da-costa-ribeiro-2021\/\">Pr\u00eamio Joaquim da Costa Ribeiro<\/a> deste ano, Yvonne Primerano Mascarenhas.<\/p>\n<p>A Profa.Yvonne, participou do grupo fundador da USP de S\u00e3o Carlos, onde desenvolveu atividades de pesquisa pioneiras em cristalografia de raios X, iniciando uma s\u00f3lida comunidade cient\u00edfica nessa \u00e1rea no Brasil. A cristalografia moderna utiliza a difra\u00e7\u00e3o de raios X para determinar a estrutura at\u00f4mica de s\u00f3lidos cristalinos e de mol\u00e9culas. Mas muito antes do desenvolvimento dessas t\u00e9cnicas pelo f\u00edsico ingl\u00eas W. H. Bragg (1862-1942) e seu filho, W. L. Bragg (1890-1971), os fundamentos te\u00f3ricos da estrutura da mat\u00e9ria cristalina foram estabelecidos por matem\u00e1ticos, ainda no s\u00e9culo 19. \u201c\u00c9 formid\u00e1vel que, quando surgiu da difra\u00e7\u00e3o de raios X, todo esse arcabou\u00e7o te\u00f3rico j\u00e1 estava pronto\u201d, a professora contou ao site da SBF.<\/p>\n<p><!--more--><\/p>\n<p><span style=\"background-color: inherit; color: inherit; font-family: inherit; font-size: 1rem;\">\u201cGosto muito de Hist\u00f3ria, e sempre achei muito interessante que a cristalografia se desenvolveu inicialmente pelas observa\u00e7\u00f5es e medidas goniom\u00e9tricas dos cristais macrosc\u00f3picos, feitas pelo abade e mineralogista franc\u00eas Ren\u00e9e Just Ha\u00fcy (1743-1822). Ele criou uma s\u00e9rie de conceitos sobre a constitui\u00e7\u00e3o de um cristal, com a ideia de que o cristal seria formado pela justaposi\u00e7\u00e3o de pequenas unidades, as chamadas c\u00e9lulas unit\u00e1rias, com a mesma apar\u00eancia externa que o pr\u00f3prio cristal macrosc\u00f3pico. Essa hip\u00f3tese contribuiu para a ideia de descontinuidade da mat\u00e9ria, que j\u00e1 vinha desde a Gr\u00e9cia Antiga, mas que foi rejeitada por Arist\u00f3teles.\u201d<\/span><\/p>\n<p>\u201cA partir da\u00ed at\u00e9 o s\u00e9culo 19, os matem\u00e1ticos foram construindo toda uma teoria de como seria a distribui\u00e7\u00e3o da mat\u00e9ria dentro da c\u00e9lula unit\u00e1ria ou, na linguagem moderna, quais seriam suas simetrias. Primeiro, desenvolveram a simetria do grupo pontual, isto \u00e9, as simetrias em torno de um ponto fixo. Depois surgiu a teoria das simetrias em tr\u00eas dimens\u00f5es, deduzindo matematicamente a exist\u00eancia de 230 grupos espaciais.\u201d<\/p>\n<p>\u201c\u00c9 uma demonstra\u00e7\u00e3o de que todo desenvolvimento te\u00f3rico, quando fundamentado em observa\u00e7\u00f5es f\u00edsicas e na linguagem adequada da matem\u00e1tica, pode levar a conclus\u00f5es perfeitamente v\u00e1lidas, mas que muitas vezes n\u00e3o podem ser confirmadas no momento em que s\u00e3o propostas, como foi a exist\u00eancia dos 230 grupos espaciais, comprovada anos depois, quando surgiu o instrumental necess\u00e1rio para investigar a estrutura interna dos s\u00f3lidos cristalinos.\u201d<\/p>\n<p>Confira o artigo na \u00edntegra e outros <a href=\"http:\/\/www.sbfisica.org.br\/rbef\/\">no site da RBEF<\/a>.<\/p>\n<p><strong>Artigo Cient\u00edfico<\/strong><br \/>\nCrystallography before the Discovery of X-Ray Diffraction<br \/>\nYvonne Primerano Mascarenhas<br \/>\n<a href=\"http:\/\/dx.doi.org\/10.1590\/1806-9126-RBEF-2019-0336\">Revista Brasileira de Ensino de F\u00edsica, vol. 42, e20190336 (2020)<\/a><\/p>\n","protected":false},"excerpt":{"rendered":"<p>Iniciamos uma nova s\u00e9rie de notas no site da SBF, apresentando artigos de destaque publicados pela Revista Brasileira de Ensino de F\u00edsica. Hoje destacamos um artigo da sess\u00e3o de Hist\u00f3ria da F\u00edsica da RBEF, escrito pela vencedora do Pr\u00eamio Joaquim da Costa Ribeiro deste ano, Yvonne Primerano Mascarenhas. A Profa.Yvonne, participou do grupo fundador da [&hellip;]<\/p>\n","protected":false},"author":8,"featured_media":17013,"comment_status":"open","ping_status":"open","sticky":false,"template":"","format":"standard","meta":{"footnotes":""},"categories":[153],"tags":[],"class_list":["post-4735","post","type-post","status-publish","format-standard","has-post-thumbnail","hentry","category-destaques-da-rbef"],"aioseo_notices":[],"_links":{"self":[{"href":"https:\/\/www.sbfisica.org.br\/v1\/sbf\/wp-json\/wp\/v2\/posts\/4735","targetHints":{"allow":["GET"]}}],"collection":[{"href":"https:\/\/www.sbfisica.org.br\/v1\/sbf\/wp-json\/wp\/v2\/posts"}],"about":[{"href":"https:\/\/www.sbfisica.org.br\/v1\/sbf\/wp-json\/wp\/v2\/types\/post"}],"author":[{"embeddable":true,"href":"https:\/\/www.sbfisica.org.br\/v1\/sbf\/wp-json\/wp\/v2\/users\/8"}],"replies":[{"embeddable":true,"href":"https:\/\/www.sbfisica.org.br\/v1\/sbf\/wp-json\/wp\/v2\/comments?post=4735"}],"version-history":[{"count":2,"href":"https:\/\/www.sbfisica.org.br\/v1\/sbf\/wp-json\/wp\/v2\/posts\/4735\/revisions"}],"predecessor-version":[{"id":17015,"href":"https:\/\/www.sbfisica.org.br\/v1\/sbf\/wp-json\/wp\/v2\/posts\/4735\/revisions\/17015"}],"wp:featuredmedia":[{"embeddable":true,"href":"https:\/\/www.sbfisica.org.br\/v1\/sbf\/wp-json\/wp\/v2\/media\/17013"}],"wp:attachment":[{"href":"https:\/\/www.sbfisica.org.br\/v1\/sbf\/wp-json\/wp\/v2\/media?parent=4735"}],"wp:term":[{"taxonomy":"category","embeddable":true,"href":"https:\/\/www.sbfisica.org.br\/v1\/sbf\/wp-json\/wp\/v2\/categories?post=4735"},{"taxonomy":"post_tag","embeddable":true,"href":"https:\/\/www.sbfisica.org.br\/v1\/sbf\/wp-json\/wp\/v2\/tags?post=4735"}],"curies":[{"name":"wp","href":"https:\/\/api.w.org\/{rel}","templated":true}]}}