{"id":3605,"date":"2017-10-27T16:22:53","date_gmt":"2017-10-27T18:22:53","guid":{"rendered":"https:\/\/sbfisica.org.br\/v1\/sbf\/2017\/10\/27\/normas-e-prazos-para-a-votacao\/"},"modified":"2022-05-28T22:07:32","modified_gmt":"2022-05-29T01:07:32","slug":"normas-e-prazos-2009","status":"publish","type":"post","link":"https:\/\/www.sbfisica.org.br\/v1\/sbf\/normas-e-prazos-2009\/","title":{"rendered":"Normas e Prazos para a Vota\u00e7\u00e3o de 2009"},"content":{"rendered":"<p><strong><span style=\"font-family: Arial, Helvetica, sans-serif; font-size: small;\">Elei\u00e7\u00f5es 2009<\/span><\/strong><\/p>\n<p><span style=\"color: #000000; font-family: Arial, Helvetica, sans-serif; font-size: small;\">O QUE:<\/span><\/p>\n<p><span style=\"color: #000000; font-family: Arial, Helvetica, sans-serif; font-size: small;\">Elei\u00e7\u00e3o de:<\/span><\/p>\n<p><span style=\"color: #000000; font-family: Arial, Helvetica, sans-serif; font-size: small;\">6 membros para a Diretoria (julho de 2009 a julho de 2011)<br \/>\n5 Titulares para o Conselho (julho de 2009 a julho de 2013)<br \/>\n5 Suplentes para o Conselho (julho de 2009 a julho de 2011)<\/span><\/p>\n<p><span style=\"color: #000000; font-family: Arial, Helvetica, sans-serif; font-size: small;\"><br \/>\nQUEM:<\/span><\/p>\n<p><span style=\"color: #000000; font-family: Arial, Helvetica, sans-serif; font-size: small;\">De acordo com os Artigos 11\u00ba e 28\u00aa do Estatuto da Sociedade Brasileira de F\u00edsica, s\u00f3 podem votar e ser votados os s\u00f3cios efetivos quites com a SBF at\u00e9 o ano anterior \u00e0 elei\u00e7\u00e3o. Desse modo, s\u00f3 ser\u00e3o computados os votos dos s\u00f3cios em dia com as anuidades at\u00e9 inclusive o ano de 2008 (anterior ao ano da elei\u00e7\u00e3o). O (a) colega pode, entretanto, se colocar em dia com a SBF atrav\u00e9s da p\u00e1gina www.sbfisica.org.br. O (a) colega que quiser ter seu nome como candidato precisa estar em dia com as anuidades at\u00e9 29 de abril de 2009. O (a) colega eleitor pode se colocar em dia a qualquer momento durante o per\u00edodo de vota\u00e7\u00e3o at\u00e9 o dia 3 de junho de 2009.<\/span><\/p>\n<p><span style=\"color: #000000; font-family: Arial, Helvetica, sans-serif; font-size: small;\"><br \/>\nQUANDO:<\/span><\/p>\n<p><span style=\"color: #000000; font-family: Arial, Helvetica, sans-serif; font-size: small;\">As elei\u00e7\u00f5es ter\u00e3o in\u00edcio no dia 11 de maio de 2009, quando a c\u00e9dula estar\u00e1 dispon\u00edvel na p\u00e1gina www.sbfisica.org.br, at\u00e9 o dia 08 de junho de 2009.<\/span><\/p>\n<p><span style=\"color: #000000; font-family: Arial, Helvetica, sans-serif; font-size: small;\"><br \/>\nCOMO<\/span><\/p>\n<p><span style=\"color: #000000; font-family: Arial, Helvetica, sans-serif; font-size: small;\">Os s\u00f3cios devem acessar a p\u00e1gina www.sbfisica.org.br, com sua senha pessoal, previamente distribu\u00edda, seguir as instru\u00e7\u00f5es que acompanham a c\u00e9dula e prosseguir com a vota\u00e7\u00e3o.<\/span><\/p>\n<p><span style=\"color: #000000; font-family: Arial, Helvetica, sans-serif; font-size: small;\"><br \/>\nA C\u00c8DULA:<\/span><\/p>\n<p><span style=\"color: #000000; font-family: Arial, Helvetica, sans-serif; font-size: small;\">A c\u00e9dula de vota\u00e7\u00e3o cont\u00e9m os nomes dos s\u00f3cios que est\u00e3o concorrendo aos cargos de Diretoria e as vagas no Conselho. Estes nomes foram indicados ou pelo Conselho da SBF ou por sugest\u00f5es de s\u00f3cios (encaminhadas atrav\u00e9s da Comiss\u00e3o Eleitoral ao Conselho). Entretanto, o s\u00f3cio eleitor pode escolher e votar em outros candidatos utilizando o campo \u201coutros\u201d da c\u00e9dula eletr\u00f4nica. Imediatamente aparecer\u00e1 o nome de todos os candidatos eleg\u00edveis e o eleitor poder\u00e1 escolher. Contudo, recomenda-se eleger s\u00f3cios para as diversas categorias obedecendo-se a uma distribui\u00e7\u00e3o por \u00e1reas de conhecimento e por diferentes regi\u00f5es geogr\u00e1ficas do Brasil. O Conselho da SBF \u00e9 composto por 10 (dez) membros titulares, eleitos com mandatos de 4 (quatro anos), sendo que bienalmente metade destes se renova. S\u00e3o tamb\u00e9m eleitos 5 (cinco) membros suplentes. De acordo com o par\u00e1grafo 5\u00ba do artigo 22\u00ba do estatuto da SBF os membros do Conselho n\u00e3o podem ser reeleitos para o mandato seguinte.<\/span><\/p>\n<p><span style=\"color: #000000; font-family: Arial, Helvetica, sans-serif; font-size: small;\"><br \/>\nOs Conselheiros que terminam seus mandatos em julho de 2009 s\u00e3o:<\/span><\/p>\n<p><span style=\"color: #000000; font-family: Arial, Helvetica, sans-serif; font-size: small;\"><br \/>\nRita Maria Cunha de Almeida<br \/>\nBelita Koiller<br \/>\nCelso Pinto de Melo<br \/>\nMarcos Assun\u00e7\u00e3o Pimenta<\/span><\/p>\n<p><span style=\"color: #000000; font-family: Arial, Helvetica, sans-serif; font-size: small;\"><br \/>\nFazem parte do Conselho da SBF at\u00e9 2011:<\/span><\/p>\n<p><span style=\"color: #000000; font-family: Arial, Helvetica, sans-serif; font-size: small;\"><br \/>\nAdalberto Fazzio<br \/>\nJos\u00e9 Abdalla Helay\u00ebl Neto<br \/>\nMaria Carolina Nemes<br \/>\nSilvio Paolo Sorella<br \/>\nOscar Nassif de Mesquita<\/span><\/p>\n<p><span style=\"color: #000000; font-family: Arial, Helvetica, sans-serif; font-size: small;\">Estes atuais Conselheiros n\u00e3o podem concorrer a um cargo para o Conselho na presente elei\u00e7\u00e3o e, portanto, seus nomes n\u00e3o est\u00e3o dispon\u00edveis para vota\u00e7\u00e3o.<\/span><\/p>\n<p><span style=\"color: #000000; font-family: Arial, Helvetica, sans-serif; font-size: small;\">O (a) colega poder\u00e1 votar em at\u00e9 10 (dez) nomes para o Conselho \u2013 os 5 (cinco) nomes mais votados compor\u00e3o o Conselho como membros titulares at\u00e9 julho de 2013 e os 5 (cinco) seguintes ser\u00e3o membros suplentes at\u00e9 2011.<\/span><\/p>\n<p><span style=\"color: #000000; font-family: Arial, Helvetica, sans-serif; font-size: small;\">Comiss\u00e3o Eleitoral<\/span><\/p>\n<p><span style=\"color: #000000; font-family: Arial, Helvetica, sans-serif; font-size: small;\">Edison Zacarias da Silva (IFGW \u2013 UNICAMP)<br \/>\nNelia Ferreira Leite (INPE)<br \/>\nHelena Maria Petrilli (IFUSP)<\/span><\/p>\n","protected":false},"excerpt":{"rendered":"<p>Elei\u00e7\u00f5es 2009 O QUE: Elei\u00e7\u00e3o de: 6 membros para a Diretoria (julho de 2009 a julho de 2011) 5 Titulares para o Conselho (julho de 2009 a julho de 2013) 5 Suplentes para o Conselho (julho de 2009 a julho de 2011) QUEM: De acordo com os Artigos 11\u00ba e 28\u00aa do Estatuto da Sociedade [&hellip;]<\/p>\n","protected":false},"author":8,"featured_media":16567,"comment_status":"open","ping_status":"open","sticky":false,"template":"","format":"standard","meta":{"footnotes":""},"categories":[130],"tags":[],"class_list":["post-3605","post","type-post","status-publish","format-standard","has-post-thumbnail","hentry","category-eleicoes"],"aioseo_notices":[],"_links":{"self":[{"href":"https:\/\/www.sbfisica.org.br\/v1\/sbf\/wp-json\/wp\/v2\/posts\/3605","targetHints":{"allow":["GET"]}}],"collection":[{"href":"https:\/\/www.sbfisica.org.br\/v1\/sbf\/wp-json\/wp\/v2\/posts"}],"about":[{"href":"https:\/\/www.sbfisica.org.br\/v1\/sbf\/wp-json\/wp\/v2\/types\/post"}],"author":[{"embeddable":true,"href":"https:\/\/www.sbfisica.org.br\/v1\/sbf\/wp-json\/wp\/v2\/users\/8"}],"replies":[{"embeddable":true,"href":"https:\/\/www.sbfisica.org.br\/v1\/sbf\/wp-json\/wp\/v2\/comments?post=3605"}],"version-history":[{"count":3,"href":"https:\/\/www.sbfisica.org.br\/v1\/sbf\/wp-json\/wp\/v2\/posts\/3605\/revisions"}],"predecessor-version":[{"id":14870,"href":"https:\/\/www.sbfisica.org.br\/v1\/sbf\/wp-json\/wp\/v2\/posts\/3605\/revisions\/14870"}],"wp:featuredmedia":[{"embeddable":true,"href":"https:\/\/www.sbfisica.org.br\/v1\/sbf\/wp-json\/wp\/v2\/media\/16567"}],"wp:attachment":[{"href":"https:\/\/www.sbfisica.org.br\/v1\/sbf\/wp-json\/wp\/v2\/media?parent=3605"}],"wp:term":[{"taxonomy":"category","embeddable":true,"href":"https:\/\/www.sbfisica.org.br\/v1\/sbf\/wp-json\/wp\/v2\/categories?post=3605"},{"taxonomy":"post_tag","embeddable":true,"href":"https:\/\/www.sbfisica.org.br\/v1\/sbf\/wp-json\/wp\/v2\/tags?post=3605"}],"curies":[{"name":"wp","href":"https:\/\/api.w.org\/{rel}","templated":true}]}}