{"id":31428,"date":"2026-05-01T13:52:11","date_gmt":"2026-05-01T16:52:11","guid":{"rendered":"https:\/\/www.sbfisica.org.br\/v1\/sbf\/?p=31428"},"modified":"2026-05-01T14:37:27","modified_gmt":"2026-05-01T17:37:27","slug":"o-observatorio-de-astronomia-da-unesp-bate-mais-um-recorde","status":"publish","type":"post","link":"https:\/\/www.sbfisica.org.br\/v1\/sbf\/o-observatorio-de-astronomia-da-unesp-bate-mais-um-recorde\/","title":{"rendered":"O Observat\u00f3rio de Astronomia da Unesp bate mais um recorde!"},"content":{"rendered":"\n<p>Para celebrar a reforma parcial do pr\u00e9dio do Observat\u00f3rio Did\u00e1tico de Astronomia \u201cLionel Jos\u00e9 Andriatto\u201d do Depto. de F\u00edsica e Meteorologia da Unesp Bauru, o Observat\u00f3rio de Astronomia da Unesp realizou um atendimento p\u00fablico gratuito especialmente preparado para os visitantes de todas as idades e forma\u00e7\u00f5es, lembrando ainda do m\u00eas de abril como o M\u00eas Global da Astronomia, quando diversos pa\u00edses mobilizam-se a realizarem muitas atividades de divulga\u00e7\u00e3o e populariza\u00e7\u00e3o desta bel\u00edssima Ci\u00eancia. A quantidade de pessoas no atendimento do s\u00e1bado, 25 de abril, superou expectativas e bateu o recorde de 821 assinaturas no livro de visitas!<\/p>\n\n\n\n<p>As palestras da noite, ministradas pelos graduandos em F\u00edsica Guilherme Bellini e Eduardo Esbizera, envolveram os temas sobre:<\/p>\n\n\n\n<ul class=\"wp-block-list\">\n<li><strong>O Dia Internacional do V\u00f4o Espacial Humano<\/strong> (Yuri\u00b4s Night), cujo evento internacionalmente celebrado conta com o registro do nosso Observat\u00f3rio cadastrado no site oficial internacional.<\/li>\n\n\n\n<li><strong>A Polui\u00e7\u00e3o Luminosa<\/strong> e como ela est\u00e1 prejudicando a observa\u00e7\u00e3o do c\u00e9u estrelado nas cidades, incluindo a regi\u00e3o do Observat\u00f3rio, por causa da instala\u00e7\u00e3o sem os devidos cuidados ambientais de l\u00e2mpadas LED nos postes p\u00fablicos. Esta \u00e9 uma preocupa\u00e7\u00e3o mundial, tanto \u00e9 que de 13 a 20 de abril diversos pa\u00edses participam da Semana Internacional do C\u00e9u Escuro &#8211; International Dark Sky Week (IDSW), uma a\u00e7\u00e3o para conscientiza\u00e7\u00e3o contra os perigos do excesso de ilumina\u00e7\u00e3o como um crime ambiental e o \u201capagamento\u201d das estrelas. O nosso Observat\u00f3rio tamb\u00e9m est\u00e1 envolvido neste trabalho.<\/li>\n<\/ul>\n\n\n\n<p>O evento encantou os visitantes de todas as idades com uma programa\u00e7\u00e3o que uniu ci\u00eancia, curiosidade e divers\u00e3o sob o c\u00e9u de Bauru. Al\u00e9m de tudo isso, este foi o primeiro atendimento p\u00fablico do Observat\u00f3rio ap\u00f3s a reforma parcial do pr\u00e9dio. O Observat\u00f3rio ofereceu ao p\u00fablico diversas atividades durante a noite, incluindo:<\/p>\n\n\n\n<ul class=\"wp-block-list\">\n<li>Observa\u00e7\u00e3o astron\u00f4mica com telesc\u00f3pios, onde os visitantes puderam ver de pertinho as crateras e montanhas da Lua, al\u00e9m do maior planeta do Sistema Solar, J\u00fapiter e suas nuvens e sat\u00e9lites naturais. Outro telesc\u00f3pio apontou tamb\u00e9m para um belo aglomerado chamado Caixinha de Joias.<\/li>\n\n\n\n<li>Palestras especiais sobre a Miss\u00e3o Artemis 2 e a import\u00e2ncia de conservar o c\u00e9u escuro e combater a polui\u00e7\u00e3o luminosa. As explica\u00e7\u00f5es das palestras usaram uma linguagem acess\u00edvel e despertaram muita curiosidade.<\/li>\n\n\n\n<li>Oficina infantil onde as crian\u00e7as puderam aprender brincando sobre o espa\u00e7o e os segredos do Universo, incluindo a possibilidade delas se transformarem em astronautas virtuais com a proje\u00e7\u00e3o na tela do rostinho delas em uma roupa de astronauta que acompanhava os movimentos das crian\u00e7as.<\/li>\n\n\n\n<li>Lojinha do Observat\u00f3rio, com produtos exclusivos e materiais educativos dispon\u00edveis a todos que desejasse levar uma lembran\u00e7a daquela noite inesquec\u00edvel.<\/li>\n\n\n\n<li>Novidade! Uma exposi\u00e7\u00e3o bel\u00edssima de muitos pain\u00e9is e infogr\u00e1ficos explicativos sobre os mist\u00e9rios do cosmos.<\/li>\n\n\n\n<li>Novidade! Foi disponibilizado um telesc\u00f3pio especialmente preparado para o visitante colocar seu pr\u00f3prio celular e fazer fotos das belas crateras e montanhas da Lua!<\/li>\n\n\n\n<li>Novidade! O Observat\u00f3rio conta agora com um lindo modelo da Lua de 1 metro de di\u00e2metro com crateras e montanhas artisticamente modeladas de acordo com os mapas lunares reais, tanto para visitantes com defici\u00eancias na vis\u00e3o quanto para pessoas videntes.<\/li>\n<\/ul>\n\n\n\n<p><strong>Por: Rodolfo Langhi<\/strong> (<a href=\"https:\/\/www.fc.unesp.br\/#!\/observatorio\/noticias\/v\/id::11626\/o-observatorio-de-astronomia-da-unesp-bate-mais-um-recorde\" title=\"\">mat\u00e9ria originalmente publicada pela Unesp<\/a>)<\/p>\n","protected":false},"excerpt":{"rendered":"<p>Para celebrar a reforma parcial do pr\u00e9dio do Observat\u00f3rio Did\u00e1tico de Astronomia \u201cLionel Jos\u00e9 Andriatto\u201d do Depto. de F\u00edsica e Meteorologia da Unesp Bauru, o Observat\u00f3rio de Astronomia da Unesp realizou um atendimento p\u00fablico gratuito especialmente preparado para os visitantes de todas as idades e forma\u00e7\u00f5es, lembrando ainda do m\u00eas de abril como o M\u00eas [&hellip;]<\/p>\n","protected":false},"author":12,"featured_media":31429,"comment_status":"open","ping_status":"open","sticky":false,"template":"","format":"standard","meta":{"footnotes":""},"categories":[669],"tags":[1815,1391,1816,429],"class_list":["post-31428","post","type-post","status-publish","format-standard","has-post-thumbnail","hentry","category-mundo-da-fisica","tag-dia-internacional-do-voo-espacial-humano","tag-observatorio","tag-poluicao-luminosa","tag-unesp"],"aioseo_notices":[],"_links":{"self":[{"href":"https:\/\/www.sbfisica.org.br\/v1\/sbf\/wp-json\/wp\/v2\/posts\/31428","targetHints":{"allow":["GET"]}}],"collection":[{"href":"https:\/\/www.sbfisica.org.br\/v1\/sbf\/wp-json\/wp\/v2\/posts"}],"about":[{"href":"https:\/\/www.sbfisica.org.br\/v1\/sbf\/wp-json\/wp\/v2\/types\/post"}],"author":[{"embeddable":true,"href":"https:\/\/www.sbfisica.org.br\/v1\/sbf\/wp-json\/wp\/v2\/users\/12"}],"replies":[{"embeddable":true,"href":"https:\/\/www.sbfisica.org.br\/v1\/sbf\/wp-json\/wp\/v2\/comments?post=31428"}],"version-history":[{"count":2,"href":"https:\/\/www.sbfisica.org.br\/v1\/sbf\/wp-json\/wp\/v2\/posts\/31428\/revisions"}],"predecessor-version":[{"id":31431,"href":"https:\/\/www.sbfisica.org.br\/v1\/sbf\/wp-json\/wp\/v2\/posts\/31428\/revisions\/31431"}],"wp:featuredmedia":[{"embeddable":true,"href":"https:\/\/www.sbfisica.org.br\/v1\/sbf\/wp-json\/wp\/v2\/media\/31429"}],"wp:attachment":[{"href":"https:\/\/www.sbfisica.org.br\/v1\/sbf\/wp-json\/wp\/v2\/media?parent=31428"}],"wp:term":[{"taxonomy":"category","embeddable":true,"href":"https:\/\/www.sbfisica.org.br\/v1\/sbf\/wp-json\/wp\/v2\/categories?post=31428"},{"taxonomy":"post_tag","embeddable":true,"href":"https:\/\/www.sbfisica.org.br\/v1\/sbf\/wp-json\/wp\/v2\/tags?post=31428"}],"curies":[{"name":"wp","href":"https:\/\/api.w.org\/{rel}","templated":true}]}}