{"id":31418,"date":"2026-05-01T12:58:37","date_gmt":"2026-05-01T15:58:37","guid":{"rendered":"https:\/\/www.sbfisica.org.br\/v1\/sbf\/?p=31418"},"modified":"2026-05-01T12:58:38","modified_gmt":"2026-05-01T15:58:38","slug":"dois-dias-uma-causa-o-papel-da-sbf-na-educacao-e-formacao-em-fisica","status":"publish","type":"post","link":"https:\/\/www.sbfisica.org.br\/v1\/sbf\/dois-dias-uma-causa-o-papel-da-sbf-na-educacao-e-formacao-em-fisica\/","title":{"rendered":"Dois dias, uma causa: o papel da SBF na educa\u00e7\u00e3o e forma\u00e7\u00e3o em F\u00edsica"},"content":{"rendered":"\n<p>Esta semana, muita gente teve uma d\u00favida aparentemente prosaica: afinal, quando se comemora o dia da educa\u00e7\u00e3o? Em 24 de janeiro? Ou em 28 de abril? A verdade \u00e9 que as duas datas s\u00e3o v\u00e1lidas.<\/p>\n\n\n\n<p><a><\/a>De um lado, a Organiza\u00e7\u00e3o das Na\u00e7\u00f5es Unidas (ONU) instituiu oficialmente, em 2018, o Dia Internacional da Educa\u00e7\u00e3o em 24 de janeiro. De outro, o dia 28 de abril segue amplamente reconhecido como Dia Mundial da Educa\u00e7\u00e3o, em refer\u00eancia ao F\u00f3rum Mundial de Educa\u00e7\u00e3o de Dakar, realizado em 2000. Neste encontro hist\u00f3rico, organizado pela UNESCO, representantes de 164 pa\u00edses firmaram a chamada Declara\u00e7\u00e3o de Dakar, refor\u00e7ando o compromisso com metas como a universaliza\u00e7\u00e3o do ensino b\u00e1sico, a amplia\u00e7\u00e3o da alfabetiza\u00e7\u00e3o e a promo\u00e7\u00e3o da igualdade de g\u00eanero na educa\u00e7\u00e3o. J\u00e1 o 24 de janeiro, data oficial da ONU, tem como prop\u00f3sito destacar o papel da educa\u00e7\u00e3o na promo\u00e7\u00e3o da paz, do desenvolvimento sustent\u00e1vel e dos direitos humanos. No Brasil, o calend\u00e1rio ganha um terceiro motivo de celebra\u00e7\u00e3o: o Dia Nacional da Educa\u00e7\u00e3o \u00e9 celebrado em 28 de abril, em homenagem ao educador An\u00edsio Teixeira, reconhecido por sua defesa da escola p\u00fablica de qualidade.<\/p>\n\n\n\n<p>Aproveitando essas m\u00faltiplas refer\u00eancias, destacamos nesta edi\u00e7\u00e3o do boletim da Sociedade Brasileira de F\u00edsica (SBF) nosso amplo e cont\u00ednuo conjunto de iniciativas voltadas \u00e0 educa\u00e7\u00e3o e \u00e0 forma\u00e7\u00e3o continuada em F\u00edsica. Entre elas, destacam-se os programas de p\u00f3s-gradua\u00e7\u00e3o, como o Mestrado Nacional Profissional em Ensino de F\u00edsica (MNPEF) e o Doutorado, que buscam qualificar professores da educa\u00e7\u00e3o b\u00e1sica e fortalecer a pesquisa na \u00e1rea de ensino. Tais iniciativas t\u00eam papel estrat\u00e9gico ao aproximar universidade e escola, promovendo a atualiza\u00e7\u00e3o pedag\u00f3gica e cient\u00edfica de docentes em todo o pa\u00eds.<\/p>\n\n\n\n<p>No campo da educa\u00e7\u00e3o b\u00e1sica, a SBF coordena duas das principais olimp\u00edadas cient\u00edficas do Brasil: a Olimp\u00edada Brasileira de F\u00edsica (OBF) e a Olimp\u00edada Brasileira de F\u00edsica das Escolas P\u00fablicas (OBFEP). Ambas estimulam o interesse de estudantes pela ci\u00eancia, identificam talentos e contribuem para a melhoria do ensino ao propor desafios que v\u00e3o al\u00e9m do curr\u00edculo tradicional.<\/p>\n\n\n\n<p>A forma\u00e7\u00e3o continuada tamb\u00e9m \u00e9 contemplada por meio de webminicursos, semin\u00e1rios e workshops, que abordam desde conte\u00fados espec\u00edficos da F\u00edsica at\u00e9 metodologias de ensino. Essas atividades, muitas vezes gratuitas e acess\u00edveis online, ampliam o alcance da SBF e democratizam o acesso ao conhecimento.<\/p>\n\n\n\n<p>Outro destaque \u00e9 o Encontro de Pesquisa em Ensino de F\u00edsica (EPEF), um dos principais eventos acad\u00eamicos da \u00e1rea no pa\u00eds, que re\u00fane pesquisadores, professores e estudantes para discutir avan\u00e7os, desafios e tend\u00eancias no ensino de F\u00edsica, consolidando um espa\u00e7o de troca e constru\u00e7\u00e3o coletiva.<\/p>\n\n\n\n<p>No \u00e2mbito da inicia\u00e7\u00e3o cient\u00edfica e da forma\u00e7\u00e3o de jovens talentos, o programa BTP (Bolsas de Treinamento e Pesquisa) oferece oportunidades para estudantes se envolverem precocemente com a pesquisa, contribuindo para a renova\u00e7\u00e3o da comunidade cient\u00edfica.<\/p>\n\n\n\n<p>A divulga\u00e7\u00e3o cient\u00edfica e o apoio ao professor tamb\u00e9m s\u00e3o fortalecidos por publica\u00e7\u00f5es como a revista F\u00edsica na Escola, que traz artigos, experimentos e reflex\u00f5es voltadas ao cotidiano da sala de aula. J\u00e1 o Portal P\u00edon funciona como um reposit\u00f3rio digital de conte\u00fados did\u00e1ticos, materiais de apoio e recursos educacionais, facilitando o acesso de professores e estudantes a ferramentas de ensino.<\/p>\n\n\n\n<p>A SBF tamb\u00e9m apoia iniciativas internacionais, como o International Particle Physics Outreach Group (IPPOG), que promove a divulga\u00e7\u00e3o da f\u00edsica de part\u00edculas em escala global, conectando o Brasil a redes internacionais de educa\u00e7\u00e3o cient\u00edfica.<\/p>\n\n\n\n<p>Por fim, mas n\u00e3o menos importante, a SBF, em parceria com o CNPq e a CAPES, realiza o Programa Brasileiro de Professores no CERN (Conselho Europeu de Pesquisa Nuclear, na sigla em franc\u00eas), que busca aproximar a educa\u00e7\u00e3o b\u00e1sica p\u00fablica da ci\u00eancia de ponta. Neste ano, a iniciativa selecionou 24 professores de F\u00edsica de todo o pa\u00eds para uma imers\u00e3o em um dos mais prestigiados centros de pesquisa cient\u00edfica do mundo. Al\u00e9m de equidade de g\u00eanero, com reserva m\u00ednima de 50% para mulheres, a sele\u00e7\u00e3o garantiu diversidade regional, com limite de uma vaga por unidade da federa\u00e7\u00e3o. Dessa forma, o programa colabora com a forma\u00e7\u00e3o continuada de professores da rede p\u00fablica de todo o pa\u00eds.<\/p>\n\n\n\n<p><a><\/a>Em meio \u00e0s diversas datas que celebram a import\u00e2ncia da educa\u00e7\u00e3o para o desenvolvimento social e humano, sua valoriza\u00e7\u00e3o vai al\u00e9m de um gesto simb\u00f3lico. Essas ocasi\u00f5es reafirmam nosso compromisso de reconhecer que a educa\u00e7\u00e3o n\u00e3o deve ser prestigiada em um \u00fanico dia. Ela precisa ser promovida, fortalecida e defendida cotidianamente.<\/p>\n","protected":false},"excerpt":{"rendered":"<p>Esta semana, muita gente teve uma d\u00favida aparentemente prosaica: afinal, quando se comemora o dia da educa\u00e7\u00e3o? Em 24 de janeiro? Ou em 28 de abril? A verdade \u00e9 que as duas datas s\u00e3o v\u00e1lidas. De um lado, a Organiza\u00e7\u00e3o das Na\u00e7\u00f5es Unidas (ONU) instituiu oficialmente, em 2018, o Dia Internacional da Educa\u00e7\u00e3o em 24 [&hellip;]<\/p>\n","protected":false},"author":12,"featured_media":31419,"comment_status":"open","ping_status":"open","sticky":false,"template":"","format":"standard","meta":{"footnotes":""},"categories":[530],"tags":[1811,308,671,255],"class_list":["post-31418","post","type-post","status-publish","format-standard","has-post-thumbnail","hentry","category-ensino-de-fisica","tag-dia-mundial-da-educacao","tag-ensino-de-fisica","tag-fisica-na-escola","tag-sbf"],"aioseo_notices":[],"_links":{"self":[{"href":"https:\/\/www.sbfisica.org.br\/v1\/sbf\/wp-json\/wp\/v2\/posts\/31418","targetHints":{"allow":["GET"]}}],"collection":[{"href":"https:\/\/www.sbfisica.org.br\/v1\/sbf\/wp-json\/wp\/v2\/posts"}],"about":[{"href":"https:\/\/www.sbfisica.org.br\/v1\/sbf\/wp-json\/wp\/v2\/types\/post"}],"author":[{"embeddable":true,"href":"https:\/\/www.sbfisica.org.br\/v1\/sbf\/wp-json\/wp\/v2\/users\/12"}],"replies":[{"embeddable":true,"href":"https:\/\/www.sbfisica.org.br\/v1\/sbf\/wp-json\/wp\/v2\/comments?post=31418"}],"version-history":[{"count":1,"href":"https:\/\/www.sbfisica.org.br\/v1\/sbf\/wp-json\/wp\/v2\/posts\/31418\/revisions"}],"predecessor-version":[{"id":31420,"href":"https:\/\/www.sbfisica.org.br\/v1\/sbf\/wp-json\/wp\/v2\/posts\/31418\/revisions\/31420"}],"wp:featuredmedia":[{"embeddable":true,"href":"https:\/\/www.sbfisica.org.br\/v1\/sbf\/wp-json\/wp\/v2\/media\/31419"}],"wp:attachment":[{"href":"https:\/\/www.sbfisica.org.br\/v1\/sbf\/wp-json\/wp\/v2\/media?parent=31418"}],"wp:term":[{"taxonomy":"category","embeddable":true,"href":"https:\/\/www.sbfisica.org.br\/v1\/sbf\/wp-json\/wp\/v2\/categories?post=31418"},{"taxonomy":"post_tag","embeddable":true,"href":"https:\/\/www.sbfisica.org.br\/v1\/sbf\/wp-json\/wp\/v2\/tags?post=31418"}],"curies":[{"name":"wp","href":"https:\/\/api.w.org\/{rel}","templated":true}]}}