{"id":31407,"date":"2026-05-01T11:43:18","date_gmt":"2026-05-01T14:43:18","guid":{"rendered":"https:\/\/www.sbfisica.org.br\/v1\/sbf\/?p=31407"},"modified":"2026-05-01T11:43:19","modified_gmt":"2026-05-01T14:43:19","slug":"espirito-santo-tem-premio-para-teses-de-doutorado-em-fisica","status":"publish","type":"post","link":"https:\/\/www.sbfisica.org.br\/v1\/sbf\/espirito-santo-tem-premio-para-teses-de-doutorado-em-fisica\/","title":{"rendered":"Esp\u00edrito Santo tem pr\u00eamio para teses de doutorado em F\u00edsica"},"content":{"rendered":"\n<p>As pessoas associadas \u00e0 SBF que defenderam suas teses em p\u00f3s-gradua\u00e7\u00f5es em F\u00edsica e \u00e1reas afins podem se inscrever no primeiro Pr\u00eamio de Melhor Tese de Doutorado em F\u00edsica do Esp\u00edrito Santo. O pr\u00eamio \u00e9 uma cria\u00e7\u00e3o da Secretaria de Divis\u00e3o Estadual do Esp\u00edrito Santo da Sociedade Brasileira de F\u00edsica (SBF-ES).<\/p>\n\n\n\n<p>As inscri\u00e7\u00f5es est\u00e3o abertas desde esta semana e podem ser realizadas at\u00e9 o dia 1 de julho. A iniciativa visa prestigiar quem faz pesquisa em territ\u00f3rio capixaba e expandir o raio de divulga\u00e7\u00e3o da ci\u00eancia produzida nas institui\u00e7\u00f5es de ensino do Esp\u00edrito Santo.<\/p>\n\n\n\n<p>Dentre os crit\u00e9rios avaliados pela comiss\u00e3o respons\u00e1vel est\u00e3o a originalidade do trabalho, a comprova\u00e7\u00e3o do impacto cient\u00edfico, potencial de aplica\u00e7\u00e3o ou transfer\u00eancia tecnol\u00f3gica e contribui\u00e7\u00e3o para o avan\u00e7o do conhecimento em F\u00edsica.<\/p>\n\n\n\n<p>Para mais detalhes, basta acessar a p\u00e1gina oficial do evento pelo endere\u00e7o <a href=\"http:\/\/bit.ly\/premio-teses-sbf-es\" title=\"\">bit.ly\/premio-teses-sbf-es<\/a> e baixar o regulamento do pr\u00eamio. D\u00favidas podem ser enviadas para o e-mail <a href=\"mailto:secretaria.es@sbfisica.org.br\">secretaria.es@sbfisica.org.br<\/a>.<\/p>\n\n\n\n<p><strong>Por Frederico S. M. de Carvalho<\/strong><\/p>\n","protected":false},"excerpt":{"rendered":"<p>As pessoas associadas \u00e0 SBF que defenderam suas teses em p\u00f3s-gradua\u00e7\u00f5es em F\u00edsica e \u00e1reas afins podem se inscrever no primeiro Pr\u00eamio de Melhor Tese de Doutorado em F\u00edsica do Esp\u00edrito Santo. O pr\u00eamio \u00e9 uma cria\u00e7\u00e3o da Secretaria de Divis\u00e3o Estadual do Esp\u00edrito Santo da Sociedade Brasileira de F\u00edsica (SBF-ES). As inscri\u00e7\u00f5es est\u00e3o abertas [&hellip;]<\/p>\n","protected":false},"author":12,"featured_media":31408,"comment_status":"open","ping_status":"open","sticky":false,"template":"","format":"standard","meta":{"footnotes":""},"categories":[127],"tags":[1458,513,1802,1804],"class_list":["post-31407","post","type-post","status-publish","format-standard","has-post-thumbnail","hentry","category-acontece-na-sbf","tag-espirito-santo","tag-premios-sbf","tag-sbf-es","tag-secretaria-de-divisao-estadual-do-espirito-santo"],"aioseo_notices":[],"_links":{"self":[{"href":"https:\/\/www.sbfisica.org.br\/v1\/sbf\/wp-json\/wp\/v2\/posts\/31407","targetHints":{"allow":["GET"]}}],"collection":[{"href":"https:\/\/www.sbfisica.org.br\/v1\/sbf\/wp-json\/wp\/v2\/posts"}],"about":[{"href":"https:\/\/www.sbfisica.org.br\/v1\/sbf\/wp-json\/wp\/v2\/types\/post"}],"author":[{"embeddable":true,"href":"https:\/\/www.sbfisica.org.br\/v1\/sbf\/wp-json\/wp\/v2\/users\/12"}],"replies":[{"embeddable":true,"href":"https:\/\/www.sbfisica.org.br\/v1\/sbf\/wp-json\/wp\/v2\/comments?post=31407"}],"version-history":[{"count":1,"href":"https:\/\/www.sbfisica.org.br\/v1\/sbf\/wp-json\/wp\/v2\/posts\/31407\/revisions"}],"predecessor-version":[{"id":31409,"href":"https:\/\/www.sbfisica.org.br\/v1\/sbf\/wp-json\/wp\/v2\/posts\/31407\/revisions\/31409"}],"wp:featuredmedia":[{"embeddable":true,"href":"https:\/\/www.sbfisica.org.br\/v1\/sbf\/wp-json\/wp\/v2\/media\/31408"}],"wp:attachment":[{"href":"https:\/\/www.sbfisica.org.br\/v1\/sbf\/wp-json\/wp\/v2\/media?parent=31407"}],"wp:term":[{"taxonomy":"category","embeddable":true,"href":"https:\/\/www.sbfisica.org.br\/v1\/sbf\/wp-json\/wp\/v2\/categories?post=31407"},{"taxonomy":"post_tag","embeddable":true,"href":"https:\/\/www.sbfisica.org.br\/v1\/sbf\/wp-json\/wp\/v2\/tags?post=31407"}],"curies":[{"name":"wp","href":"https:\/\/api.w.org\/{rel}","templated":true}]}}