{"id":31405,"date":"2026-05-01T11:22:59","date_gmt":"2026-05-01T14:22:59","guid":{"rendered":"https:\/\/www.sbfisica.org.br\/v1\/sbf\/?p=31405"},"modified":"2026-05-01T11:23:00","modified_gmt":"2026-05-01T14:23:00","slug":"premio-carolina-nemes-nao-tem-vencedora","status":"publish","type":"post","link":"https:\/\/www.sbfisica.org.br\/v1\/sbf\/premio-carolina-nemes-nao-tem-vencedora\/","title":{"rendered":"Pr\u00eamio Carolina Nemes n\u00e3o tem vencedora"},"content":{"rendered":"\n<p>A Sociedade Brasileira de F\u00edsica (SBF) informa que, na edi\u00e7\u00e3o de 2026 do Pr\u00eamio Carolina Nemes, n\u00e3o haver\u00e1 concess\u00e3o de premia\u00e7\u00e3o. Ap\u00f3s avalia\u00e7\u00e3o, a Comiss\u00e3o Julgadora entendeu que a \u00fanica candidatura recebida nesta edi\u00e7\u00e3o n\u00e3o atendeu plenamente aos crit\u00e9rios estabelecidos no regulamento do pr\u00eamio, especialmente no que se refere \u00e0 contribui\u00e7\u00e3o significativa de seu trabalho de pesquisa para o avan\u00e7o da f\u00edsica ou do ensino de f\u00edsica no Pa\u00eds.<\/p>\n\n\n\n<p>A SBF reafirma seu compromisso com a promo\u00e7\u00e3o da participa\u00e7\u00e3o e do reconhecimento de mulheres na F\u00edsica brasileira e destaca a import\u00e2ncia do Pr\u00eamio Carolina Nemes como instrumento de valoriza\u00e7\u00e3o de jovens cientistas, incentivando a ampla participa\u00e7\u00e3o nas pr\u00f3ximas edi\u00e7\u00f5es.<\/p>\n\n\n\n<p>O Pr\u00eamio<\/p>\n\n\n\n<p>O Pr\u00eamio Carolina Nemes foi criado em homenagem \u00e0 f\u00edsica Maria Carolina Nemes (1953\u20132013), professora da UFMG, reconhecida internacionalmente por suas contribui\u00e7\u00f5es cient\u00edficas e por sua atua\u00e7\u00e3o na forma\u00e7\u00e3o de pesquisadores. Foi tamb\u00e9m a primeira mulher a obter a habilita\u00e7\u00e3o em Ci\u00eancias Naturais (Dr. rer. nat. habil.) pela Universidade de Heidelberg, na Alemanha.<\/p>\n\n\n\n<p>Na Alemanha, a habilita\u00e7\u00e3o (Habilitation) \u00e9 uma qualifica\u00e7\u00e3o acad\u00eamica de n\u00edvel superior ao doutorado, sem equivalente direto no sistema brasileiro e representa um dos mais altos n\u00edveis de qualifica\u00e7\u00e3o universit\u00e1ria do pa\u00eds. Ela atesta \u00e0 pessoa reconhecida a capacidade de atua\u00e7\u00e3o acad\u00eamica em pesquisa, ensino e forma\u00e7\u00e3o de novos pesquisadores.<\/p>\n\n\n\n<p>Inspirada nessa trajet\u00f3ria, a SBF instituiu o Pr\u00eamio Carolina Nemes com o objetivo de reconhecer cientistas mulheres em in\u00edcio de carreira \u2014 com doutorado conclu\u00eddo h\u00e1 menos de 10 anos \u2014 que se destaquem por suas contribui\u00e7\u00f5es \u00e0 pesquisa em F\u00edsica. A iniciativa busca ampliar a visibilidade dessas pesquisadoras e valorizar sua excel\u00eancia junto \u00e0 comunidade cient\u00edfica e \u00e0 sociedade brasileira.<\/p>\n\n\n\n<p>Caso deseje se inscrever ou recomendar alguma pesquisadora para a premia\u00e7\u00e3o de 2027, leia atentamente o regulamento dispon\u00edvel para download na p\u00e1gina oficial do pr\u00eamio. O per\u00edodo de inscri\u00e7\u00e3o ao Pr\u00eamio Carolina Nemes 2027 ser\u00e1 divulgado no site da SBF e nas redes sociais. D\u00favidas podem ser encaminhadas ao endere\u00e7o <a href=\"mailto:premiocarolinanemes@sbfisica.org.br\">premiocarolinanemes@sbfisica.org.br<\/a>.<\/p>\n\n\n\n<p><strong>Por Marcelo L. Lyra e Frederico S. M. de Carvalho<\/strong><\/p>\n","protected":false},"excerpt":{"rendered":"<p>A Sociedade Brasileira de F\u00edsica (SBF) informa que, na edi\u00e7\u00e3o de 2026 do Pr\u00eamio Carolina Nemes, n\u00e3o haver\u00e1 concess\u00e3o de premia\u00e7\u00e3o. Ap\u00f3s avalia\u00e7\u00e3o, a Comiss\u00e3o Julgadora entendeu que a \u00fanica candidatura recebida nesta edi\u00e7\u00e3o n\u00e3o atendeu plenamente aos crit\u00e9rios estabelecidos no regulamento do pr\u00eamio, especialmente no que se refere \u00e0 contribui\u00e7\u00e3o significativa de seu trabalho [&hellip;]<\/p>\n","protected":false},"author":12,"featured_media":19865,"comment_status":"open","ping_status":"open","sticky":false,"template":"","format":"standard","meta":{"footnotes":""},"categories":[127],"tags":[437,591,513],"class_list":["post-31405","post","type-post","status-publish","format-standard","has-post-thumbnail","hentry","category-acontece-na-sbf","tag-mulheres-na-ciencia","tag-premio-carolina-nemes","tag-premios-sbf"],"aioseo_notices":[],"_links":{"self":[{"href":"https:\/\/www.sbfisica.org.br\/v1\/sbf\/wp-json\/wp\/v2\/posts\/31405","targetHints":{"allow":["GET"]}}],"collection":[{"href":"https:\/\/www.sbfisica.org.br\/v1\/sbf\/wp-json\/wp\/v2\/posts"}],"about":[{"href":"https:\/\/www.sbfisica.org.br\/v1\/sbf\/wp-json\/wp\/v2\/types\/post"}],"author":[{"embeddable":true,"href":"https:\/\/www.sbfisica.org.br\/v1\/sbf\/wp-json\/wp\/v2\/users\/12"}],"replies":[{"embeddable":true,"href":"https:\/\/www.sbfisica.org.br\/v1\/sbf\/wp-json\/wp\/v2\/comments?post=31405"}],"version-history":[{"count":1,"href":"https:\/\/www.sbfisica.org.br\/v1\/sbf\/wp-json\/wp\/v2\/posts\/31405\/revisions"}],"predecessor-version":[{"id":31406,"href":"https:\/\/www.sbfisica.org.br\/v1\/sbf\/wp-json\/wp\/v2\/posts\/31405\/revisions\/31406"}],"wp:featuredmedia":[{"embeddable":true,"href":"https:\/\/www.sbfisica.org.br\/v1\/sbf\/wp-json\/wp\/v2\/media\/19865"}],"wp:attachment":[{"href":"https:\/\/www.sbfisica.org.br\/v1\/sbf\/wp-json\/wp\/v2\/media?parent=31405"}],"wp:term":[{"taxonomy":"category","embeddable":true,"href":"https:\/\/www.sbfisica.org.br\/v1\/sbf\/wp-json\/wp\/v2\/categories?post=31405"},{"taxonomy":"post_tag","embeddable":true,"href":"https:\/\/www.sbfisica.org.br\/v1\/sbf\/wp-json\/wp\/v2\/tags?post=31405"}],"curies":[{"name":"wp","href":"https:\/\/api.w.org\/{rel}","templated":true}]}}