{"id":31268,"date":"2026-04-22T13:47:53","date_gmt":"2026-04-22T16:47:53","guid":{"rendered":"https:\/\/www.sbfisica.org.br\/v1\/sbf\/?p=31268"},"modified":"2026-04-24T13:26:15","modified_gmt":"2026-04-24T16:26:15","slug":"reuniao-aberta-do-observatorio-didatico-de-astronomia-da-unesp","status":"publish","type":"post","link":"https:\/\/www.sbfisica.org.br\/v1\/sbf\/reuniao-aberta-do-observatorio-didatico-de-astronomia-da-unesp\/","title":{"rendered":"Reuni\u00e3o do Observat\u00f3rio da Unesp discute Astronomia e narrativas infantis"},"content":{"rendered":"\n<p>Nesta 4a Reuni\u00e3o aberta do Observat\u00f3rio Did\u00e1tico de Astronomia (Roda), de tema &#8220;Astronomia e Narrativas Infantis&#8221;, o monitor Observat\u00f3rio Did\u00e1tico de Astronomia da Unesp Diego Bragagnolo apresentar\u00e1 a pesquisa desenvolvida em n\u00edvel de qualifica\u00e7\u00e3o de mestrado, com foco no percurso investigativo, nas escolhas metodol\u00f3gicas e nas experi\u00eancias realizadas com crian\u00e7as em atividades de Astronomia. A proposta \u00e9 compartilhar como emergem as narrativas infantis nesses contextos, especialmente em situa\u00e7\u00f5es de observa\u00e7\u00e3o, e o que elas revelam sobre os modos de pensar das crian\u00e7as acerca do c\u00e9u e do universo, entre perguntas curiosas, hip\u00f3teses inesperadas e interpreta\u00e7\u00f5es cheias de imagina\u00e7\u00e3o.<\/p>\n\n\n\n<p>A apresenta\u00e7\u00e3o, com um olhar sens\u00edvel para a escuta e para a experi\u00eancia das crian\u00e7as, convida o p\u00fablico a acompanhar esses encontros com o c\u00e9u, em que ci\u00eancia e imagina\u00e7\u00e3o caminham juntas, e ser\u00e1 transmitida ao vivo no <a href=\"http:\/\/www.youtube.com\/playlist?list=PLDxGML1s2NTZJZZNe5ZawWeSydK7ZjBlW\" title=\"\">canal do observat\u00f3rio<\/a>. A  Roda \u00e9 um evento gratuito e aberto \u00e0 comunidade, com o objetivo de socializar a produ\u00e7\u00e3o do conhecimento cient\u00edfico constru\u00eddo dentro da Universidade, especificamente pelos membros da Equipe do nosso Observat\u00f3rio. A cada RODA, um membro diferente da Equipe apresenta a sua pesquisa ou projeto desenvolvido ou em desenvolvimento.<\/p>\n\n\n\n<p>N\u00e3o \u00e9 preciso se inscrever e sua participa\u00e7\u00e3o pode ser presencial ou pelo canal do Youtube do Observat\u00f3rio com transmiss\u00e3o ao vivo. Acesse a playlist da RODA:\u00a0<a href=\"https:\/\/www.youtube.com\/playlist?list=PLDxGML1s2NTZJZZNe5ZawWeSydK7ZjBlW\" target=\"_blank\" rel=\"noreferrer noopener\">www.youtube.com\/playlist?list=PLDxGML1s2NTZJZZNe5ZawWeSydK7ZjBlW<\/a>.<\/p>\n\n\n\n<p>Se puder assistir presencialmente, \u00e9 s\u00f3 comparecer \u00e0 sala 63 do Campus da Unesp Bauru, amanh\u00e3, dia 23\/04, \u00e0s 18h.<\/p>\n\n\n\n<h2 class=\"wp-block-heading\">Informa\u00e7\u00f5es<\/h2>\n\n\n\n<ul class=\"wp-block-list\">\n<li><strong>O qu\u00ea:<\/strong> 4a Reuni\u00e3o aberta do Observat\u00f3rio Did\u00e1tico de Astronomia<\/li>\n\n\n\n<li><strong>Quando: <\/strong>23\/04, \u00e0s 18h.<\/li>\n\n\n\n<li><strong>Onde: <\/strong>sala 63 do Campus Unesp Bauru ou online, no Youtube (<a href=\"https:\/\/www.youtube.com\/playlist?list=PLDxGML1s2NTZJZZNe5ZawWeSydK7ZjBlW\" target=\"_blank\" rel=\"noreferrer noopener\">www.youtube.com\/playlist?list=PLDxGML1s2NTZJZZNe5ZawWeSydK7ZjBlW<\/a>)<\/li>\n<\/ul>\n\n\n\n<p><strong>(Edi\u00e7\u00e3o: Frederico S. M. de Carvalho)<\/strong><\/p>\n","protected":false},"excerpt":{"rendered":"<p>Nesta 4a Reuni\u00e3o aberta do Observat\u00f3rio Did\u00e1tico de Astronomia (Roda), de tema &#8220;Astronomia e Narrativas Infantis&#8221;, o monitor Observat\u00f3rio Did\u00e1tico de Astronomia da Unesp Diego Bragagnolo apresentar\u00e1 a pesquisa desenvolvida em n\u00edvel de qualifica\u00e7\u00e3o de mestrado, com foco no percurso investigativo, nas escolhas metodol\u00f3gicas e nas experi\u00eancias realizadas com crian\u00e7as em atividades de Astronomia. A [&hellip;]<\/p>\n","protected":false},"author":12,"featured_media":31269,"comment_status":"open","ping_status":"open","sticky":false,"template":"","format":"standard","meta":{"footnotes":""},"categories":[461],"tags":[939,308,429],"class_list":["post-31268","post","type-post","status-publish","format-standard","has-post-thumbnail","hentry","category-eventos","tag-astronomia","tag-ensino-de-fisica","tag-unesp"],"aioseo_notices":[],"_links":{"self":[{"href":"https:\/\/www.sbfisica.org.br\/v1\/sbf\/wp-json\/wp\/v2\/posts\/31268","targetHints":{"allow":["GET"]}}],"collection":[{"href":"https:\/\/www.sbfisica.org.br\/v1\/sbf\/wp-json\/wp\/v2\/posts"}],"about":[{"href":"https:\/\/www.sbfisica.org.br\/v1\/sbf\/wp-json\/wp\/v2\/types\/post"}],"author":[{"embeddable":true,"href":"https:\/\/www.sbfisica.org.br\/v1\/sbf\/wp-json\/wp\/v2\/users\/12"}],"replies":[{"embeddable":true,"href":"https:\/\/www.sbfisica.org.br\/v1\/sbf\/wp-json\/wp\/v2\/comments?post=31268"}],"version-history":[{"count":2,"href":"https:\/\/www.sbfisica.org.br\/v1\/sbf\/wp-json\/wp\/v2\/posts\/31268\/revisions"}],"predecessor-version":[{"id":31326,"href":"https:\/\/www.sbfisica.org.br\/v1\/sbf\/wp-json\/wp\/v2\/posts\/31268\/revisions\/31326"}],"wp:featuredmedia":[{"embeddable":true,"href":"https:\/\/www.sbfisica.org.br\/v1\/sbf\/wp-json\/wp\/v2\/media\/31269"}],"wp:attachment":[{"href":"https:\/\/www.sbfisica.org.br\/v1\/sbf\/wp-json\/wp\/v2\/media?parent=31268"}],"wp:term":[{"taxonomy":"category","embeddable":true,"href":"https:\/\/www.sbfisica.org.br\/v1\/sbf\/wp-json\/wp\/v2\/categories?post=31268"},{"taxonomy":"post_tag","embeddable":true,"href":"https:\/\/www.sbfisica.org.br\/v1\/sbf\/wp-json\/wp\/v2\/tags?post=31268"}],"curies":[{"name":"wp","href":"https:\/\/api.w.org\/{rel}","templated":true}]}}