{"id":30960,"date":"2026-03-31T16:50:16","date_gmt":"2026-03-31T19:50:16","guid":{"rendered":"https:\/\/www.sbfisica.org.br\/v1\/sbf\/?p=30960"},"modified":"2026-03-31T16:50:17","modified_gmt":"2026-03-31T19:50:17","slug":"2o-pint-of-physics-de-brasilia-em-17-de-abril","status":"publish","type":"post","link":"https:\/\/www.sbfisica.org.br\/v1\/sbf\/2o-pint-of-physics-de-brasilia-em-17-de-abril\/","title":{"rendered":"2\u00ba Pint of Physics de Bras\u00edlia, em 17 de abril"},"content":{"rendered":"\n<p>O Centro Internacional&nbsp;de&nbsp;F\u00edsica (CIF) e o Instituto de F\u00edsica da Universidade&nbsp;de&nbsp;Bras\u00edlia (UnB) realizar\u00e3o no dia 17 de abril (sexta-feira), \u00e0s 18:30, o 2\u00ba Pint of Physics de Bras\u00edlia, que homenagear\u00e1 o m\u00eas mundial de Astronomia com com duas palestras:<\/p>\n\n\n\n<ol start=\"1\" class=\"wp-block-list\">\n<li>Estrelas de N\u00eautrons e os extremos da mat\u00e9ria, por Prof. Jonas Pedro Pereira (IF &#8211; UnB)<\/li>\n\n\n\n<li>Buracos negros nas ondas de r\u00e1dio, por Prof. Ciriaco Goddi (IAG &#8211; USP)<\/li>\n<\/ol>\n\n\n\n<p>O objetivo das palestras ser\u00e1 introduzir esses conceitos para um p\u00fablico leigo, e depois comentar as \u00faltimas descobertas para estudantes e professores de F\u00edsica e \u00e1reas afins.<\/p>\n\n\n\n<p>O&nbsp;evento ocorrer\u00e1 na livraria e restaurante Sebinho (Com\u00e9rcio Local Norte 406, Bloco C, Loja 44 &#8211; Asa Norte, Bras\u00edlia), ser\u00e1 aberto ao p\u00fablico e ser\u00e1 transmitido online pelo canal do CIF no Youtube:&nbsp;<a href=\"https:\/\/www.youtube.com\/@cifunb\" target=\"_blank\" rel=\"noreferrer noopener\">https:\/\/www.youtube.com\/@cifunb<\/a>.<\/p>\n\n\n\n<p>Maiores informa\u00e7\u00f5es em&nbsp;<a href=\"https:\/\/www.cif.unb.br\/en\/pp\" target=\"_blank\" rel=\"noreferrer noopener\">https:\/\/www.cif.unb.br\/en\/pp<\/a>&nbsp;e&nbsp;<a rel=\"noreferrer noopener\" href=\"https:\/\/www.instagram.com\/cif.unb\" target=\"_blank\">https:\/\/www.instagram.com\/cif.unb<\/a><\/p>\n\n\n\n<figure class=\"wp-block-image size-large\"><img fetchpriority=\"high\" decoding=\"async\" width=\"724\" height=\"1024\" src=\"https:\/\/www.sbfisica.org.br\/v1\/sbf\/wp-content\/uploads\/2026\/03\/2pint-724x1024.jpg\" alt=\"\" class=\"wp-image-30961\"\/><\/figure>\n","protected":false},"excerpt":{"rendered":"<p>O Centro Internacional&nbsp;de&nbsp;F\u00edsica (CIF) e o Instituto de F\u00edsica da Universidade&nbsp;de&nbsp;Bras\u00edlia (UnB) realizar\u00e3o no dia 17 de abril (sexta-feira), \u00e0s 18:30, o 2\u00ba Pint of Physics de Bras\u00edlia, que homenagear\u00e1 o m\u00eas mundial de Astronomia com com duas palestras: O objetivo das palestras ser\u00e1 introduzir esses conceitos para um p\u00fablico leigo, e depois comentar as [&hellip;]<\/p>\n","protected":false},"author":4,"featured_media":16567,"comment_status":"open","ping_status":"open","sticky":false,"template":"","format":"standard","meta":{"footnotes":""},"categories":[461],"tags":[],"class_list":["post-30960","post","type-post","status-publish","format-standard","has-post-thumbnail","hentry","category-eventos"],"aioseo_notices":[],"_links":{"self":[{"href":"https:\/\/www.sbfisica.org.br\/v1\/sbf\/wp-json\/wp\/v2\/posts\/30960","targetHints":{"allow":["GET"]}}],"collection":[{"href":"https:\/\/www.sbfisica.org.br\/v1\/sbf\/wp-json\/wp\/v2\/posts"}],"about":[{"href":"https:\/\/www.sbfisica.org.br\/v1\/sbf\/wp-json\/wp\/v2\/types\/post"}],"author":[{"embeddable":true,"href":"https:\/\/www.sbfisica.org.br\/v1\/sbf\/wp-json\/wp\/v2\/users\/4"}],"replies":[{"embeddable":true,"href":"https:\/\/www.sbfisica.org.br\/v1\/sbf\/wp-json\/wp\/v2\/comments?post=30960"}],"version-history":[{"count":1,"href":"https:\/\/www.sbfisica.org.br\/v1\/sbf\/wp-json\/wp\/v2\/posts\/30960\/revisions"}],"predecessor-version":[{"id":30962,"href":"https:\/\/www.sbfisica.org.br\/v1\/sbf\/wp-json\/wp\/v2\/posts\/30960\/revisions\/30962"}],"wp:featuredmedia":[{"embeddable":true,"href":"https:\/\/www.sbfisica.org.br\/v1\/sbf\/wp-json\/wp\/v2\/media\/16567"}],"wp:attachment":[{"href":"https:\/\/www.sbfisica.org.br\/v1\/sbf\/wp-json\/wp\/v2\/media?parent=30960"}],"wp:term":[{"taxonomy":"category","embeddable":true,"href":"https:\/\/www.sbfisica.org.br\/v1\/sbf\/wp-json\/wp\/v2\/categories?post=30960"},{"taxonomy":"post_tag","embeddable":true,"href":"https:\/\/www.sbfisica.org.br\/v1\/sbf\/wp-json\/wp\/v2\/tags?post=30960"}],"curies":[{"name":"wp","href":"https:\/\/api.w.org\/{rel}","templated":true}]}}