{"id":30959,"date":"2026-03-31T21:16:03","date_gmt":"2026-04-01T00:16:03","guid":{"rendered":"https:\/\/www.sbfisica.org.br\/v1\/sbf\/?p=30959"},"modified":"2026-04-01T17:44:17","modified_gmt":"2026-04-01T20:44:17","slug":"abertas-candidatura-as-divisoes-estaduais-e-regionais-da-sbf","status":"publish","type":"post","link":"https:\/\/www.sbfisica.org.br\/v1\/sbf\/abertas-candidatura-as-divisoes-estaduais-e-regionais-da-sbf\/","title":{"rendered":"Abertas candidaturas \u00e0s Divis\u00f5es Estaduais e Regionais da SBF"},"content":{"rendered":"\n<p>A Sociedade Brasileira de F\u00edsica (SBF) publicou no dia de hoje (31\/3) a chamada p\u00fablica \u00e0s candidaturas para forma\u00e7\u00e3o das Divis\u00f5es Estaduais e Regionais da SBF. As duplas selecionadas atuar\u00e3o durante dois anos como representantes da institui\u00e7\u00e3o em suas respectivas regi\u00f5es, colaborando com a realiza\u00e7\u00e3o de atividades locais e servindo como ponte entre a SBF, profissionais de F\u00edsica e institui\u00e7\u00f5es regionais.<\/p>\n\n\n\n<p>Este ano, entre outras atividades, as Divis\u00f5es ser\u00e3o respons\u00e1veis pela recomenda\u00e7\u00e3o de nomes para compor a SBF Jovem. A iniciativa, <a href=\"https:\/\/www.sbfisica.org.br\/v1\/sbf\/sbf-quer-jovens-protagonistas-na-fisica-brasileira\/\" title=\"\">anunciada no ano passado<\/a>, faz parte de um conjunto de estrat\u00e9gias para estreitar o envolvimento da SBF com alunos de gradua\u00e7\u00e3o e p\u00f3s-gradua\u00e7\u00e3o em F\u00edsica e ampliar o contato com a comunidade acad\u00eamica e a sociedade.<\/p>\n\n\n\n<p>As candidaturas de cada regi\u00e3o ou estado devem ser submetidas por tr\u00eas pessoas associadas ativamente \u00e0 SBF, de ao menos duas institui\u00e7\u00f5es da regi\u00e3o ou estado da respectiva Divis\u00e3o. Duas das tr\u00eas pessoas que compuserem uma equipe de submiss\u00e3o devem ser inscritas como secret\u00e1ria(o) e secret\u00e1ria(o) adjunta(o). As propostas devem ser enviadas at\u00e9 o dia 27 de abril deste ano \u00e0 administra\u00e7\u00e3o da SBF pelo e-mail <a href=\"mailto:michele.melo@sbfisica.org.br\">michele.melo@sbfisica.org.br<\/a>. Os mandatos ser\u00e3o v\u00e1lidos de 1\u00ba de julho de 2026 at\u00e9 1\u00ba de julho de 2028.<\/p>\n\n\n\n<h2 class=\"wp-block-heading\">Datas Importantes<\/h2>\n\n\n\n<ul class=\"wp-block-list\">\n<li>Divulga\u00e7\u00e3o da Chamada Extraordin\u00e1ria \u2013 31 de mar\u00e7o de 2026.<\/li>\n\n\n\n<li>Submiss\u00e3o de candidaturas \u2013 at\u00e9 27 de abril de 2026.<\/li>\n\n\n\n<li>Submiss\u00e3o de Propostas \u2013 30 de abril 2026.<\/li>\n\n\n\n<li>Divulga\u00e7\u00e3o dos candidatos \u2013 a partir de 11 de maio de 2026.<\/li>\n\n\n\n<li>Elei\u00e7\u00f5es \u2013 25 de maio de 2026 a 15 de junho de 2026.<\/li>\n<\/ul>\n\n\n\n<h2 class=\"wp-block-heading\">Leia a chamada p\u00fablica na \u00edntegra<\/h2>\n\n\n\n<ul class=\"wp-block-list\">\n<li><a href=\"https:\/\/www.sbfisica.org.br\/v1\/sbf\/wp-content\/uploads\/2026\/04\/Chamada_Secretarias_2026.pdf\" title=\"\">Chamada para candidatura \u00e0s Divis\u00f5es Estaduais e Regionais<\/a>.<\/li>\n<\/ul>\n\n\n\n<p><strong>Por Frederico S. M. de Carvalho<\/strong><\/p>\n","protected":false},"excerpt":{"rendered":"<p>A Sociedade Brasileira de F\u00edsica (SBF) publicou no dia de hoje (31\/3) a chamada p\u00fablica \u00e0s candidaturas para forma\u00e7\u00e3o das Divis\u00f5es Estaduais e Regionais da SBF. As duplas selecionadas atuar\u00e3o durante dois anos como representantes da institui\u00e7\u00e3o em suas respectivas regi\u00f5es, colaborando com a realiza\u00e7\u00e3o de atividades locais e servindo como ponte entre a SBF, [&hellip;]<\/p>\n","protected":false},"author":12,"featured_media":30963,"comment_status":"open","ping_status":"open","sticky":false,"template":"","format":"standard","meta":{"footnotes":""},"categories":[127],"tags":[1101,1102,255,1209],"class_list":["post-30959","post","type-post","status-publish","format-standard","has-post-thumbnail","hentry","category-acontece-na-sbf","tag-divisoes-estaduais","tag-divisoes-regionais","tag-sbf","tag-sbf-jovem"],"aioseo_notices":[],"_links":{"self":[{"href":"https:\/\/www.sbfisica.org.br\/v1\/sbf\/wp-json\/wp\/v2\/posts\/30959","targetHints":{"allow":["GET"]}}],"collection":[{"href":"https:\/\/www.sbfisica.org.br\/v1\/sbf\/wp-json\/wp\/v2\/posts"}],"about":[{"href":"https:\/\/www.sbfisica.org.br\/v1\/sbf\/wp-json\/wp\/v2\/types\/post"}],"author":[{"embeddable":true,"href":"https:\/\/www.sbfisica.org.br\/v1\/sbf\/wp-json\/wp\/v2\/users\/12"}],"replies":[{"embeddable":true,"href":"https:\/\/www.sbfisica.org.br\/v1\/sbf\/wp-json\/wp\/v2\/comments?post=30959"}],"version-history":[{"count":7,"href":"https:\/\/www.sbfisica.org.br\/v1\/sbf\/wp-json\/wp\/v2\/posts\/30959\/revisions"}],"predecessor-version":[{"id":30995,"href":"https:\/\/www.sbfisica.org.br\/v1\/sbf\/wp-json\/wp\/v2\/posts\/30959\/revisions\/30995"}],"wp:featuredmedia":[{"embeddable":true,"href":"https:\/\/www.sbfisica.org.br\/v1\/sbf\/wp-json\/wp\/v2\/media\/30963"}],"wp:attachment":[{"href":"https:\/\/www.sbfisica.org.br\/v1\/sbf\/wp-json\/wp\/v2\/media?parent=30959"}],"wp:term":[{"taxonomy":"category","embeddable":true,"href":"https:\/\/www.sbfisica.org.br\/v1\/sbf\/wp-json\/wp\/v2\/categories?post=30959"},{"taxonomy":"post_tag","embeddable":true,"href":"https:\/\/www.sbfisica.org.br\/v1\/sbf\/wp-json\/wp\/v2\/tags?post=30959"}],"curies":[{"name":"wp","href":"https:\/\/api.w.org\/{rel}","templated":true}]}}