{"id":30762,"date":"2026-03-12T18:03:26","date_gmt":"2026-03-12T21:03:26","guid":{"rendered":"https:\/\/www.sbfisica.org.br\/v1\/sbf\/?p=30762"},"modified":"2026-03-12T18:03:27","modified_gmt":"2026-03-12T21:03:27","slug":"sbf-comparece-aos-25-anos-da-comissao-de-area-de-ensino-da-capes","status":"publish","type":"post","link":"https:\/\/www.sbfisica.org.br\/v1\/sbf\/sbf-comparece-aos-25-anos-da-comissao-de-area-de-ensino-da-capes\/","title":{"rendered":"SBF comparece aos 25 anos da Comiss\u00e3o de \u00c1rea de Ensino da Capes"},"content":{"rendered":"\n<p>Sociedades representantes de profissionais dedicados ao ensino de ci\u00eancias e coordenadores dos programas de p\u00f3s-gradua\u00e7\u00e3o em ensino se reuniram esta semana em Bras\u00edlia para celebrar os 25 anos da Comiss\u00e3o de \u00c1rea de Ensino da Capes, a \u00c1rea 46. Durante o evento &#8220;Da Pesquisa \u00e0 A\u00e7\u00e3o: Processos e Produtos Educacionais da \u00c1rea de Ensino para uma pr\u00e1xis transformadora&#8221;, foram homenageados os primeiros coordenadores da \u00c1rea, dentre eles, os f\u00edsicos Marco Antonio Moreira (UFRGS) e Roberto Nardi (Unesp), e foi realizada a mesa \u201cPanorama da \u00c1rea de Ensino \u2013 sociedades cient\u00edficas e convidados\u201d, na qual representantes de cinco sociedades de classe cient\u00edfica apresentaram seus projetos e debateram sobre caminhos poss\u00edveis junto \u00e0 Capes.<\/p>\n\n\n<div class=\"wp-block-image\">\n<figure class=\"aligncenter size-full is-resized\"><img fetchpriority=\"high\" decoding=\"async\" width=\"846\" height=\"633\" src=\"https:\/\/www.sbfisica.org.br\/v1\/sbf\/wp-content\/uploads\/2026\/03\/Marco-Antonio-Moreira-UFRGS-Ivanise-Maria-Rizzatti-Coord.-Area-46-na-CAPES-e-UFRR-e-Roberto-Nardi-Unesp.png\" alt=\"\" class=\"wp-image-30764\" style=\"aspect-ratio:1.3365155131264916;width:512px;height:auto\"\/><figcaption class=\"wp-element-caption\">Marco Antonio Moreira (UFRGS), Ivanise Maria Rizzatti (Coord. \u00c1rea 46 na CAPES e UFRR) e Roberto Nardi (Unesp)<\/figcaption><\/figure>\n<\/div>\n\n\n<p>Estiveram presentes a Sociedade Brasileira de Ensino de Biologia (SBEnBio), a Sociedade Brasileira de Ensino de Qu\u00edmica (SBenQ), Sociedade Brasileira de Educa\u00e7\u00e3o Matem\u00e1tica (SBEM), a Associa\u00e7\u00e3o Brasileira de Pesquisa em Educa\u00e7\u00e3o em Ci\u00eancia (Abrapec) e a Sociedade Brasileira de Hist\u00f3ria e Filosofia das Ci\u00eancias (SBHC). A professora da Universidade Federal do ABC, Graciela Watanabe, compareceu ao evento como representante da Sociedade Brasileira de F\u00edsica (SBF), onde ocupa cargo na diretoria como secret\u00e1ria para assuntos de ensino.<\/p>\n\n\n\n<p>\u201cPara n\u00f3s, foi um momento especial, j\u00e1 que tanto o professor Marco Antonio, quanto Roberto Nardi j\u00e1 compuseram a diretoria da SBF como secret\u00e1rios para assuntos de ensino\u201d, diz a professora Watanabe, convidada a realizar a apresenta\u00e7\u00e3o sobre a SBF e entregar a homenagem ao professor Nardi. A homenagem ainda contou com a presen\u00e7a de f\u00edsicas e f\u00edsicos que atuam como coordenadores e vice coordenadores nos programas de p\u00f3s-gradua\u00e7\u00e3o do pa\u00eds. <\/p>\n\n\n<div class=\"wp-block-image\">\n<figure class=\"aligncenter size-full is-resized\"><img decoding=\"async\" width=\"856\" height=\"540\" data-src=\"https:\/\/www.sbfisica.org.br\/v1\/sbf\/wp-content\/uploads\/2026\/03\/Graciella-Watanabe-Capes-25-anos-Area-46.png\" alt=\"\" class=\"wp-image-30766 lazyload\" style=\"--smush-placeholder-width: 856px; --smush-placeholder-aspect-ratio: 856\/540;aspect-ratio:1.5851860588547502;width:552px;height:auto\" src=\"data:image\/svg+xml;base64,PHN2ZyB3aWR0aD0iMSIgaGVpZ2h0PSIxIiB4bWxucz0iaHR0cDovL3d3dy53My5vcmcvMjAwMC9zdmciPjwvc3ZnPg==\" \/><figcaption class=\"wp-element-caption\">Graciella Watanabe (UFABC e Secretaria para Assuntos de Ensino da SBF); Dioni Paulo Pastori (UFRGS), Marco Antonio Moreira (UFRGS), Roberto Nardi (Unesp), Iramaia Jorge Cabral de Paulo (UFMT), Ana Marli Bulegon (UFN), Andr\u00e9 Ary Leonel (UFSC), Vanessa Carvalho de Andrade (UnB) e Cleci Teresinha Werner da Rosa (UPF).<\/figcaption><\/figure>\n<\/div>\n\n\n<p>Watanabe apresentou aos participantes como a \u00e1rea de Ensino de F\u00edsica \u00e9 representada na SBF e levou tr\u00eas sugest\u00f5es de iniciativas de aproxima\u00e7\u00e3o entre as sociedades e Capes. Foi a cria\u00e7\u00e3o de um ambiente de coopera\u00e7\u00e3o entre as sociedades para a sistematiza\u00e7\u00e3o de dados e acompanhamento de discentes e egressos dos programas de p\u00f3s-gradua\u00e7\u00e3o em ensino, a implementa\u00e7\u00e3o de f\u00f3runs nacionais, regionais e grupos de trabalhos sobre pesquisas e forma\u00e7\u00e3o docente, al\u00e9m de parcerias para projetos-piloto e inova\u00e7\u00e3o em forma\u00e7\u00e3o docente \u2013 como o j\u00e1 existente Programa Brasileiro de Professores, realizado pela SBF em parceria com Capes, CNPq e CERN.<\/p>\n\n\n\n<p>Dentre as propostas apresentadas, os presentes debateram a cria\u00e7\u00e3o de um F\u00f3rum Permanente entre as sociedades cient\u00edficas e a Capes para que indicadores, pol\u00edticas p\u00fablicas e avalia\u00e7\u00f5es sobre os programas de p\u00f3s-gradua\u00e7\u00e3o e os impactos na educa\u00e7\u00e3o sejam discutidos por todos. Desta forma, o grupo planeja compreender melhor o quadro nacional de ensino e o perfil das p\u00f3s-gradua\u00e7\u00f5es em ensino de ci\u00eancias. \u201cA reuni\u00e3o foi muito importante, pois a \u00c1rea 46 \u00e9 respons\u00e1vel por avaliar as p\u00f3s-gradua\u00e7\u00f5es da \u00e1rea de ensino e a aproxima\u00e7\u00e3o entre a Capes e as sociedades ajudar\u00e3o a responder anseios dos profissionais representados por elas quanto \u00e0 evolu\u00e7\u00e3o curricular, os indicarmos de avalia\u00e7\u00e3o e as pr\u00e1ticas de ensino em cada \u00e1rea\u201d, avalia.<\/p>\n\n\n\n<p><strong>Por Frederico S. M. de Carvalho<\/strong><\/p>\n","protected":false},"excerpt":{"rendered":"<p>Sociedades representantes de profissionais dedicados ao ensino de ci\u00eancias e coordenadores dos programas de p\u00f3s-gradua\u00e7\u00e3o em ensino se reuniram esta semana em Bras\u00edlia para celebrar os 25 anos da Comiss\u00e3o de \u00c1rea de Ensino da Capes, a \u00c1rea 46. Durante o evento &#8220;Da Pesquisa \u00e0 A\u00e7\u00e3o: Processos e Produtos Educacionais da \u00c1rea de Ensino para [&hellip;]<\/p>\n","protected":false},"author":12,"featured_media":30767,"comment_status":"open","ping_status":"open","sticky":false,"template":"","format":"standard","meta":{"footnotes":""},"categories":[127],"tags":[1727,276,308,255],"class_list":["post-30762","post","type-post","status-publish","format-standard","has-post-thumbnail","hentry","category-acontece-na-sbf","tag-area-46","tag-capes","tag-ensino-de-fisica","tag-sbf"],"aioseo_notices":[],"_links":{"self":[{"href":"https:\/\/www.sbfisica.org.br\/v1\/sbf\/wp-json\/wp\/v2\/posts\/30762","targetHints":{"allow":["GET"]}}],"collection":[{"href":"https:\/\/www.sbfisica.org.br\/v1\/sbf\/wp-json\/wp\/v2\/posts"}],"about":[{"href":"https:\/\/www.sbfisica.org.br\/v1\/sbf\/wp-json\/wp\/v2\/types\/post"}],"author":[{"embeddable":true,"href":"https:\/\/www.sbfisica.org.br\/v1\/sbf\/wp-json\/wp\/v2\/users\/12"}],"replies":[{"embeddable":true,"href":"https:\/\/www.sbfisica.org.br\/v1\/sbf\/wp-json\/wp\/v2\/comments?post=30762"}],"version-history":[{"count":1,"href":"https:\/\/www.sbfisica.org.br\/v1\/sbf\/wp-json\/wp\/v2\/posts\/30762\/revisions"}],"predecessor-version":[{"id":30768,"href":"https:\/\/www.sbfisica.org.br\/v1\/sbf\/wp-json\/wp\/v2\/posts\/30762\/revisions\/30768"}],"wp:featuredmedia":[{"embeddable":true,"href":"https:\/\/www.sbfisica.org.br\/v1\/sbf\/wp-json\/wp\/v2\/media\/30767"}],"wp:attachment":[{"href":"https:\/\/www.sbfisica.org.br\/v1\/sbf\/wp-json\/wp\/v2\/media?parent=30762"}],"wp:term":[{"taxonomy":"category","embeddable":true,"href":"https:\/\/www.sbfisica.org.br\/v1\/sbf\/wp-json\/wp\/v2\/categories?post=30762"},{"taxonomy":"post_tag","embeddable":true,"href":"https:\/\/www.sbfisica.org.br\/v1\/sbf\/wp-json\/wp\/v2\/tags?post=30762"}],"curies":[{"name":"wp","href":"https:\/\/api.w.org\/{rel}","templated":true}]}}