{"id":30032,"date":"2026-01-19T14:19:23","date_gmt":"2026-01-19T17:19:23","guid":{"rendered":"https:\/\/www.sbfisica.org.br\/v1\/sbf\/?p=30032"},"modified":"2026-01-21T21:42:05","modified_gmt":"2026-01-22T00:42:05","slug":"sbf-comemora-60-anos-em-julho","status":"publish","type":"post","link":"https:\/\/www.sbfisica.org.br\/v1\/sbf\/sbf-comemora-60-anos-em-julho\/","title":{"rendered":"SBF comemora 60 anos em julho"},"content":{"rendered":"\n<p>Em plena Ditadura Militar (1964-1984), f\u00edsicos reunidos na 18\u00aa Reuni\u00e3o da Sociedade Brasileira para o Progresso da Ci\u00eancia (SBPC) em Blumenau, Santa Catarina, tomaram uma das mais importantes decis\u00f5es para a F\u00edsica: a cria\u00e7\u00e3o da Sociedade Brasileira de F\u00edsica. O ato da funda\u00e7\u00e3o ocorreu em 14 de julho de 1966, na Biblioteca Municipal Fritz Muller.<\/p>\n\n\n\n<p>A reuni\u00e3o foi presidida pelo professor Jos\u00e9 Goldemberg, \u00e0 \u00e9poca secret\u00e1rio da Comiss\u00e3o de F\u00edsica da SBPC. O encontro contou ainda com a participa\u00e7\u00e3o de outros grandes f\u00edsicos. No total, o evento reuniu cerca de cem pesquisadores, professores e estudantes de f\u00edsica. Foi nesse encontro hist\u00f3rico no qual foi lido e aprovado em Assembleia o anteprojeto de Estatuto para a SBF. Na \u00e9poca, a comunidade brasileira de f\u00edsica tinha cerca de 300 profissionais. \u201cEu n\u00e3o era uma das figuras principais, mas estava l\u00e1\u201d, disse ao <strong>Boletim SBF<\/strong> a cientista Alinka L\u00e9pine-Szily, que faleceu em setembro de 2025. Ap\u00f3s a Segunda Guerra Mundial, deixou a Hungria e, ap\u00f3s um p\u00e9riplo pela Europa, sua fam\u00edlia buscou ref\u00fagio no Brasil e ela se tornou uma das refer\u00eancias em F\u00edsica Nuclear no pa\u00eds e foi s\u00f3cia efetiva da SBF desde o in\u00edcio.<\/p>\n\n\n\n<p>\u201cDurante a assembleia, foi discutida e votada uma proposta de estatuto da sociedade, elaborada por uma comiss\u00e3o de f\u00edsicos designada durante a XVI Reuni\u00e3o Anual da SBPC, realizada em Ribeir\u00e3o Preto, em 1964, incorporando sugest\u00f5es que haviam sido apresentadas durante a reuni\u00e3o anual da SBPC de 1965, realizada em Belo Horizonte. O estatuto aprovado em Blumenau, redigido principalmente por Jayme Tiomno, Am\u00e9lia Imp\u00e9rio Hamburger, Ross Alan Douglas e S\u00e9rgio Mascarenhas de Oliveira, incorporando algumas modifica\u00e7\u00f5es aprovadas no ano seguinte, continua sendo o documento b\u00e1sico da sociedade. Goldemberg, Am\u00e9lia Hamburger e Douglas eram f\u00edsicos nucleares de S\u00e3o Paulo; Tiomno, um dos fundadores do CBPF, havia estagiado em S\u00e3o Paulo; Mascarenhas, origin\u00e1rio do grupo de diel\u00e9tricos do Rio, estava dando in\u00edcio \u00e0s pesquisas em f\u00edsica dos s\u00f3lidos em S\u00e3o Carlos, no interior do estado de S\u00e3o Paulo\u201d, conta o professor Silvio R. A. Salinas, no texto Forma\u00e7\u00e3o e desenvolvimento da Sociedade Brasileira de F\u00edsica (SBF), publicado em edi\u00e7\u00e3o do CBPF de 2001, organizada por Antonio A. P. Videira e Anibal Bibiloni, baseado em palestra apresentada num \u201cEncontro de Hist\u00f3ria da Ci\u00eancia, realizado em Buenos Aires, em setembro de 2000.<\/p>\n\n\n\n<p>\u201cNa assembleia de Blumenau, os Membros Fundadores tamb\u00e9m elegeram a diretoria provis\u00f3ria, sob a presid\u00eancia de Oscar Sala, respons\u00e1vel pela instala\u00e7\u00e3o de um acelerador do tipo Van de Graaf no Departamento de F\u00edsica da antiga Faculdade de Filosofia, Ci\u00eancias e Letras da USP, e escolheram a cidade de S\u00e3o Paulo para sede da SBF. Como primeira contribui\u00e7\u00e3o ao pa\u00eds, a diretoria da nova sociedade deveria realizar um \u2018estudo sobre a situa\u00e7\u00e3o e as necessidades da f\u00edsica no Brasil a fim de apresentar \u00e0s autoridades competentes\u2019.\u201d, explica o professor Salinas no texto.<\/p>\n\n\n\n<p>\u201cA cria\u00e7\u00e3o dessa sociedade atendia a um desejo antigo e nunca concretizado, devido, entre outros fatores, ao pequeno tamanho da comunidade de f\u00edsicos. Para alguns f\u00edsicos \u2013 entre eles, o austr\u00edaco Guido Beck (1903-1988), que chegou ao Brasil no in\u00edcio da d\u00e9cada de 1950 \u2013, n\u00e3o fazia sentido criar uma sociedade profissional enquanto a f\u00edsica estivesse concentrada no eixo Rio-S\u00e3o Paulo. Aqueles poucos f\u00edsicos podiam se reunir nas sess\u00f5es da Academia Brasileira de Ci\u00eancias e nas reuni\u00f5es peri\u00f3dicas do CNPq, ent\u00e3o Conselho Nacional de Pesquisas (hoje, Conselho Nacional de Desenvolvimento Cient\u00edfico e Tecnol\u00f3gico)\u201d, conta Antonio A. P. Videira no texto \u201cSBF: 50 anos de conquistas\u201d, cap\u00edtulo do livro <a href=\"https:\/\/www.sbfisica.org.br\/arquivos\/SBF-50-anos.pdf\">50 Anos SBF<\/a>.<\/p>\n\n\n\n<p>\u201cAinda que pequena, com pouco mais de 300 profissionais \u2013 o que n\u00e3o significa dizer que todos eram pesquisadores em f\u00edsica, pois muitos se dedicavam s\u00f3 \u00e0 doc\u00eancia \u2013 , a comunidade brasileira de f\u00edsicos, em 1966, j\u00e1 n\u00e3o se restringia \u00e0s cidades do Rio e de S\u00e3o Paulo. Havia grupos de pesquisa e ensino em Belo Horizonte, Porto Alegre, S\u00e3o Carlos (SP), Bras\u00edlia, Salvador e Recife\u201d, escreve o divulgador cient\u00edfico.<\/p>\n\n\n\n<p>Durante o Regime Militar a SBF teve f\u00edsicos perseguidos e afastados de suas atividades, e se posicionou em diversas oportunidades contra o regime. Tamb\u00e9m houve momentos de interlocu\u00e7\u00e3o e di\u00e1logo com os militares, quando o assunto foi organizar um sistema federal de apoio \u00e0 ci\u00eancia e \u00e0 tecnologia.<\/p>\n\n\n\n<p>De acordo com a <a href=\"https:\/\/www.sbfisica.org.br\/v1\/sbf\/sobre-nos\/historia\/\">linha do tempo que h\u00e1 no site da SBF<\/a>, em 1970, a SBF come\u00e7ou a promover os Simp\u00f3sios Nacionais de Ensino de F\u00edsica. Em 1971, criou a revista Brasileira de F\u00edsica (ainda hoje publicada, com o t\u00edtulo Brazilian Journal of Physics). Em 1985 \u00e9 criado o Minist\u00e9rio de Ci\u00eancia e Tecnologia, antiga reivindica\u00e7\u00e3o da SBF. Vinte anos depois, S\u00e9rgio Machado Rezende, membro da SBF, se tornou Ministro da pasta.<\/p>\n\n\n\n<p>E a atua\u00e7\u00e3o da SBF se estendeu por muitas outras lutas, como a regulamenta\u00e7\u00e3o dos conselhos federal e regional de f\u00edsica, a defesa da livre doc\u00eancia e a busca por prestigiar cientistas que promovem a divulga\u00e7\u00e3o cient\u00edfica no Pa\u00eds. Para celebrar essa marca hist\u00f3rica dos 60 anos, a SBF divulgar\u00e1 ao longo dos meses uma reportagem especial sobre os feitos e pessoas que at\u00e9 hoje influenciam os caminhos da ci\u00eancia, como o pr\u00f3prio Boletim SBF, que segundo o professor Salinas, teve o seu primeiro n\u00famero divulgado em 1969, editado pelo ent\u00e3o secret\u00e1rio-geral Ernst W. Hamburger, f\u00edsico nuclear que tamb\u00e9m se notabilizou por uma marcante atua\u00e7\u00e3o na divulga\u00e7\u00e3o e na educa\u00e7\u00e3o cient\u00edfica.<\/p>\n\n\n\n<p><strong>(SBF)<\/strong><\/p>\n","protected":false},"excerpt":{"rendered":"<p>Em plena Ditadura Militar (1964-1984), f\u00edsicos reunidos na 18\u00aa Reuni\u00e3o da Sociedade Brasileira para o Progresso da Ci\u00eancia (SBPC) em Blumenau, Santa Catarina, tomaram uma das mais importantes decis\u00f5es para a F\u00edsica: a cria\u00e7\u00e3o da Sociedade Brasileira de F\u00edsica. O ato da funda\u00e7\u00e3o ocorreu em 14 de julho de 1966, na Biblioteca Municipal Fritz Muller. [&hellip;]<\/p>\n","protected":false},"author":12,"featured_media":30034,"comment_status":"open","ping_status":"open","sticky":false,"template":"","format":"standard","meta":{"footnotes":""},"categories":[127],"tags":[255,1659],"class_list":["post-30032","post","type-post","status-publish","format-standard","has-post-thumbnail","hentry","category-acontece-na-sbf","tag-sbf","tag-sbf-60-anos"],"aioseo_notices":[],"_links":{"self":[{"href":"https:\/\/www.sbfisica.org.br\/v1\/sbf\/wp-json\/wp\/v2\/posts\/30032","targetHints":{"allow":["GET"]}}],"collection":[{"href":"https:\/\/www.sbfisica.org.br\/v1\/sbf\/wp-json\/wp\/v2\/posts"}],"about":[{"href":"https:\/\/www.sbfisica.org.br\/v1\/sbf\/wp-json\/wp\/v2\/types\/post"}],"author":[{"embeddable":true,"href":"https:\/\/www.sbfisica.org.br\/v1\/sbf\/wp-json\/wp\/v2\/users\/12"}],"replies":[{"embeddable":true,"href":"https:\/\/www.sbfisica.org.br\/v1\/sbf\/wp-json\/wp\/v2\/comments?post=30032"}],"version-history":[{"count":1,"href":"https:\/\/www.sbfisica.org.br\/v1\/sbf\/wp-json\/wp\/v2\/posts\/30032\/revisions"}],"predecessor-version":[{"id":30035,"href":"https:\/\/www.sbfisica.org.br\/v1\/sbf\/wp-json\/wp\/v2\/posts\/30032\/revisions\/30035"}],"wp:featuredmedia":[{"embeddable":true,"href":"https:\/\/www.sbfisica.org.br\/v1\/sbf\/wp-json\/wp\/v2\/media\/30034"}],"wp:attachment":[{"href":"https:\/\/www.sbfisica.org.br\/v1\/sbf\/wp-json\/wp\/v2\/media?parent=30032"}],"wp:term":[{"taxonomy":"category","embeddable":true,"href":"https:\/\/www.sbfisica.org.br\/v1\/sbf\/wp-json\/wp\/v2\/categories?post=30032"},{"taxonomy":"post_tag","embeddable":true,"href":"https:\/\/www.sbfisica.org.br\/v1\/sbf\/wp-json\/wp\/v2\/tags?post=30032"}],"curies":[{"name":"wp","href":"https:\/\/api.w.org\/{rel}","templated":true}]}}