{"id":29913,"date":"2025-12-19T16:56:46","date_gmt":"2025-12-19T19:56:46","guid":{"rendered":"https:\/\/www.sbfisica.org.br\/v1\/sbf\/?p=29913"},"modified":"2025-12-19T16:56:46","modified_gmt":"2025-12-19T19:56:46","slug":"um-obrigado-e-um-breve-informe","status":"publish","type":"post","link":"https:\/\/www.sbfisica.org.br\/v1\/sbf\/um-obrigado-e-um-breve-informe\/","title":{"rendered":"Um obrigado (e um breve informe)"},"content":{"rendered":"\n<p>A Sociedade Brasileira de F\u00edsica, por meio de sua Diretoria, expressa seu sincero agradecimento a todos os Conselheiros, Comiss\u00f5es de \u00c1rea, Grupos de Trabalho, membros das diversas Comiss\u00f5es, bem como a seus funcion\u00e1rios e colaboradores. O empenho e a dedica\u00e7\u00e3o de cada um foram fundamentais para o fortalecimento da F\u00edsica e para o avan\u00e7o da Ci\u00eancia no Brasil.<\/p>\n\n\n\n<p>Agradecemos, igualmente, a todos os associados, cuja participa\u00e7\u00e3o ativa d\u00e1 sentido \u00e0 nossa Sociedade. Aproveitamos esta ocasi\u00e3o para desejar a todos um Feliz Natal e um ano de 2026 repleto de realiza\u00e7\u00f5es, inspira\u00e7\u00e3o e novos avan\u00e7os cient\u00edficos.<\/p>\n\n\n\n<h2 class=\"wp-block-heading\">Informes<\/h2>\n\n\n\n<p>Nosso escrit\u00f3rio fechar\u00e1 as portas nesta sexta-feira (19\/12) e at\u00e9 o final do ano trabalhar\u00e1 remotamente &#8211; do dia 22\/12 at\u00e9 o dia 30\/12. De 2 de janeiro de 2026 at\u00e9 o dia 4, o escrit\u00f3rio adotar\u00e1 a regra de ponte de feriado, retornando normalmente a partir do dia 5 de janeiro.<\/p>\n\n\n\n<p>Desejamos a todos boas festas e um \u00f3timo ano de 2026.<\/p>\n\n\n\n<p><strong>Diretoria da Sociedade Brasileira de F\u00edsica<\/strong><\/p>\n","protected":false},"excerpt":{"rendered":"<p>A Sociedade Brasileira de F\u00edsica, por meio de sua Diretoria, expressa seu sincero agradecimento a todos os Conselheiros, Comiss\u00f5es de \u00c1rea, Grupos de Trabalho, membros das diversas Comiss\u00f5es, bem como a seus funcion\u00e1rios e colaboradores. O empenho e a dedica\u00e7\u00e3o de cada um foram fundamentais para o fortalecimento da F\u00edsica e para o avan\u00e7o da [&hellip;]<\/p>\n","protected":false},"author":12,"featured_media":29914,"comment_status":"open","ping_status":"open","sticky":false,"template":"","format":"standard","meta":{"footnotes":""},"categories":[127],"tags":[255],"class_list":["post-29913","post","type-post","status-publish","format-standard","has-post-thumbnail","hentry","category-acontece-na-sbf","tag-sbf"],"aioseo_notices":[],"_links":{"self":[{"href":"https:\/\/www.sbfisica.org.br\/v1\/sbf\/wp-json\/wp\/v2\/posts\/29913","targetHints":{"allow":["GET"]}}],"collection":[{"href":"https:\/\/www.sbfisica.org.br\/v1\/sbf\/wp-json\/wp\/v2\/posts"}],"about":[{"href":"https:\/\/www.sbfisica.org.br\/v1\/sbf\/wp-json\/wp\/v2\/types\/post"}],"author":[{"embeddable":true,"href":"https:\/\/www.sbfisica.org.br\/v1\/sbf\/wp-json\/wp\/v2\/users\/12"}],"replies":[{"embeddable":true,"href":"https:\/\/www.sbfisica.org.br\/v1\/sbf\/wp-json\/wp\/v2\/comments?post=29913"}],"version-history":[{"count":1,"href":"https:\/\/www.sbfisica.org.br\/v1\/sbf\/wp-json\/wp\/v2\/posts\/29913\/revisions"}],"predecessor-version":[{"id":29915,"href":"https:\/\/www.sbfisica.org.br\/v1\/sbf\/wp-json\/wp\/v2\/posts\/29913\/revisions\/29915"}],"wp:featuredmedia":[{"embeddable":true,"href":"https:\/\/www.sbfisica.org.br\/v1\/sbf\/wp-json\/wp\/v2\/media\/29914"}],"wp:attachment":[{"href":"https:\/\/www.sbfisica.org.br\/v1\/sbf\/wp-json\/wp\/v2\/media?parent=29913"}],"wp:term":[{"taxonomy":"category","embeddable":true,"href":"https:\/\/www.sbfisica.org.br\/v1\/sbf\/wp-json\/wp\/v2\/categories?post=29913"},{"taxonomy":"post_tag","embeddable":true,"href":"https:\/\/www.sbfisica.org.br\/v1\/sbf\/wp-json\/wp\/v2\/tags?post=29913"}],"curies":[{"name":"wp","href":"https:\/\/api.w.org\/{rel}","templated":true}]}}