{"id":29870,"date":"2025-12-18T11:57:19","date_gmt":"2025-12-18T14:57:19","guid":{"rendered":"https:\/\/www.sbfisica.org.br\/v1\/sbf\/?p=29870"},"modified":"2025-12-18T11:57:20","modified_gmt":"2025-12-18T14:57:20","slug":"processo-seletivo-para-bolsa-para-professor-senior-em-fisica-na-udesc","status":"publish","type":"post","link":"https:\/\/www.sbfisica.org.br\/v1\/sbf\/processo-seletivo-para-bolsa-para-professor-senior-em-fisica-na-udesc\/","title":{"rendered":"Processo Seletivo para Bolsa para Professor S\u00eanior em F\u00edsica na UDESC"},"content":{"rendered":"\n<p>BOLSA PARA PROFESSOR S\u00caNIOR \u2013 UDESC<\/p>\n\n\n\n<p>Est\u00e3o abertas at\u00e9 23\/01\/26 as inscri\u00e7\u00f5es no processo seletivo para sele\u00e7\u00e3o de bolsista professor s\u00eanior (bolsa PROBS\/UDESC) vinculado ao Programa de P\u00f3s-Gradua\u00e7\u00e3o em F\u00edsica (PPGF) da Universidade do Estado de Santa Catarina (UDESC), campus de Joinville.<\/p>\n\n\n\n<p>P\u00fablico alvo:&nbsp; docentes doutores aposentados por idade ou por tempo de servi\u00e7o, da UDESC ou de outras institui\u00e7\u00f5es (nacionais ou estrangeiras), com comprovada produ\u00e7\u00e3o cient\u00edfica e capacidade de orienta\u00e7\u00e3o e capta\u00e7\u00e3o de recursos.<\/p>\n\n\n\n<p>As linhas de pesquisa s\u00e3o:<\/p>\n\n\n\n<p>\u2013 Ci\u00eancia e Tecnologia de Plasmas \u2002\u2002<\/p>\n\n\n\n<p>\u2013 Din\u00e2mica N\u00e3o Linear<\/p>\n\n\n\n<p>\u2013 F\u00edsica da Mat\u00e9ria Condensada<\/p>\n\n\n\n<p>\u2013 Informa\u00e7\u00e3o e Computa\u00e7\u00e3o Qu\u00e2ntica<\/p>\n\n\n\n<p>\u2013 Relatividade, Astrof\u00edsica, Part\u00edculas e Campos<\/p>\n\n\n\n<p>Mais informa\u00e7\u00f5es em:<\/p>\n\n\n\n<p><a href=\"https:\/\/www.udesc.br\/cct\/ppgf\/processo_seletivo\/probs\">https:\/\/www.udesc.br\/cct\/ppgf\/processo_seletivo\/probs<\/a><\/p>\n\n\n\n<p><a href=\"mailto:ppgf.cct@udesc.br\" target=\"_blank\" rel=\"noreferrer noopener\">ppgf.cct@udesc.br<\/a><\/p>\n","protected":false},"excerpt":{"rendered":"<p>BOLSA PARA PROFESSOR S\u00caNIOR \u2013 UDESC Est\u00e3o abertas at\u00e9 23\/01\/26 as inscri\u00e7\u00f5es no processo seletivo para sele\u00e7\u00e3o de bolsista professor s\u00eanior (bolsa PROBS\/UDESC) vinculado ao Programa de P\u00f3s-Gradua\u00e7\u00e3o em F\u00edsica (PPGF) da Universidade do Estado de Santa Catarina (UDESC), campus de Joinville. P\u00fablico alvo:&nbsp; docentes doutores aposentados por idade ou por tempo de servi\u00e7o, da [&hellip;]<\/p>\n","protected":false},"author":4,"featured_media":16567,"comment_status":"open","ping_status":"open","sticky":false,"template":"","format":"standard","meta":{"footnotes":""},"categories":[458],"tags":[],"class_list":["post-29870","post","type-post","status-publish","format-standard","has-post-thumbnail","hentry","category-bolsas"],"aioseo_notices":[],"_links":{"self":[{"href":"https:\/\/www.sbfisica.org.br\/v1\/sbf\/wp-json\/wp\/v2\/posts\/29870","targetHints":{"allow":["GET"]}}],"collection":[{"href":"https:\/\/www.sbfisica.org.br\/v1\/sbf\/wp-json\/wp\/v2\/posts"}],"about":[{"href":"https:\/\/www.sbfisica.org.br\/v1\/sbf\/wp-json\/wp\/v2\/types\/post"}],"author":[{"embeddable":true,"href":"https:\/\/www.sbfisica.org.br\/v1\/sbf\/wp-json\/wp\/v2\/users\/4"}],"replies":[{"embeddable":true,"href":"https:\/\/www.sbfisica.org.br\/v1\/sbf\/wp-json\/wp\/v2\/comments?post=29870"}],"version-history":[{"count":1,"href":"https:\/\/www.sbfisica.org.br\/v1\/sbf\/wp-json\/wp\/v2\/posts\/29870\/revisions"}],"predecessor-version":[{"id":29871,"href":"https:\/\/www.sbfisica.org.br\/v1\/sbf\/wp-json\/wp\/v2\/posts\/29870\/revisions\/29871"}],"wp:featuredmedia":[{"embeddable":true,"href":"https:\/\/www.sbfisica.org.br\/v1\/sbf\/wp-json\/wp\/v2\/media\/16567"}],"wp:attachment":[{"href":"https:\/\/www.sbfisica.org.br\/v1\/sbf\/wp-json\/wp\/v2\/media?parent=29870"}],"wp:term":[{"taxonomy":"category","embeddable":true,"href":"https:\/\/www.sbfisica.org.br\/v1\/sbf\/wp-json\/wp\/v2\/categories?post=29870"},{"taxonomy":"post_tag","embeddable":true,"href":"https:\/\/www.sbfisica.org.br\/v1\/sbf\/wp-json\/wp\/v2\/tags?post=29870"}],"curies":[{"name":"wp","href":"https:\/\/api.w.org\/{rel}","templated":true}]}}