{"id":29584,"date":"2025-11-21T15:15:19","date_gmt":"2025-11-21T18:15:19","guid":{"rendered":"https:\/\/www.sbfisica.org.br\/v1\/sbf\/?p=29584"},"modified":"2025-11-21T15:15:20","modified_gmt":"2025-11-21T18:15:20","slug":"em-novembro-papos-de-fisica-do-ictp-saifr-aborda-ciencia-e-tecnologia-em-escala-atomica","status":"publish","type":"post","link":"https:\/\/www.sbfisica.org.br\/v1\/sbf\/em-novembro-papos-de-fisica-do-ictp-saifr-aborda-ciencia-e-tecnologia-em-escala-atomica\/","title":{"rendered":"Em novembro, Papos de F\u00edsica do ICTP-SAIFR aborda ci\u00eancia e tecnologia em escala at\u00f4mica"},"content":{"rendered":"\n<p><em>F\u00edsico Alexandre Reily Rocha conversa sobre f\u00edsica na escala do bilion\u00e9simo do metro na Cervejaria Nacional<\/em><\/p>\n\n\n\n<p>A pr\u00f3xima edi\u00e7\u00e3o do <a href=\"https:\/\/outreach.ictp-saifr.org\/papos-de-fisica\/\">Papos de F\u00edsica<\/a>, s\u00e9rie de eventos descontra\u00eddos realizados pelo ICTP-SAIFR na Cervejaria Nacional, na cidade de S\u00e3o Paulo, ter\u00e1 como tema \u201cAdmir\u00e1vel mundo Nano: F\u00edsica e Tecnologia na escala do \u00e1tomo\u201d. O convidado \u00e9 o f\u00edsico Alexandre Reily Rocha, do Instituto de F\u00edsica Te\u00f3rica (IFT) da Unesp. O evento acontece no dia 27 de novembro (quinta-feira), a partir das 19h30. A entrada \u00e9 gratuita.<\/p>\n\n\n\n<p>O computador das miss\u00f5es Apollo, que levou o homem \u00e0 Lua, era um milh\u00e3o de vezes menos poderoso que os smartphones atuais. O atual progresso s\u00f3 foi alcan\u00e7ado devido a uma corrida para reduzir o tamanho dos dispositivos eletr\u00f4nicos atingindo a escala do bilion\u00e9simo do metro. Neste mundo, chamado de nanoci\u00eancia, as regras da natureza s\u00e3o dominadas pela mec\u00e2nica qu\u00e2ntica e o potencial \u00e9 imenso. A conversa vai abordar um pouco sobre a f\u00edsica nesse novo mundo do muito pequeno e discutir o que esperar de futuras tecnologias.<\/p>\n\n\n\n<p>Alexandre Reily Rocha \u00e9 coordenador do programa de p\u00f3s-gradua\u00e7\u00e3o do IFT-Unesp e membro afiliado da Academia Brasileira de Ci\u00eancias (ABC), da Academia de Ci\u00eancias do Estado de S\u00e3o Paulo e da Academia Mundial de Ci\u00eancias (TWAS). Tem experi\u00eancia em estruturas eletr\u00f4nicas e propriedades el\u00e9tricas de superf\u00edcies, interfaces e part\u00edculas. Foi pr\u00f3-reitor de Pesquisa da UFABC e vice-coordenador do programa de P\u00f3s-gradua\u00e7\u00e3o em Nanoci\u00eancias e Materiais Avan\u00e7ados na mesma institui\u00e7\u00e3o.<\/p>\n\n\n\n<p>O <a href=\"https:\/\/outreach.ictp-saifr.org\/papos-de-fisica\/\">Papos de F\u00edsica<\/a> \u00e9 um projeto de divulga\u00e7\u00e3o cient\u00edfica do ICTP-SAIFR com eventos que proporcionam conhecer um pouco mais sobre assuntos instigantes e as recentes descobertas cient\u00edficas na \u00e1rea da F\u00edsica. S\u00e3o apresenta\u00e7\u00f5es curtas de 20 minutos, seguidas de debates, promovidas em bares e outros ambientes informais, com conte\u00fado acess\u00edvel a p\u00fablicos diversos.<\/p>\n\n\n\n<p><strong>Sobre o ICTP-SAIFR<\/strong><\/p>\n\n\n\n<p>O Instituto Sul-Americano para Pesquisa Fundamental (ICTP-SAIFR) \u00e9 um centro internacional na cidade de S\u00e3o Paulo criado por meio de uma colabora\u00e7\u00e3o entre o Centro Internacional de F\u00edsica Te\u00f3rica (ICTP) na It\u00e1lia, o IFT-Unesp e a Fapesp. Suas atividades incluem pesquisa em F\u00edsica Te\u00f3rica e suas aplica\u00e7\u00f5es, bem como escolas e workshops para alunos de p\u00f3s-gradua\u00e7\u00e3o. Mais informa\u00e7\u00f5es est\u00e3o dispon\u00edveis no site <a href=\"https:\/\/www.ictp-saifr.org\/\">ictp-saifr.org<\/a>. O ICTP-SAIFR tamb\u00e9m promove divulga\u00e7\u00e3o cient\u00edfica e a\u00e7\u00f5es de extens\u00e3o junto a professores e estudantes de Ensino M\u00e9dio e p\u00fablico geral. Para saber mais, acesse <a href=\"https:\/\/outreach.ictp-saifr.org\/\">outreach.ictp-saifr.org<\/a>.<\/p>\n\n\n\n<p><strong>Servi\u00e7o<\/strong><\/p>\n\n\n\n<p><strong>Papos de F\u00edsica: \u201cAdmir\u00e1vel mundo Nano: F\u00edsica e Tecnologia na escala do \u00e1tomo\u201d, com Alexandre Reily Rocha (IFT-Unesp)<\/strong><\/p>\n\n\n\n<p><strong>Data: <\/strong>27 de novembro de 2025 (quinta-feira)<\/p>\n\n\n\n<p><strong>Hor\u00e1rio: <\/strong>19h30<\/p>\n\n\n\n<p><strong>Local: <\/strong>Cervejaria Nacional (Av. Pedroso de Morais, 604 \u2013 Pinheiros \u2013 S\u00e3o Paulo\/SP)<\/p>\n\n\n\n<p><strong>Valor: <\/strong>entrada gratuita<\/p>\n\n\n\n<p><strong>Realiza\u00e7\u00e3o: <\/strong>ICTP-SAIFR<\/p>\n\n\n\n<p><strong>Mais informa\u00e7\u00f5es:<\/strong> <a href=\"https:\/\/outreach.ictp-saifr.org\/papos-de-fisica\/\">outreach.ictp-saifr.org\/papos-de-fisica<\/a><\/p>\n","protected":false},"excerpt":{"rendered":"<p>F\u00edsico Alexandre Reily Rocha conversa sobre f\u00edsica na escala do bilion\u00e9simo do metro na Cervejaria Nacional A pr\u00f3xima edi\u00e7\u00e3o do Papos de F\u00edsica, s\u00e9rie de eventos descontra\u00eddos realizados pelo ICTP-SAIFR na Cervejaria Nacional, na cidade de S\u00e3o Paulo, ter\u00e1 como tema \u201cAdmir\u00e1vel mundo Nano: F\u00edsica e Tecnologia na escala do \u00e1tomo\u201d. O convidado \u00e9 o [&hellip;]<\/p>\n","protected":false},"author":4,"featured_media":16567,"comment_status":"open","ping_status":"open","sticky":false,"template":"","format":"standard","meta":{"footnotes":""},"categories":[461],"tags":[],"class_list":["post-29584","post","type-post","status-publish","format-standard","has-post-thumbnail","hentry","category-eventos"],"aioseo_notices":[],"_links":{"self":[{"href":"https:\/\/www.sbfisica.org.br\/v1\/sbf\/wp-json\/wp\/v2\/posts\/29584","targetHints":{"allow":["GET"]}}],"collection":[{"href":"https:\/\/www.sbfisica.org.br\/v1\/sbf\/wp-json\/wp\/v2\/posts"}],"about":[{"href":"https:\/\/www.sbfisica.org.br\/v1\/sbf\/wp-json\/wp\/v2\/types\/post"}],"author":[{"embeddable":true,"href":"https:\/\/www.sbfisica.org.br\/v1\/sbf\/wp-json\/wp\/v2\/users\/4"}],"replies":[{"embeddable":true,"href":"https:\/\/www.sbfisica.org.br\/v1\/sbf\/wp-json\/wp\/v2\/comments?post=29584"}],"version-history":[{"count":1,"href":"https:\/\/www.sbfisica.org.br\/v1\/sbf\/wp-json\/wp\/v2\/posts\/29584\/revisions"}],"predecessor-version":[{"id":29586,"href":"https:\/\/www.sbfisica.org.br\/v1\/sbf\/wp-json\/wp\/v2\/posts\/29584\/revisions\/29586"}],"wp:featuredmedia":[{"embeddable":true,"href":"https:\/\/www.sbfisica.org.br\/v1\/sbf\/wp-json\/wp\/v2\/media\/16567"}],"wp:attachment":[{"href":"https:\/\/www.sbfisica.org.br\/v1\/sbf\/wp-json\/wp\/v2\/media?parent=29584"}],"wp:term":[{"taxonomy":"category","embeddable":true,"href":"https:\/\/www.sbfisica.org.br\/v1\/sbf\/wp-json\/wp\/v2\/categories?post=29584"},{"taxonomy":"post_tag","embeddable":true,"href":"https:\/\/www.sbfisica.org.br\/v1\/sbf\/wp-json\/wp\/v2\/tags?post=29584"}],"curies":[{"name":"wp","href":"https:\/\/api.w.org\/{rel}","templated":true}]}}