{"id":29564,"date":"2025-11-21T15:09:36","date_gmt":"2025-11-21T18:09:36","guid":{"rendered":"https:\/\/www.sbfisica.org.br\/v1\/sbf\/?p=29564"},"modified":"2025-11-21T15:09:37","modified_gmt":"2025-11-21T18:09:37","slug":"homenagem-a-sylvio-canuto-revela-o-homem-que-fez-ciencia-e-amigos","status":"publish","type":"post","link":"https:\/\/www.sbfisica.org.br\/v1\/sbf\/homenagem-a-sylvio-canuto-revela-o-homem-que-fez-ciencia-e-amigos\/","title":{"rendered":"Homenagem a Sylvio Canuto revela o homem que fez ci\u00eancia e amigos"},"content":{"rendered":"\n<p>\u201cEm esporte a gente compete, mas em ci\u00eancia a gente colabora.\u201d Foi assim que o f\u00edsico Sylvio Canuto, presidente da Sociedade Brasileira de F\u00edsica (SBF), agradeceu \u00e0 comunidade cient\u00edfica sobre a realiza\u00e7\u00e3o do evento \u201cSylvio Canuto Festchrift Symposium\u201d, realizado na quarta-feira (19\/11) no audit\u00f3rio Abrah\u00e3o de Moraes, no Instituto de F\u00edsica da Universidade de S\u00e3o Paulo (IFUSP), com transmiss\u00e3o ao vivo pelo canal do <a href=\"https:\/\/www.youtube.com\/live\/ImoPCj_fJXM?si=mawjNoQ07502ZUNE\">YouTube do instituto<\/a>. Foi um momento no qual mais de 16 cientistas do Brasil e do mundo tiveram a oportunidade de celebrar os 75 anos do presidente da SBF e a longa colabora\u00e7\u00e3o cient\u00edfica. \u201cEu tinha um professor tamb\u00e9m que disse pra mim que ci\u00eancia era uma boa desculpa pra voc\u00ea fazer amigos. Isso realmente \u00e9 verdade. Eu fico feliz das pessoas que aqui falaram ou vieram de longe (para o evento)\u201d, diz o f\u00edsico.<\/p>\n\n\n<div class=\"wp-block-image\">\n<figure class=\"aligncenter size-full is-resized\"><img fetchpriority=\"high\" decoding=\"async\" width=\"850\" height=\"638\" src=\"https:\/\/www.sbfisica.org.br\/v1\/sbf\/wp-content\/uploads\/2025\/11\/Kaline-Homenagem-Sylvio-Canuto-Foto-Roger-Marzochi.jpg\" alt=\"Kaline se emociona ao lembrar a trajet\u00f3ria de pesquisa e familiar com Canuto. (Cr\u00e9dito: Roger Marzochi)\" class=\"wp-image-29569\" style=\"width:578px;height:auto\"\/><figcaption class=\"wp-element-caption\">Kaline se emociona ao lembrar a trajet\u00f3ria de pesquisa e familiar com Canuto. (Cr\u00e9dito: Roger Marzochi)<\/figcaption><\/figure>\n<\/div>\n\n\n<p>Quem iniciou a cerim\u00f4nia foi Kaline Coutinho, atual diretora do IFUSP e primeira mulher a ocupar o cargo, que \u00e9 tamb\u00e9m companheira de Canuto. Em certo momento, ela se emocionou com a recorda\u00e7\u00e3o sobre como eles se conheceram, das pesquisas que fizeram e da fam\u00edlia que constru\u00edram. Emocionante tamb\u00e9m foi a apresenta\u00e7\u00e3o de Adalberto Fazzio, diretor da Ilum Escola de Ci\u00eancia do CNPEM e Professor Titular da USP, sobre a amizade de longa data com Canuto, lembrando de 1974 quando, demitidos da Universidade de Bras\u00edlia (UnB), empreenderam uma viagem longa at\u00e9 S\u00e3o Paulo em busca de trabalho. \u201cFomos para S\u00e3o Carlos e tamb\u00e9m n\u00e3o deu certo: o pessoal ficou assustado com o tamanho do cabelo do Sylvio e com o meu cabelo tamb\u00e9m. \u2018P\u00f4, mas voc\u00eas s\u00e3o hippies\u2019.\u201d, lembra Fazzio.<\/p>\n\n\n\n<p>Das 10h \u00e0s 17h, com cerca de duas horas de almo\u00e7o, revezaram-se seja em participa\u00e7\u00e3o online ou presencial, amigos pesquisadores das mais diferentes idades cujo v\u00f3rtice era Sylvio Canuto. Desde a forma como os alunos conseguiram ter contato com o professor para orienta\u00e7\u00e3o de teses, a meios de conseguir superar obst\u00e1culos na resolu\u00e7\u00e3o dos problemas envolvendo a eletr\u00f4nica e a f\u00edsica qu\u00e2ntica de solventes e materiais diversos, at\u00e9 momentos de descontra\u00e7\u00f5es em churrascos, confraterniza\u00e7\u00f5es, sua paix\u00e3o por futebol, fotografia, Blues e boas bebidas.<\/p>\n\n\n<div class=\"wp-block-image\">\n<figure class=\"aligncenter size-full is-resized\"><img decoding=\"async\" width=\"850\" height=\"638\" data-src=\"https:\/\/www.sbfisica.org.br\/v1\/sbf\/wp-content\/uploads\/2025\/11\/Fazzio-Homenagem-Sylvio-Canuto-Foto-Roger-Marzochi.jpg\" alt=\"Fazzio lembra da viagem de Fusca de Bras\u00edla a S\u00e3o Paulo em busca de emprego. (Cr\u00e9dito: Roger Marzochi)\" class=\"wp-image-29571 lazyload\" style=\"--smush-placeholder-width: 850px; --smush-placeholder-aspect-ratio: 850\/638;width:612px;height:auto\" src=\"data:image\/svg+xml;base64,PHN2ZyB3aWR0aD0iMSIgaGVpZ2h0PSIxIiB4bWxucz0iaHR0cDovL3d3dy53My5vcmcvMjAwMC9zdmciPjwvc3ZnPg==\" \/><figcaption class=\"wp-element-caption\">Fazzio lembra da viagem de Fusca de Bras\u00edla a S\u00e3o Paulo em busca de emprego. (Cr\u00e9dito: Roger Marzochi)<\/figcaption><\/figure>\n<\/div>\n\n\n<p>Cerca de 40 pessoas estiverem presente no Abrah\u00e3o de Moraes, como o professor Benedito Jos\u00e9 Costa Cabral (Universidade de Bras\u00edlia e Universidade de Lisboa) e Vladimiro Mujica (Arizona St. Univ.), entre outros. E muitos jovens pesquisadores. Mais de um ex-aluno expressou no evento que recebeu um g\u00e1s energ\u00e9tico motivacional de Sylvio para continuar na F\u00edsica.<\/p>\n\n\n\n<p>\u201dEu estava muito desmotivado, no momento eu era da mec\u00e2nica estat\u00edstica, estava querendo&#8230; cheguei a fazer concurso&#8230; E assistindo a palestra dele, vim, passei um tempo com ele. Ele acabou me orientando no doutorado na \u00e9poca. A\u00ed eu ficava nesse indo e vindo Macei\u00f3, S\u00e3o Paulo, Macei\u00f3, S\u00e3o Paulo. A\u00ed eu fiz o doutorado. Terminei em 2010. E depois de 2015 eu voltei aqui para S\u00e3o Paulo. Fiquei um ano novamente com o Sylvio com quem eu fiz o p\u00f3s-doutorado E a gente tem feito diversas colabora\u00e7\u00f5es desde ent\u00e3o\u201d, contou Vin\u00edcius Manzoni, da Universidade Federal de Alagoas.<\/p>\n\n\n<div class=\"wp-block-image\">\n<figure class=\"aligncenter size-full is-resized\"><img decoding=\"async\" width=\"850\" height=\"638\" data-src=\"https:\/\/www.sbfisica.org.br\/v1\/sbf\/wp-content\/uploads\/2025\/11\/Vinicius-Manzoni-Homenagem-Sylvio-Canuto-Foto-Roger-Marzochi.jpg\" alt=\"Vin\u00edcius Manzoni da Universidade Federal de Alagoas lembra das pesquisas que Canuto orientou. (Cr\u00e9dito: Roger Marzochi)\" class=\"wp-image-29572 lazyload\" style=\"--smush-placeholder-width: 850px; --smush-placeholder-aspect-ratio: 850\/638;width:592px;height:auto\" src=\"data:image\/svg+xml;base64,PHN2ZyB3aWR0aD0iMSIgaGVpZ2h0PSIxIiB4bWxucz0iaHR0cDovL3d3dy53My5vcmcvMjAwMC9zdmciPjwvc3ZnPg==\" \/><figcaption class=\"wp-element-caption\">Vin\u00edcius Manzoni da Universidade Federal de Alagoas lembra das pesquisas que Canuto orientou. (Cr\u00e9dito: Roger Marzochi)<\/figcaption><\/figure>\n<\/div>\n\n\n<p>T\u00e1rcius Nascimento Ramos, f\u00edsico formado na Unesp e doutor pelo IFUSP que hoje est\u00e1 na Universidade Namur, na B\u00e9lgica, lembra que procurou Canuto por e-mail pela primeira vez em novembro de 2012, quando estava se formando em Rio Claro, recebendo uma resposta gentil que evoluiu para a orienta\u00e7\u00e3o de mestrado e doutorado. Ramos lembra que estava planejando fazer interc\u00e2mbio e Sylvio o orientou a buscar trabalhar na B\u00e9lgica. \u201cEu falei na B\u00e9lgica? Onde que \u00e9 a B\u00e9lgica? O que eles falam? O que eles comem? Aquela coisa bem fora do radar. Eu falei: &nbsp;\u2018Olha confesso que n\u00e3o tinha pensado nisso. Mas eu confio no seu julgamento, e se voc\u00ea acha que para l\u00e1 ser\u00e1 melhor para a minha forma\u00e7\u00e3o, eu topo\u2019. E foi assim que n\u00f3s iniciamos o contato com o professor Benoit Champagne, na B\u00e9lgica. Eu tenho que aproveitar aqui agradecer novamente ao professor Sylvio porque foi uma colabora\u00e7\u00e3o muito boa, muito proveitosa\u201d, lembrou Ramos.<\/p>\n\n\n\n<figure class=\"wp-block-gallery has-nested-images columns-default is-cropped wp-block-gallery-1 is-layout-flex wp-block-gallery-is-layout-flex\">\n<figure class=\"wp-block-image size-large\"><img decoding=\"async\" width=\"850\" height=\"638\" data-id=\"29575\" data-src=\"https:\/\/www.sbfisica.org.br\/v1\/sbf\/wp-content\/uploads\/2025\/11\/Benedito-Cabral-Homenagem-Sylvio-Canuto-Foto-Roger-Marzochi.jpg\" alt=\"Benedito Cabral da UnB e Universidade de Lisboa e suas pesquisas sobre \u00e1gua. (Cr\u00e9dito: Roger Marzochi)\" class=\"wp-image-29575 lazyload\" src=\"data:image\/svg+xml;base64,PHN2ZyB3aWR0aD0iMSIgaGVpZ2h0PSIxIiB4bWxucz0iaHR0cDovL3d3dy53My5vcmcvMjAwMC9zdmciPjwvc3ZnPg==\" style=\"--smush-placeholder-width: 850px; --smush-placeholder-aspect-ratio: 850\/638;\" \/><figcaption class=\"wp-element-caption\">Benedito Cabral da UnB e Universidade de Lisboa e suas pesquisas sobre \u00e1gua. (Cr\u00e9dito: Roger Marzochi)<\/figcaption><\/figure>\n\n\n\n<figure class=\"wp-block-image size-large\"><img decoding=\"async\" width=\"850\" height=\"638\" data-id=\"29576\" data-src=\"https:\/\/www.sbfisica.org.br\/v1\/sbf\/wp-content\/uploads\/2025\/11\/Florian-Muller-Homenagem-Sylvio-Canuto-Foto-Roger-Marzochi.jpg\" alt=\"Florian M\u00fcller-Plathe da TU Darmstadt Alemanha lembra da paix\u00e3o de Canuto pelo Blues. (Cr\u00e9dito: Roger Marzochi)\" class=\"wp-image-29576 lazyload\" src=\"data:image\/svg+xml;base64,PHN2ZyB3aWR0aD0iMSIgaGVpZ2h0PSIxIiB4bWxucz0iaHR0cDovL3d3dy53My5vcmcvMjAwMC9zdmciPjwvc3ZnPg==\" style=\"--smush-placeholder-width: 850px; --smush-placeholder-aspect-ratio: 850\/638;\" \/><figcaption class=\"wp-element-caption\">Florian M\u00fcller-Plathe da TU Darmstadt Alemanha lembra da paix\u00e3o de Canuto pelo Blues. (Cr\u00e9dito: Roger Marzochi)<\/figcaption><\/figure>\n<\/figure>\n\n\n\n<p>Em entrevista ao <strong>Boletim SBF,<\/strong> Canuto refor\u00e7ou a ideia de que fazer ci\u00eancia \u00e9 tamb\u00e9m fazer amigos, especialmente porque a ci\u00eancia \u00e9 um trabalho de extrema colabora\u00e7\u00e3o. Segundo ele, a aposentadoria lhe permitir\u00e1 continuar o seu hobby de fotografia, ouvir B.B. King, Maddy Walters e John Lee Hook, mas isso n\u00e3o significa parar de trabalhar, porque al\u00e9m da SBF, Canuto \u00e9 Coordenador Geral de Ci\u00eancias, Humanidades e Artes da Funda\u00e7\u00e3o de Amparo \u00e0 Pesquisa do Estado de S\u00e3o Paulo (Fapesp). \u201cEu acho que o que eu posso contribuir com mais coisa que n\u00e3o s\u00f3 produzir ci\u00eancia, que \u00e9 essa quest\u00e3o de gest\u00e3o. Eu estou na Fapesp, trabalhando l\u00e1 na coordena\u00e7\u00e3o. \u00c9 a contribui\u00e7\u00e3o que voc\u00ea pode dar depois de um certo est\u00e1gio na carreira, com experi\u00eancia, essas coisas. E voc\u00ea percebe que pode contribuir de uma outra forma. E certamente, tamb\u00e9m, espero que sobre o tempo eu fa\u00e7a outras coisas\u201d, explica ele, em confraterniza\u00e7\u00e3o ao final do evento, junto ao seu irm\u00e3o M\u00e1rcio Canuto, o lend\u00e1rio rep\u00f3rter energ\u00e9tico da TV Globo que contagia pela sua alegria, espontaneidade e carisma.<\/p>\n\n\n<div class=\"wp-block-image\">\n<figure class=\"aligncenter size-full\"><img decoding=\"async\" width=\"992\" height=\"579\" data-src=\"https:\/\/www.sbfisica.org.br\/v1\/sbf\/wp-content\/uploads\/2025\/11\/Homenagem-Sylvio-Canuto-Foto-Roger-Marzochi-small.jpg\" alt=\"Cientistas do Brasil e do exterior se re\u00fanem em homenagem a Canuto. (Cr\u00e9dito: Roger Marzochi)\" class=\"wp-image-29581 lazyload\" src=\"data:image\/svg+xml;base64,PHN2ZyB3aWR0aD0iMSIgaGVpZ2h0PSIxIiB4bWxucz0iaHR0cDovL3d3dy53My5vcmcvMjAwMC9zdmciPjwvc3ZnPg==\" style=\"--smush-placeholder-width: 992px; --smush-placeholder-aspect-ratio: 992\/579;\" \/><figcaption class=\"wp-element-caption\">Cientistas do Brasil e do exterior se re\u00fanem em homenagem a Canuto. (Cr\u00e9dito: Roger Marzochi)<\/figcaption><\/figure>\n<\/div>\n\n\n<h2 class=\"wp-block-heading\">Cerim\u00f4nia<\/h2>\n\n\n\n<p>Assista \u00e0 cerim\u00f4nia completa no Canal do IFUSP no YouTube, onde voc\u00ea encontra tamb\u00e9m a lista de todos os cientistas que participaram do evento<\/p>\n\n\n\n<figure class=\"wp-block-embed aligncenter is-type-video is-provider-youtube wp-block-embed-youtube wp-embed-aspect-16-9 wp-has-aspect-ratio\"><div class=\"wp-block-embed__wrapper\">\n<iframe title=\"Sylvio Canuto Festchrift Symposium\" width=\"900\" height=\"506\" data-src=\"https:\/\/www.youtube.com\/embed\/ImoPCj_fJXM?feature=oembed\" frameborder=\"0\" allow=\"accelerometer; autoplay; clipboard-write; encrypted-media; gyroscope; picture-in-picture; web-share\" referrerpolicy=\"strict-origin-when-cross-origin\" allowfullscreen src=\"data:image\/svg+xml;base64,PHN2ZyB3aWR0aD0iMSIgaGVpZ2h0PSIxIiB4bWxucz0iaHR0cDovL3d3dy53My5vcmcvMjAwMC9zdmciPjwvc3ZnPg==\" class=\"lazyload\" data-load-mode=\"1\"><\/iframe>\n<\/div><\/figure>\n\n\n\n<p><strong>(Colaborou Roger Marzochi)<\/strong><\/p>\n","protected":false},"excerpt":{"rendered":"<p>\u201cEm esporte a gente compete, mas em ci\u00eancia a gente colabora.\u201d Foi assim que o f\u00edsico Sylvio Canuto, presidente da Sociedade Brasileira de F\u00edsica (SBF), agradeceu \u00e0 comunidade cient\u00edfica sobre a realiza\u00e7\u00e3o do evento \u201cSylvio Canuto Festchrift Symposium\u201d, realizado na quarta-feira (19\/11) no audit\u00f3rio Abrah\u00e3o de Moraes, no Instituto de F\u00edsica da Universidade de S\u00e3o [&hellip;]<\/p>\n","protected":false},"author":12,"featured_media":29565,"comment_status":"open","ping_status":"open","sticky":false,"template":"","format":"standard","meta":{"footnotes":""},"categories":[669],"tags":[334,375,255,663,1602,945],"class_list":["post-29564","post","type-post","status-publish","format-standard","has-post-thumbnail","hentry","category-mundo-da-fisica","tag-cnpem","tag-ifusp","tag-sbf","tag-sylvio-canuto","tag-sylvio-canuto-festchrift-symposium","tag-unb"],"aioseo_notices":[],"_links":{"self":[{"href":"https:\/\/www.sbfisica.org.br\/v1\/sbf\/wp-json\/wp\/v2\/posts\/29564","targetHints":{"allow":["GET"]}}],"collection":[{"href":"https:\/\/www.sbfisica.org.br\/v1\/sbf\/wp-json\/wp\/v2\/posts"}],"about":[{"href":"https:\/\/www.sbfisica.org.br\/v1\/sbf\/wp-json\/wp\/v2\/types\/post"}],"author":[{"embeddable":true,"href":"https:\/\/www.sbfisica.org.br\/v1\/sbf\/wp-json\/wp\/v2\/users\/12"}],"replies":[{"embeddable":true,"href":"https:\/\/www.sbfisica.org.br\/v1\/sbf\/wp-json\/wp\/v2\/comments?post=29564"}],"version-history":[{"count":1,"href":"https:\/\/www.sbfisica.org.br\/v1\/sbf\/wp-json\/wp\/v2\/posts\/29564\/revisions"}],"predecessor-version":[{"id":29585,"href":"https:\/\/www.sbfisica.org.br\/v1\/sbf\/wp-json\/wp\/v2\/posts\/29564\/revisions\/29585"}],"wp:featuredmedia":[{"embeddable":true,"href":"https:\/\/www.sbfisica.org.br\/v1\/sbf\/wp-json\/wp\/v2\/media\/29565"}],"wp:attachment":[{"href":"https:\/\/www.sbfisica.org.br\/v1\/sbf\/wp-json\/wp\/v2\/media?parent=29564"}],"wp:term":[{"taxonomy":"category","embeddable":true,"href":"https:\/\/www.sbfisica.org.br\/v1\/sbf\/wp-json\/wp\/v2\/categories?post=29564"},{"taxonomy":"post_tag","embeddable":true,"href":"https:\/\/www.sbfisica.org.br\/v1\/sbf\/wp-json\/wp\/v2\/tags?post=29564"}],"curies":[{"name":"wp","href":"https:\/\/api.w.org\/{rel}","templated":true}]}}