{"id":29563,"date":"2025-11-21T14:50:50","date_gmt":"2025-11-21T17:50:50","guid":{"rendered":"https:\/\/www.sbfisica.org.br\/v1\/sbf\/?p=29563"},"modified":"2025-11-21T14:50:51","modified_gmt":"2025-11-21T17:50:51","slug":"cursos-de-verao-do-ift-2026","status":"publish","type":"post","link":"https:\/\/www.sbfisica.org.br\/v1\/sbf\/cursos-de-verao-do-ift-2026\/","title":{"rendered":"Cursos de Ver\u00e3o do IFT 2026"},"content":{"rendered":"\n<p>A edi\u00e7\u00e3o 2026 dos Cursos de Ver\u00e3o do IFT contar\u00e3o com tr\u00eas\u00a0cursos,\u00a0mas os alunos poder\u00e3o se inscrever em no m\u00e1ximo dois. Os cursos\u00a0s\u00e3o destinados a alunos avan\u00e7ados de gradua\u00e7\u00e3o e mestrado. Cada curso compreende quatro aulas (de aproximadamente 1,5 hora cada) por semana de atividades presenciais, incluindo aulas expositivas,\u00a0discuss\u00f5es, resolu\u00e7\u00e3o de problemas e sess\u00f5es de avalia\u00e7\u00e3o.<\/p>\n\n\n\n<p>Ser\u00e3o emitidos \u201cCertificados de Participa\u00e7\u00e3o\u201d para aqueles que obtiverem 75% ou mais de assiduidade \u00e0s atividades presenciais.<\/p>\n\n\n\n<p>Informa\u00e7\u00f5es e inscri\u00e7\u00f5es podem ser encontradas no seguinte link:<\/p>\n\n\n\n<p><a href=\"https:\/\/www.ift.unesp.br\/#!\/pesquisa\/cursos-de-verao-2026\">https:\/\/www.ift.unesp.br\/#!\/pesquisa\/cursos-de-verao-2026<\/a><\/p>\n","protected":false},"excerpt":{"rendered":"<p>A edi\u00e7\u00e3o 2026 dos Cursos de Ver\u00e3o do IFT contar\u00e3o com tr\u00eas\u00a0cursos,\u00a0mas os alunos poder\u00e3o se inscrever em no m\u00e1ximo dois. Os cursos\u00a0s\u00e3o destinados a alunos avan\u00e7ados de gradua\u00e7\u00e3o e mestrado. Cada curso compreende quatro aulas (de aproximadamente 1,5 hora cada) por semana de atividades presenciais, incluindo aulas expositivas,\u00a0discuss\u00f5es, resolu\u00e7\u00e3o de problemas e sess\u00f5es de [&hellip;]<\/p>\n","protected":false},"author":4,"featured_media":16567,"comment_status":"open","ping_status":"open","sticky":false,"template":"","format":"standard","meta":{"footnotes":""},"categories":[461],"tags":[],"class_list":["post-29563","post","type-post","status-publish","format-standard","has-post-thumbnail","hentry","category-eventos"],"aioseo_notices":[],"_links":{"self":[{"href":"https:\/\/www.sbfisica.org.br\/v1\/sbf\/wp-json\/wp\/v2\/posts\/29563","targetHints":{"allow":["GET"]}}],"collection":[{"href":"https:\/\/www.sbfisica.org.br\/v1\/sbf\/wp-json\/wp\/v2\/posts"}],"about":[{"href":"https:\/\/www.sbfisica.org.br\/v1\/sbf\/wp-json\/wp\/v2\/types\/post"}],"author":[{"embeddable":true,"href":"https:\/\/www.sbfisica.org.br\/v1\/sbf\/wp-json\/wp\/v2\/users\/4"}],"replies":[{"embeddable":true,"href":"https:\/\/www.sbfisica.org.br\/v1\/sbf\/wp-json\/wp\/v2\/comments?post=29563"}],"version-history":[{"count":1,"href":"https:\/\/www.sbfisica.org.br\/v1\/sbf\/wp-json\/wp\/v2\/posts\/29563\/revisions"}],"predecessor-version":[{"id":29567,"href":"https:\/\/www.sbfisica.org.br\/v1\/sbf\/wp-json\/wp\/v2\/posts\/29563\/revisions\/29567"}],"wp:featuredmedia":[{"embeddable":true,"href":"https:\/\/www.sbfisica.org.br\/v1\/sbf\/wp-json\/wp\/v2\/media\/16567"}],"wp:attachment":[{"href":"https:\/\/www.sbfisica.org.br\/v1\/sbf\/wp-json\/wp\/v2\/media?parent=29563"}],"wp:term":[{"taxonomy":"category","embeddable":true,"href":"https:\/\/www.sbfisica.org.br\/v1\/sbf\/wp-json\/wp\/v2\/categories?post=29563"},{"taxonomy":"post_tag","embeddable":true,"href":"https:\/\/www.sbfisica.org.br\/v1\/sbf\/wp-json\/wp\/v2\/tags?post=29563"}],"curies":[{"name":"wp","href":"https:\/\/api.w.org\/{rel}","templated":true}]}}