{"id":29515,"date":"2025-11-13T15:02:55","date_gmt":"2025-11-13T18:02:55","guid":{"rendered":"https:\/\/www.sbfisica.org.br\/v1\/sbf\/?p=29515"},"modified":"2025-11-13T15:02:56","modified_gmt":"2025-11-13T18:02:56","slug":"ii-encontro-sobre-divulgacao-e-ensino-de-fisica-de-particulas","status":"publish","type":"post","link":"https:\/\/www.sbfisica.org.br\/v1\/sbf\/ii-encontro-sobre-divulgacao-e-ensino-de-fisica-de-particulas\/","title":{"rendered":"II Encontro sobre Divulga\u00e7\u00e3o e Ensino de F\u00edsica de Part\u00edculas"},"content":{"rendered":"\n<figure class=\"wp-block-image size-full\"><img fetchpriority=\"high\" decoding=\"async\" width=\"700\" height=\"300\" src=\"https:\/\/www.sbfisica.org.br\/v1\/sbf\/wp-content\/uploads\/2025\/11\/banner-para-site-ippog.png\" alt=\"\" class=\"wp-image-29516\"\/><\/figure>\n\n\n\n<p>A import\u00e2ncia da divulga\u00e7\u00e3o e do ensino de temas da F\u00edsica Contempor\u00e2nea, como F\u00edsica Qu\u00e2ntica e F\u00edsica de Part\u00edculas, tem se tornado cada vez mais um consenso entre pesquisadores e educadores da \u00e1rea de ensino em ci\u00eancias. O papel relevante desse conhecimento para uma forma\u00e7\u00e3o cultural e para o pleno exerc\u00edcio da cidadania tem se tornado cada vez mais evidente.<\/p>\n\n\n\n<p>O <em>I Encontro sobre Divulga\u00e7\u00e3o e Ensino de F\u00edsica de Part\u00edculas<\/em>, realizado em 2020, buscou criar um espa\u00e7o inovador de aproxima\u00e7\u00e3o entre cientistas, divulgadores e educadores, promovendo di\u00e1logos sobre a import\u00e2ncia social da difus\u00e3o dos conhecimentos desta \u00e1rea e as diferentes estrat\u00e9gias empregadas nestas pr\u00e1ticas.<\/p>\n\n\n\n<p>Dando continuidade a esse movimento, temos a satisfa\u00e7\u00e3o de anunciar a realiza\u00e7\u00e3o do&nbsp; <strong>II Encontro sobre Divulga\u00e7\u00e3o e Ensino de F\u00edsica de Part\u00edculas<\/strong>, que acontecer\u00e1 virtualmente, nos dias<strong> 15 e 16 de dezembro de 2025<\/strong>. O evento buscar\u00e1 aprofundar as discuss\u00f5es iniciadas na primeira edi\u00e7\u00e3o e ampliar o espa\u00e7o de trocas, reflex\u00f5es e parcerias entre a comunidade acad\u00eamica e educadores (atuantes ou em forma\u00e7\u00e3o)&nbsp; interessados&nbsp; nesse campo.&nbsp; P\u00e1gina do encontro:&nbsp; <a href=\"https:\/\/indico.cern.ch\/e\/ippog-brasil-2025\">https:\/\/indico.cern.ch\/e\/ippog-brasil-2025<\/a>&nbsp;&nbsp; .<\/p>\n","protected":false},"excerpt":{"rendered":"<p>A import\u00e2ncia da divulga\u00e7\u00e3o e do ensino de temas da F\u00edsica Contempor\u00e2nea, como F\u00edsica Qu\u00e2ntica e F\u00edsica de Part\u00edculas, tem se tornado cada vez mais um consenso entre pesquisadores e educadores da \u00e1rea de ensino em ci\u00eancias. O papel relevante desse conhecimento para uma forma\u00e7\u00e3o cultural e para o pleno exerc\u00edcio da cidadania tem se [&hellip;]<\/p>\n","protected":false},"author":4,"featured_media":16567,"comment_status":"open","ping_status":"open","sticky":false,"template":"","format":"standard","meta":{"footnotes":""},"categories":[461],"tags":[],"class_list":["post-29515","post","type-post","status-publish","format-standard","has-post-thumbnail","hentry","category-eventos"],"aioseo_notices":[],"_links":{"self":[{"href":"https:\/\/www.sbfisica.org.br\/v1\/sbf\/wp-json\/wp\/v2\/posts\/29515","targetHints":{"allow":["GET"]}}],"collection":[{"href":"https:\/\/www.sbfisica.org.br\/v1\/sbf\/wp-json\/wp\/v2\/posts"}],"about":[{"href":"https:\/\/www.sbfisica.org.br\/v1\/sbf\/wp-json\/wp\/v2\/types\/post"}],"author":[{"embeddable":true,"href":"https:\/\/www.sbfisica.org.br\/v1\/sbf\/wp-json\/wp\/v2\/users\/4"}],"replies":[{"embeddable":true,"href":"https:\/\/www.sbfisica.org.br\/v1\/sbf\/wp-json\/wp\/v2\/comments?post=29515"}],"version-history":[{"count":1,"href":"https:\/\/www.sbfisica.org.br\/v1\/sbf\/wp-json\/wp\/v2\/posts\/29515\/revisions"}],"predecessor-version":[{"id":29517,"href":"https:\/\/www.sbfisica.org.br\/v1\/sbf\/wp-json\/wp\/v2\/posts\/29515\/revisions\/29517"}],"wp:featuredmedia":[{"embeddable":true,"href":"https:\/\/www.sbfisica.org.br\/v1\/sbf\/wp-json\/wp\/v2\/media\/16567"}],"wp:attachment":[{"href":"https:\/\/www.sbfisica.org.br\/v1\/sbf\/wp-json\/wp\/v2\/media?parent=29515"}],"wp:term":[{"taxonomy":"category","embeddable":true,"href":"https:\/\/www.sbfisica.org.br\/v1\/sbf\/wp-json\/wp\/v2\/categories?post=29515"},{"taxonomy":"post_tag","embeddable":true,"href":"https:\/\/www.sbfisica.org.br\/v1\/sbf\/wp-json\/wp\/v2\/tags?post=29515"}],"curies":[{"name":"wp","href":"https:\/\/api.w.org\/{rel}","templated":true}]}}