{"id":28807,"date":"2025-09-09T21:38:48","date_gmt":"2025-09-10T00:38:48","guid":{"rendered":"https:\/\/www.sbfisica.org.br\/v1\/sbf\/?p=28807"},"modified":"2025-09-09T21:38:48","modified_gmt":"2025-09-10T00:38:48","slug":"xxvii-edicao-do-ciclo-de-cursos-especiais-cce","status":"publish","type":"post","link":"https:\/\/www.sbfisica.org.br\/v1\/sbf\/xxvii-edicao-do-ciclo-de-cursos-especiais-cce\/","title":{"rendered":"XXVII Edi\u00e7\u00e3o do Ciclo de Cursos Especiais (CCE)\u00a0"},"content":{"rendered":"\n<p>Comunicado por Clarissa Siqueira, Gustavo Madeira, Jorge Carvano, Rog\u00e9rio Monteiro e Simone Daflon em 04\/09\/2025<\/p>\n\n\n\n<p>A Divis\u00e3o de Programa P\u00f3s-Gradua\u00e7\u00e3o do Observat\u00f3rio Nacional promover\u00e1, de 03 a 06 de novembro,&nbsp;<strong>a&nbsp;<\/strong><a href=\"https:\/\/www.gov.br\/observatorio\/pt-br\/assuntos\/areas-de-atuacao\/astronomia-e-astrofisica\/ensino\/cce\/CCE_2025\/cce-2024\" target=\"_blank\" rel=\"noreferrer noopener\"><strong>XXVII Edi\u00e7\u00e3o do Ciclo de Cursos Especiais (CCE)<\/strong><\/a><strong>&nbsp;da Astronomia &amp; Astrof\u00edsica.<\/strong>&nbsp;A escola avan\u00e7ada ser\u00e1 realizada de forma&nbsp;<strong>presencial<\/strong>, na sede do Observat\u00f3rio Nacional, no Rio de Janeiro, e tem como p\u00fablico-alvo&nbsp;<strong>estudantes de p\u00f3s-gradua\u00e7\u00e3o e pesquisadores das \u00e1reas de Astronomia, Astrof\u00edsica e Cosmologia<\/strong>. Esta edi\u00e7\u00e3o da escola conta com suporte financeiro da FAPERJ atrav\u00e9s do edital de apoio a eventos cient\u00edficos.&nbsp;<\/p>\n\n\n\n<p>Seguindo o padr\u00e3o das edi\u00e7\u00f5es anteriores, os cursos oferecidos por&nbsp;<strong>pesquisadores de renome internacional<\/strong>&nbsp;abrangem diferentes tem\u00e1ticas como Astrof\u00edsica Estelar e Gal\u00e1ctica, Cosmologia e Astropart\u00edculas, e Ci\u00eancias Planet\u00e1rias.&nbsp;<\/p>\n\n\n\n<p><strong>A inscri\u00e7\u00e3o \u00e9 gratuita e pode ser feita na p\u00e1gina do CCE. As inscri\u00e7\u00f5es j\u00e1 est\u00e3o abertas e v\u00e3o at\u00e9 o dia 15 de outubro.<\/strong><\/p>\n\n\n\n<p>Os palestrantes convidados desta edi\u00e7\u00e3o do evento s\u00e3o:<\/p>\n\n\n\n<ul class=\"wp-block-list\">\n<li><strong>Stefano Profumo<\/strong>\u00a0(University of California, USA)<\/li>\n<\/ul>\n\n\n\n<p><strong>&nbsp; &nbsp; &nbsp; &nbsp; &nbsp; &nbsp; Tema<\/strong>: Lambda-CDM, Dark Matter, and Dark Energy<\/p>\n\n\n\n<ul class=\"wp-block-list\">\n<li><strong>Carme Gallart-Gallart<\/strong>\u00a0(Instituto Astrofisico de Canarias, Spain).<\/li>\n<\/ul>\n\n\n\n<p><strong>&nbsp; &nbsp; &nbsp; &nbsp; &nbsp; &nbsp; Tema<\/strong>: Galaxy Evolution in the Milky Way and Local Group<\/p>\n\n\n\n<ul class=\"wp-block-list\">\n<li><strong>Driss Takir<\/strong>\u00a0(Johnson Space Center, USA)<\/li>\n<\/ul>\n\n\n\n<p><strong>&nbsp; &nbsp; &nbsp; &nbsp; &nbsp; &nbsp; Tema<\/strong>: Observations, Experiments, and Modelling of Small Bodies<\/p>\n\n\n\n<p>Para mais informa\u00e7\u00f5es:&nbsp;<a href=\"https:\/\/www.gov.br\/observatorio\/pt-br\/assuntos\/areas-de-atuacao\/astronomia-e-astrofisica\/ensino\/cce\/CCE_2025\/cce-2024\" target=\"_blank\" rel=\"noreferrer noopener\">https:\/\/www.gov.br\/observatorio\/pt-br\/assuntos\/areas-de-atuacao\/astronomia-e-astrofisica\/ensino\/cce\/CCE_2025\/cce-2024<\/a><\/p>\n","protected":false},"excerpt":{"rendered":"<p>Comunicado por Clarissa Siqueira, Gustavo Madeira, Jorge Carvano, Rog\u00e9rio Monteiro e Simone Daflon em 04\/09\/2025 A Divis\u00e3o de Programa P\u00f3s-Gradua\u00e7\u00e3o do Observat\u00f3rio Nacional promover\u00e1, de 03 a 06 de novembro,&nbsp;a&nbsp;XXVII Edi\u00e7\u00e3o do Ciclo de Cursos Especiais (CCE)&nbsp;da Astronomia &amp; Astrof\u00edsica.&nbsp;A escola avan\u00e7ada ser\u00e1 realizada de forma&nbsp;presencial, na sede do Observat\u00f3rio Nacional, no Rio de Janeiro, [&hellip;]<\/p>\n","protected":false},"author":4,"featured_media":16567,"comment_status":"open","ping_status":"open","sticky":false,"template":"","format":"standard","meta":{"footnotes":""},"categories":[461],"tags":[],"class_list":["post-28807","post","type-post","status-publish","format-standard","has-post-thumbnail","hentry","category-eventos"],"aioseo_notices":[],"_links":{"self":[{"href":"https:\/\/www.sbfisica.org.br\/v1\/sbf\/wp-json\/wp\/v2\/posts\/28807","targetHints":{"allow":["GET"]}}],"collection":[{"href":"https:\/\/www.sbfisica.org.br\/v1\/sbf\/wp-json\/wp\/v2\/posts"}],"about":[{"href":"https:\/\/www.sbfisica.org.br\/v1\/sbf\/wp-json\/wp\/v2\/types\/post"}],"author":[{"embeddable":true,"href":"https:\/\/www.sbfisica.org.br\/v1\/sbf\/wp-json\/wp\/v2\/users\/4"}],"replies":[{"embeddable":true,"href":"https:\/\/www.sbfisica.org.br\/v1\/sbf\/wp-json\/wp\/v2\/comments?post=28807"}],"version-history":[{"count":1,"href":"https:\/\/www.sbfisica.org.br\/v1\/sbf\/wp-json\/wp\/v2\/posts\/28807\/revisions"}],"predecessor-version":[{"id":28808,"href":"https:\/\/www.sbfisica.org.br\/v1\/sbf\/wp-json\/wp\/v2\/posts\/28807\/revisions\/28808"}],"wp:featuredmedia":[{"embeddable":true,"href":"https:\/\/www.sbfisica.org.br\/v1\/sbf\/wp-json\/wp\/v2\/media\/16567"}],"wp:attachment":[{"href":"https:\/\/www.sbfisica.org.br\/v1\/sbf\/wp-json\/wp\/v2\/media?parent=28807"}],"wp:term":[{"taxonomy":"category","embeddable":true,"href":"https:\/\/www.sbfisica.org.br\/v1\/sbf\/wp-json\/wp\/v2\/categories?post=28807"},{"taxonomy":"post_tag","embeddable":true,"href":"https:\/\/www.sbfisica.org.br\/v1\/sbf\/wp-json\/wp\/v2\/tags?post=28807"}],"curies":[{"name":"wp","href":"https:\/\/api.w.org\/{rel}","templated":true}]}}