{"id":28351,"date":"2025-08-07T15:30:22","date_gmt":"2025-08-07T18:30:22","guid":{"rendered":"https:\/\/www.sbfisica.org.br\/v1\/sbf\/?p=28351"},"modified":"2025-08-07T15:30:22","modified_gmt":"2025-08-07T18:30:22","slug":"programa-de-pos-graduacao-formacao-cientifica-educacional-e-tecnologica-utfpr","status":"publish","type":"post","link":"https:\/\/www.sbfisica.org.br\/v1\/sbf\/programa-de-pos-graduacao-formacao-cientifica-educacional-e-tecnologica-utfpr\/","title":{"rendered":"Programa de P\u00f3s-Gradua\u00e7\u00e3o Forma\u00e7\u00e3o Cient\u00edfica, Educacional e Tecnol\u00f3gica UTFPR"},"content":{"rendered":"\n<p>Esta aberto o Processo seletivo do Programa de P\u00f3s-Gradua\u00e7\u00e3o Forma\u00e7\u00e3o Cient\u00edfica, Educacional e Tecnol\u00f3gica (PPGFCET) da UTFPR. Ao todo s\u00e3o 25 vagas para mestrado e 14 vagas para doutorado. As inscri\u00e7\u00f5es come\u00e7am dia 02 de agosto e v\u00e3o at\u00e9 02 de setembro.  A sele\u00e7\u00e3o \u00e9 pelo projeto de pesquisa e entrevista (argui\u00e7\u00e3o de projeto) em formato remoto.<\/p>\n\n\n\n<h2 class=\"wp-block-heading\"><br>Mais informa\u00e7\u00f5es sobre o programa<\/h2>\n\n\n\n<ul class=\"wp-block-list\">\n<li><a href=\"http:\/\/fcet.ct.utfpr.edu.br\/\">http:\/\/fcet.ct.utfpr.edu.br\/<\/a><\/li>\n<\/ul>\n\n\n\n<h2 class=\"wp-block-heading\">Link dos editais<\/h2>\n\n\n\n<ul class=\"wp-block-list\">\n<li><a href=\"https:\/\/www.utfpr.edu.br\/cursos\/coordenacoes\/stricto-sensu\/ppgfcet-ct\/destaques\/editais-mestrado-e-doutorado-turma-2026\">https:\/\/www.utfpr.edu.br\/cursos\/coordenacoes\/stricto-sensu\/ppgfcet-ct\/destaques\/editais-mestrado-e-doutorado-turma-2026<\/a><\/li>\n<\/ul>\n","protected":false},"excerpt":{"rendered":"<p>Esta aberto o Processo seletivo do Programa de P\u00f3s-Gradua\u00e7\u00e3o Forma\u00e7\u00e3o Cient\u00edfica, Educacional e Tecnol\u00f3gica (PPGFCET) da UTFPR. Ao todo s\u00e3o 25 vagas para mestrado e 14 vagas para doutorado. As inscri\u00e7\u00f5es come\u00e7am dia 02 de agosto e v\u00e3o at\u00e9 02 de setembro. A sele\u00e7\u00e3o \u00e9 pelo projeto de pesquisa e entrevista (argui\u00e7\u00e3o de projeto) em [&hellip;]<\/p>\n","protected":false},"author":12,"featured_media":16567,"comment_status":"open","ping_status":"open","sticky":false,"template":"","format":"standard","meta":{"footnotes":""},"categories":[456],"tags":[1384,1383,1385],"class_list":["post-28351","post","type-post","status-publish","format-standard","has-post-thumbnail","hentry","category-processos-seletivos","tag-doutorado","tag-mestrado","tag-utfpr"],"aioseo_notices":[],"_links":{"self":[{"href":"https:\/\/www.sbfisica.org.br\/v1\/sbf\/wp-json\/wp\/v2\/posts\/28351","targetHints":{"allow":["GET"]}}],"collection":[{"href":"https:\/\/www.sbfisica.org.br\/v1\/sbf\/wp-json\/wp\/v2\/posts"}],"about":[{"href":"https:\/\/www.sbfisica.org.br\/v1\/sbf\/wp-json\/wp\/v2\/types\/post"}],"author":[{"embeddable":true,"href":"https:\/\/www.sbfisica.org.br\/v1\/sbf\/wp-json\/wp\/v2\/users\/12"}],"replies":[{"embeddable":true,"href":"https:\/\/www.sbfisica.org.br\/v1\/sbf\/wp-json\/wp\/v2\/comments?post=28351"}],"version-history":[{"count":1,"href":"https:\/\/www.sbfisica.org.br\/v1\/sbf\/wp-json\/wp\/v2\/posts\/28351\/revisions"}],"predecessor-version":[{"id":28352,"href":"https:\/\/www.sbfisica.org.br\/v1\/sbf\/wp-json\/wp\/v2\/posts\/28351\/revisions\/28352"}],"wp:featuredmedia":[{"embeddable":true,"href":"https:\/\/www.sbfisica.org.br\/v1\/sbf\/wp-json\/wp\/v2\/media\/16567"}],"wp:attachment":[{"href":"https:\/\/www.sbfisica.org.br\/v1\/sbf\/wp-json\/wp\/v2\/media?parent=28351"}],"wp:term":[{"taxonomy":"category","embeddable":true,"href":"https:\/\/www.sbfisica.org.br\/v1\/sbf\/wp-json\/wp\/v2\/categories?post=28351"},{"taxonomy":"post_tag","embeddable":true,"href":"https:\/\/www.sbfisica.org.br\/v1\/sbf\/wp-json\/wp\/v2\/tags?post=28351"}],"curies":[{"name":"wp","href":"https:\/\/api.w.org\/{rel}","templated":true}]}}