{"id":28320,"date":"2025-08-07T13:46:48","date_gmt":"2025-08-07T16:46:48","guid":{"rendered":"https:\/\/www.sbfisica.org.br\/v1\/sbf\/?p=28320"},"modified":"2025-08-07T14:01:39","modified_gmt":"2025-08-07T17:01:39","slug":"palco-das-estrelas-une-fisica-e-arte-em-mural-na-sede-da-sbf-em-sao-paulo","status":"publish","type":"post","link":"https:\/\/www.sbfisica.org.br\/v1\/sbf\/palco-das-estrelas-une-fisica-e-arte-em-mural-na-sede-da-sbf-em-sao-paulo\/","title":{"rendered":"\u201cPalco das Estrelas\u201d une F\u00edsica e arte em mural na sede da SBF em S\u00e3o Paulo"},"content":{"rendered":"\n<p>Se a mec\u00e2nica qu\u00e2ntica muito depende do \u201colhar\u201d de um observador, o que suscita profundos debates filos\u00f3ficos em mais de cem anos, imagine ent\u00e3o a arte que, por excel\u00eancia, \u00e9 capaz de \u201cincorporar saberes\u201d, na vis\u00e3o da antrop\u00f3loga Yvonne Daniel (<a href=\"https:\/\/www.amazon.com.br\/Dancing-Wisdom-Embodied-Knowledge-Candombl%C3%A9\/dp\/0252072073\">Dancing Wisdon, 2005<\/a>). O olhar da f\u00edsica hoje ganha ainda mais profundidade simb\u00f3lica com \u201cPalco das Estrelas\u201d, mural que foi criado pela artista paulista radicada em Campinas Estela Luz na sede da Sociedade Brasileira de F\u00edsica (SBF), dentro do Instituto de F\u00edsica da Universidade de S\u00e3o Paulo (IFUSP).<\/p>\n\n\n\n<p>\u201cPor que que eu coloquei esse nome, n\u00e9? Porque eu penso muito nessa quest\u00e3o po\u00e9tica do horizonte como sendo um \u2018palco das estrelas\u2019 onde acontecem as coisas, no firmamento. De repente, a gente \u00e9 como se fosse essa linha imagin\u00e1ria para onde a gente caminha, fantasiosamente como voc\u00ea estivesse sempre em linha reta. Talvez, nesse caminho, um dia voc\u00ea chegaria em voc\u00ea mesmo, se isso fosse poss\u00edvel numa velocidade absurda\u201d, brinca com as palavras a artista, em entrevista por e-mail ao <strong>Boletim SBF<\/strong>.<\/p>\n\n\n\n<p>Artista Multidisciplinar, com \u00eanfase em artes visuais, m\u00fasica e poesia, ela \u00e9 ainda musicista, Bacharel em M\u00fasica Popular pela Universidade Estadual de Campinas (Unicamp). Desde 2009, ela se dedica tamb\u00e9m \u00e0s artes visuais e desde 2017 \u00e9 mentora de artistas, realizando cursos e oficinas, bem como de acompanhamento art\u00edstico e aconselhamento de carreira.<\/p>\n\n\n\n<p>Em 2023, foi a primeira mulher a realizar um mural em pr\u00e9dio de 350 m\u00b2 em Campinas, no interior de S\u00e3o Paulo. Estela tamb\u00e9m realizou pintura de murais em outras cidades do interior paulista, em Pernambuco e no Uruguai. Foi palestrante internacional no &#8220;I Congreso de Arte Digital&#8221; em Montevideo\/UY (2023) e foi artista participante do Festival Urbanas no CDHU Padre Anchieta (Campinas). O seu fasc\u00ednio pelos segredos da f\u00edsica, ali\u00e1s, levou-a a pintar outro mural, antes de \u201cPalco das Estrelas\u201d, na \u00e1rea de descanso da sede do Laborat\u00f3rio Nacional de Nanotecnologia (LNNano), que integra do Centro Nacional de Pesquisa em Energia e Materiais (CNPEM), em Campinas.<\/p>\n\n\n\n<figure class=\"wp-block-gallery has-nested-images columns-default is-cropped wp-block-gallery-1 is-layout-flex wp-block-gallery-is-layout-flex\">\n<figure class=\"wp-block-image size-large\"><img fetchpriority=\"high\" decoding=\"async\" width=\"800\" height=\"600\" data-id=\"28323\" src=\"https:\/\/www.sbfisica.org.br\/v1\/sbf\/wp-content\/uploads\/2025\/08\/Estela-Mural-4-small.jpg\" alt=\"\" class=\"wp-image-28323\"\/><\/figure>\n\n\n\n<figure class=\"wp-block-image size-large\"><img decoding=\"async\" width=\"800\" height=\"600\" data-id=\"28322\" data-src=\"https:\/\/www.sbfisica.org.br\/v1\/sbf\/wp-content\/uploads\/2025\/08\/Estela-Mural-2-small.jpg\" alt=\"\" class=\"wp-image-28322 lazyload\" src=\"data:image\/svg+xml;base64,PHN2ZyB3aWR0aD0iMSIgaGVpZ2h0PSIxIiB4bWxucz0iaHR0cDovL3d3dy53My5vcmcvMjAwMC9zdmciPjwvc3ZnPg==\" style=\"--smush-placeholder-width: 800px; --smush-placeholder-aspect-ratio: 800\/600;\" \/><\/figure>\n\n\n\n<figure class=\"wp-block-image size-large\"><img decoding=\"async\" width=\"800\" height=\"600\" data-id=\"28324\" data-src=\"https:\/\/www.sbfisica.org.br\/v1\/sbf\/wp-content\/uploads\/2025\/08\/Estela-Mural-3-small.jpg\" alt=\"\" class=\"wp-image-28324 lazyload\" src=\"data:image\/svg+xml;base64,PHN2ZyB3aWR0aD0iMSIgaGVpZ2h0PSIxIiB4bWxucz0iaHR0cDovL3d3dy53My5vcmcvMjAwMC9zdmciPjwvc3ZnPg==\" style=\"--smush-placeholder-width: 800px; --smush-placeholder-aspect-ratio: 800\/600;\" \/><\/figure>\n\n\n\n<figure class=\"wp-block-image size-large\"><img decoding=\"async\" width=\"960\" height=\"719\" data-id=\"28321\" data-src=\"https:\/\/www.sbfisica.org.br\/v1\/sbf\/wp-content\/uploads\/2025\/08\/Estela-Mural-9-small.jpg\" alt=\"\" class=\"wp-image-28321 lazyload\" src=\"data:image\/svg+xml;base64,PHN2ZyB3aWR0aD0iMSIgaGVpZ2h0PSIxIiB4bWxucz0iaHR0cDovL3d3dy53My5vcmcvMjAwMC9zdmciPjwvc3ZnPg==\" style=\"--smush-placeholder-width: 960px; --smush-placeholder-aspect-ratio: 960\/719;\" \/><\/figure>\n\n\n\n<figure class=\"wp-block-image size-large\"><img decoding=\"async\" width=\"400\" height=\"301\" data-id=\"28326\" data-src=\"https:\/\/www.sbfisica.org.br\/v1\/sbf\/wp-content\/uploads\/2025\/08\/Estela-Luz-small.webp\" alt=\"\" class=\"wp-image-28326 lazyload\" src=\"data:image\/svg+xml;base64,PHN2ZyB3aWR0aD0iMSIgaGVpZ2h0PSIxIiB4bWxucz0iaHR0cDovL3d3dy53My5vcmcvMjAwMC9zdmciPjwvc3ZnPg==\" style=\"--smush-placeholder-width: 400px; --smush-placeholder-aspect-ratio: 400\/301;\" \/><figcaption class=\"wp-element-caption\">Artista multidisciplinar Estela Luz, autora do mural &#8220;Palco das Estrelas&#8221;, pintado na sede da SBF. (Foto: estelaluz.com.br)<\/figcaption><\/figure>\n\n\n\n<figure class=\"wp-block-image size-large\"><img decoding=\"async\" width=\"800\" height=\"600\" data-id=\"28331\" data-src=\"https:\/\/www.sbfisica.org.br\/v1\/sbf\/wp-content\/uploads\/2025\/08\/Estela-Luz-assinatura-small.jpg\" alt=\"\" class=\"wp-image-28331 lazyload\" src=\"data:image\/svg+xml;base64,PHN2ZyB3aWR0aD0iMSIgaGVpZ2h0PSIxIiB4bWxucz0iaHR0cDovL3d3dy53My5vcmcvMjAwMC9zdmciPjwvc3ZnPg==\" style=\"--smush-placeholder-width: 800px; --smush-placeholder-aspect-ratio: 800\/600;\" \/><figcaption class=\"wp-element-caption\">Estela, junto \u00e0 sua assinatura, no mural da SBF.<\/figcaption><\/figure>\n<\/figure>\n\n\n\n<p>Em sua arte figurativa na SBF, Estela fez uma imers\u00e3o em diversos aspectos filos\u00f3ficos, criativos e simb\u00f3licos da f\u00edsica, trilhando n\u00e3o no estilo, mas num caminho que Salvador Dal\u00ed seguiu com suas inspira\u00e7\u00f5es na f\u00edsica nuclear no p\u00f3s-Guerra, em seu Surrealismo m\u00e1gico, enigm\u00e1tico e desafiador. Objetivamente, a artista se inspira na obra do artista M. C. Escher, informou sua produtora. H\u00e1 na obra de Estela a representa\u00e7\u00e3o da ic\u00f4nica imagem do f\u00edsico austr\u00edaco Wolfgang Pauli e do dinamarqu\u00eas Niels Bohr, dois dos principais nomes da f\u00edsica qu\u00e2ntica no s\u00e9culo XX.<\/p>\n\n\n\n<p>Ambos estavam profundamente envolvidos nas discuss\u00f5es que moldaram a compreens\u00e3o moderna da mat\u00e9ria em n\u00edvel subat\u00f4mico. H\u00e1 uma representa\u00e7\u00e3o que mostra os dois observando um \u201ctippe top\u201d, um tipo especial de pe\u00e3o que, ao girar, inverte-se e continua rodando sobre a cabe\u00e7a. Esse comportamento contraintuitivo fascina cientistas e leigos, e inspirou a ideia do spin do el\u00e9tron: uma propriedade intrinsecamente qu\u00e2ntica, sem paralelo direto no mundo cl\u00e1ssico. No entanto, a imagem de um objeto girando e se invertendo pode ter oferecido uma analogia visual inspiradora. Pauli ainda foi o respons\u00e1vel pela g\u00eanese do Princ\u00edpio Exclus\u00e3o, que explica o porqu\u00ea h\u00e1 mat\u00e9ria est\u00e1vel no Universo.<\/p>\n\n\n\n<p>A presen\u00e7a na obra da cor violeta, por exemplo, \u00e9 reflexo tamb\u00e9m das inspira\u00e7\u00f5es de Estela em visita aos laborat\u00f3rios, como o laborat\u00f3rio de plasma, e \u00e0s met\u00e1foras do emaranhamento de part\u00edculas de luz. \u201cEu acho muito bonito como os f\u00edsicos descrevem seus experimentos, as palavras que s\u00e3o usadas, as met\u00e1foras como, por exemplo, luz emaranhada. Achei isso t\u00e3o bonito. Ou, de repente, num outro laborat\u00f3rio de plasma, que a\u00ed voc\u00ea vai fazer o processo, voc\u00ea libera a luz violeta, da\u00ed por isso eu resolvi trazer essa tonalidade.\u201d<\/p>\n\n\n\n<p>A artista chegou at\u00e9 mesmo a receber uma s\u00e9rie de equa\u00e7\u00f5es do ex-presidente da SBF, Rodrigo Capaz, a fim de inspirar o seu trabalho. \u201cUma coisa que eu achei interessante tamb\u00e9m, bonita, que foi no momento que eu, conversando com o professor Rodrigo Capaz, ele me mandou umas dez equa\u00e7\u00f5es para eu estudar, para eu, sei l\u00e1, para eu conhecer. E eu conversei com outro f\u00edsico amigo meu, que ele falou: olha, me conta como que voc\u00ea visualiza esses fen\u00f4menos, o que que \u00e9 isso?\u201d, lembra a artista. \u201cEu fui chegando tamb\u00e9m em outros lugares. Ent\u00e3o foi muito rico, foi uma explora\u00e7\u00e3o mesmo do tema, foi bem profunda, bem intensa, foram dias de muita imers\u00e3o mesmo.\u201d<\/p>\n\n\n\n<p>Como afirmou Walter Benjamin em \u201cA obra de arte na era de sua reprodutibilidade t\u00e9cnica\u201d, uma fotografia pode apagar a \u201caura\u201d da obra de arte, aquilo que s\u00f3 se revela na presen\u00e7a direta, \u00fanica e irrepet\u00edvel. Pois nem as imagens deste texto, nem os v\u00eddeos que possam surgir, ser\u00e3o capazes de nos colocar frente a frente com esse mural monumental, que guarda segredos e pistas sobre como ver os desenhos e as cores atrav\u00e9s do olhar de Estela. Ah, mas isso\u2026 s\u00f3 se revela a quem visita a sede da SBF. E, ainda assim, \u00e9 como a ideia da linha do horizonte que inspirou a artista, porque, como nos lembra Merleau-Ponty, mesmo com todas as dicas, o que voc\u00ea ver\u00e1 ser\u00e1 sempre algo \u00fanico, e jamais visto antes pela sua percep\u00e7\u00e3o presencial.<\/p>\n\n\n\n<p><strong>(Colaborou Roger Marzochi)<\/strong><\/p>\n\n\n\n<p><strong>Cr\u00e9dito de imagens do mural:<\/strong> (Artista: @estelaluz.art; assist\u00eancia: @afolego; produ\u00e7\u00e3o: @van_vargas e @bitelliannaju; fotos @vras77 e&nbsp;@bitelliannaju)<\/p>\n\n\n\n<p><\/p>\n","protected":false},"excerpt":{"rendered":"<p>Se a mec\u00e2nica qu\u00e2ntica muito depende do \u201colhar\u201d de um observador, o que suscita profundos debates filos\u00f3ficos em mais de cem anos, imagine ent\u00e3o a arte que, por excel\u00eancia, \u00e9 capaz de \u201cincorporar saberes\u201d, na vis\u00e3o da antrop\u00f3loga Yvonne Daniel (Dancing Wisdon, 2005). O olhar da f\u00edsica hoje ganha ainda mais profundidade simb\u00f3lica com \u201cPalco [&hellip;]<\/p>\n","protected":false},"author":12,"featured_media":28325,"comment_status":"open","ping_status":"open","sticky":false,"template":"","format":"standard","meta":{"footnotes":""},"categories":[127],"tags":[1372,1371,375,1373,255],"class_list":["post-28320","post","type-post","status-publish","format-standard","has-post-thumbnail","hentry","category-acontece-na-sbf","tag-arte","tag-estela-luz","tag-ifusp","tag-mural","tag-sbf"],"aioseo_notices":[],"_links":{"self":[{"href":"https:\/\/www.sbfisica.org.br\/v1\/sbf\/wp-json\/wp\/v2\/posts\/28320","targetHints":{"allow":["GET"]}}],"collection":[{"href":"https:\/\/www.sbfisica.org.br\/v1\/sbf\/wp-json\/wp\/v2\/posts"}],"about":[{"href":"https:\/\/www.sbfisica.org.br\/v1\/sbf\/wp-json\/wp\/v2\/types\/post"}],"author":[{"embeddable":true,"href":"https:\/\/www.sbfisica.org.br\/v1\/sbf\/wp-json\/wp\/v2\/users\/12"}],"replies":[{"embeddable":true,"href":"https:\/\/www.sbfisica.org.br\/v1\/sbf\/wp-json\/wp\/v2\/comments?post=28320"}],"version-history":[{"count":3,"href":"https:\/\/www.sbfisica.org.br\/v1\/sbf\/wp-json\/wp\/v2\/posts\/28320\/revisions"}],"predecessor-version":[{"id":28332,"href":"https:\/\/www.sbfisica.org.br\/v1\/sbf\/wp-json\/wp\/v2\/posts\/28320\/revisions\/28332"}],"wp:featuredmedia":[{"embeddable":true,"href":"https:\/\/www.sbfisica.org.br\/v1\/sbf\/wp-json\/wp\/v2\/media\/28325"}],"wp:attachment":[{"href":"https:\/\/www.sbfisica.org.br\/v1\/sbf\/wp-json\/wp\/v2\/media?parent=28320"}],"wp:term":[{"taxonomy":"category","embeddable":true,"href":"https:\/\/www.sbfisica.org.br\/v1\/sbf\/wp-json\/wp\/v2\/categories?post=28320"},{"taxonomy":"post_tag","embeddable":true,"href":"https:\/\/www.sbfisica.org.br\/v1\/sbf\/wp-json\/wp\/v2\/tags?post=28320"}],"curies":[{"name":"wp","href":"https:\/\/api.w.org\/{rel}","templated":true}]}}