{"id":28312,"date":"2025-08-07T12:05:42","date_gmt":"2025-08-07T15:05:42","guid":{"rendered":"https:\/\/www.sbfisica.org.br\/v1\/sbf\/?p=28312"},"modified":"2025-08-07T12:05:42","modified_gmt":"2025-08-07T15:05:42","slug":"4a-semana-quantica","status":"publish","type":"post","link":"https:\/\/www.sbfisica.org.br\/v1\/sbf\/4a-semana-quantica\/","title":{"rendered":"4\u00aa Semana Qu\u00e2ntica"},"content":{"rendered":"\n<figure class=\"wp-block-image size-full\"><img fetchpriority=\"high\" decoding=\"async\" width=\"960\" height=\"540\" src=\"https:\/\/www.sbfisica.org.br\/v1\/sbf\/wp-content\/uploads\/2025\/08\/Proj.-Semana-Quantica.jpg\" alt=\"\" class=\"wp-image-28313\"\/><\/figure>\n\n\n\n<p>Prezadas equipes da Secretaria Municipal de Educa\u00e7\u00e3o, Secretaria Estadual de Educa\u00e7\u00e3o da Bahia, Reitores, Pr\u00f3-reitores e profissionais da educa\u00e7\u00e3o, de comunica\u00e7\u00e3o e jornalismo,<\/p>\n\n\n\n<p>\u00c9 com grande alegria que anunciamos que est\u00e3o abertas as inscri\u00e7\u00f5es para a IV Semana Qu\u00e2ntica, em comemora\u00e7\u00e3o ao Ano Internacional da Ci\u00eancia e Tecnologia Qu\u00e2ntica, a ser realizada entre os dias 23 e 26 de setembro de 2025, nas depend\u00eancias do Instituto Federal da Bahia, Barbalho na cidade de Salvador-BA.<\/p>\n\n\n\n<p>Trata-se de um evento gratuito de divulga\u00e7\u00e3o cient\u00edfica aberto ao p\u00fablico de todas as idades. O objetivo \u00e9 democratizar o acesso ao conhecimento cient\u00edfico de ponta por meio da aproxima\u00e7\u00e3o com discuss\u00f5es sobre as tecnologias qu\u00e2nticas, explorando seu impacto em \u00e1reas como computa\u00e7\u00e3o, sa\u00fade, energia e inova\u00e7\u00e3o industrial. Ao longo da semana, ser\u00e3o realizadas palestras, oficinas pr\u00e1ticas,&nbsp;apresenta\u00e7\u00e3o de projetos cient\u00edficos por meio de comunica\u00e7\u00e3o oral,&nbsp;exposi\u00e7\u00f5es interativas e culturais (tem at\u00e9 um concurso de Cosplay), permitindo uma imers\u00e3o acess\u00edvel e envolvente no fascinante mundo da f\u00edsica qu\u00e2ntica. Al\u00e9m disso, o evento conta com uma forte presen\u00e7a digital por meio de plataformas como Instagram, YouTube e Spotify, garantindo a dissemina\u00e7\u00e3o de informa\u00e7\u00f5es e a amplia\u00e7\u00e3o do alcance das a\u00e7\u00f5es educativas.<\/p>\n\n\n\n<p><br>Convidamos voc\u00ea para visitar nossa p\u00e1gina (<a href=\"https:\/\/www.even3.com.br\/semana-quantica-4-edicao-585059\/\" target=\"_blank\" rel=\"noreferrer noopener\">https:\/\/www.even3.com.br\/semana-quantica-4-edicao-585059\/<\/a>), realizar sua inscri\u00e7\u00e3o e come\u00e7ar a planejar sua participa\u00e7\u00e3o.<\/p>\n\n\n\n<p>Fique atenta(o) aos prazos da IV Semana Qu\u00e2ntica:<\/p>\n\n\n\n<p>\u00b7&nbsp;&nbsp;&nbsp;&nbsp;&nbsp;&nbsp;&nbsp;&nbsp;&nbsp;Inscri\u00e7\u00f5es para o p\u00fablico geral:<strong>&nbsp;01 de julho a 18 de setembro&nbsp;<\/strong><\/p>\n\n\n\n<p>\u00b7&nbsp;&nbsp;&nbsp;&nbsp;&nbsp;&nbsp;&nbsp;&nbsp;&nbsp;Inscri\u00e7\u00f5es para apresenta\u00e7\u00e3o de trabalhos em comunica\u00e7\u00e3o oral:&nbsp;<strong>01 de julho a&nbsp;10 de agosto<\/strong><\/p>\n\n\n\n<p>\u00b7&nbsp;&nbsp;&nbsp;&nbsp;&nbsp;&nbsp;&nbsp;&nbsp;&nbsp;Divulga\u00e7\u00e3o das cartas de aceite para apresenta\u00e7\u00e3o de trabalhos:&nbsp;<strong>at\u00e9 15 de agosto&nbsp;<\/strong><\/p>\n\n\n\n<p>\u00b7&nbsp;&nbsp;&nbsp;&nbsp;&nbsp;&nbsp;&nbsp;&nbsp;&nbsp;&nbsp;Inscri\u00e7\u00f5es para o concurso de Cosplay:&nbsp;&nbsp;<strong>01 de julho a 10 de agosto<\/strong><\/p>\n\n\n\n<p><br>Convidamos toda a comunidade escolar a explorar o material j\u00e1 divulgado (podcast, v\u00eddeos, not\u00edcias) que pode ser acessado pelo link:&nbsp;<a href=\"https:\/\/getupscience.com\/iv-semana-quantica\/\" target=\"_blank\" rel=\"noreferrer noopener\">https:\/\/getupscience.com\/iv-semana-quantica\/<\/a><\/p>\n\n\n\n<p>Al\u00e9m disso, pedimos o apoio das Secretarias e das equipes de comunica\u00e7\u00e3o na articula\u00e7\u00e3o com escolas p\u00fablicas da capital e da regi\u00e3o metropolitana, para viabilizar visitas organizadas ao evento. A presen\u00e7a de crian\u00e7as, adolescentes, professores e fam\u00edlias de diferentes bairros de Salvador \u00e9 essencial para que essa a\u00e7\u00e3o alcance seus objetivos sociais e formativos.<\/p>\n\n\n\n<p>Contamos com sua parceria para transformar esse momento em uma grande celebra\u00e7\u00e3o da ci\u00eancia como cultura viva.<\/p>\n\n\n\n<div data-wp-interactive=\"core\/file\" class=\"wp-block-file\"><object data-wp-bind--hidden=\"!state.hasPdfPreview\" hidden class=\"wp-block-file__embed\" data=\"https:\/\/www.sbfisica.org.br\/v1\/sbf\/wp-content\/uploads\/2025\/08\/Quantica-2025.pdf\" type=\"application\/pdf\" style=\"width:100%;height:600px\" aria-label=\"Incorporado de Qu\u00e2ntica 2025.\"><\/object><a id=\"wp-block-file--media-a976c7e7-a6bd-4d99-9d2c-28de12642673\" href=\"https:\/\/www.sbfisica.org.br\/v1\/sbf\/wp-content\/uploads\/2025\/08\/Quantica-2025.pdf\">Qu\u00e2ntica 2025<\/a><a href=\"https:\/\/www.sbfisica.org.br\/v1\/sbf\/wp-content\/uploads\/2025\/08\/Quantica-2025.pdf\" class=\"wp-block-file__button wp-element-button\" download aria-describedby=\"wp-block-file--media-a976c7e7-a6bd-4d99-9d2c-28de12642673\">Baixar<\/a><\/div>\n","protected":false},"excerpt":{"rendered":"<p>Prezadas equipes da Secretaria Municipal de Educa\u00e7\u00e3o, Secretaria Estadual de Educa\u00e7\u00e3o da Bahia, Reitores, Pr\u00f3-reitores e profissionais da educa\u00e7\u00e3o, de comunica\u00e7\u00e3o e jornalismo, \u00c9 com grande alegria que anunciamos que est\u00e3o abertas as inscri\u00e7\u00f5es para a IV Semana Qu\u00e2ntica, em comemora\u00e7\u00e3o ao Ano Internacional da Ci\u00eancia e Tecnologia Qu\u00e2ntica, a ser realizada entre os dias [&hellip;]<\/p>\n","protected":false},"author":4,"featured_media":16567,"comment_status":"open","ping_status":"open","sticky":false,"template":"","format":"standard","meta":{"footnotes":""},"categories":[461],"tags":[],"class_list":["post-28312","post","type-post","status-publish","format-standard","has-post-thumbnail","hentry","category-eventos"],"aioseo_notices":[],"_links":{"self":[{"href":"https:\/\/www.sbfisica.org.br\/v1\/sbf\/wp-json\/wp\/v2\/posts\/28312","targetHints":{"allow":["GET"]}}],"collection":[{"href":"https:\/\/www.sbfisica.org.br\/v1\/sbf\/wp-json\/wp\/v2\/posts"}],"about":[{"href":"https:\/\/www.sbfisica.org.br\/v1\/sbf\/wp-json\/wp\/v2\/types\/post"}],"author":[{"embeddable":true,"href":"https:\/\/www.sbfisica.org.br\/v1\/sbf\/wp-json\/wp\/v2\/users\/4"}],"replies":[{"embeddable":true,"href":"https:\/\/www.sbfisica.org.br\/v1\/sbf\/wp-json\/wp\/v2\/comments?post=28312"}],"version-history":[{"count":1,"href":"https:\/\/www.sbfisica.org.br\/v1\/sbf\/wp-json\/wp\/v2\/posts\/28312\/revisions"}],"predecessor-version":[{"id":28315,"href":"https:\/\/www.sbfisica.org.br\/v1\/sbf\/wp-json\/wp\/v2\/posts\/28312\/revisions\/28315"}],"wp:featuredmedia":[{"embeddable":true,"href":"https:\/\/www.sbfisica.org.br\/v1\/sbf\/wp-json\/wp\/v2\/media\/16567"}],"wp:attachment":[{"href":"https:\/\/www.sbfisica.org.br\/v1\/sbf\/wp-json\/wp\/v2\/media?parent=28312"}],"wp:term":[{"taxonomy":"category","embeddable":true,"href":"https:\/\/www.sbfisica.org.br\/v1\/sbf\/wp-json\/wp\/v2\/categories?post=28312"},{"taxonomy":"post_tag","embeddable":true,"href":"https:\/\/www.sbfisica.org.br\/v1\/sbf\/wp-json\/wp\/v2\/tags?post=28312"}],"curies":[{"name":"wp","href":"https:\/\/api.w.org\/{rel}","templated":true}]}}