{"id":28302,"date":"2025-08-07T11:53:59","date_gmt":"2025-08-07T14:53:59","guid":{"rendered":"https:\/\/www.sbfisica.org.br\/v1\/sbf\/?p=28302"},"modified":"2025-08-07T11:53:59","modified_gmt":"2025-08-07T14:53:59","slug":"ictp-saifr-realiza-minicurso-sobre-geometria-do-espaco-tempo-para-alunos-do-ensino-medio","status":"publish","type":"post","link":"https:\/\/www.sbfisica.org.br\/v1\/sbf\/ictp-saifr-realiza-minicurso-sobre-geometria-do-espaco-tempo-para-alunos-do-ensino-medio\/","title":{"rendered":"ICTP-SAIFR realiza minicurso sobre geometria do espa\u00e7o-tempo para alunos do Ensino M\u00e9dio"},"content":{"rendered":"\n<p><em>Aulas ser\u00e3o ministradas pelo f\u00edsico Andr\u00e9 Landulfo nos dias 16, 23 e 30\/08<\/em><\/p>\n\n\n\n<p>O pr\u00f3ximo <a href=\"http:\/\/www.ictp-saifr.org\/alunos\">minicurso para estudantes do Ensino M\u00e9dio do ICTP-SAIFR<\/a> ter\u00e1 como tema \u201cA geometria do espa\u00e7o-tempo: uma introdu\u00e7\u00e3o \u00e0 relatividade e aos buracos negros\u201d e ser\u00e1 ministrado por Andr\u00e9 Landulfo, professor da UFABC. As aulas acontecem nos dias 16, 23 e 30 de agosto (s\u00e1bado), das 10h \u00e0s 13h, no audit\u00f3rio do IFT-Unesp, na cidade de S\u00e3o Paulo, com <a href=\"https:\/\/www.youtube.com\/@SAIFRResearch\">transmiss\u00e3o ao vivo pelo YouTube<\/a>. As inscri\u00e7\u00f5es s\u00e3o gratuitas e podem ser realizadas pelo <a href=\"http:\/\/www.ictp-saifr.org\/alunos\">formul\u00e1rio online<\/a>. Haver\u00e1 emiss\u00e3o de certificados.<\/p>\n\n\n\n<p>Este curso vai abordar como o princ\u00edpio da relatividade e a invari\u00e2ncia da velocidade da luz levam ao conceito relativ\u00edstico de espa\u00e7o-tempo. Em seguida, ser\u00e1 debatido o chamado espa\u00e7o-tempo de Minkowski, que descreve a F\u00edsica na aus\u00eancia de campos gravitacionais. Ap\u00f3s analisar v\u00e1rios efeitos paradigm\u00e1ticos, como a contra\u00e7\u00e3o do espa\u00e7o e dilata\u00e7\u00e3o do tempo, bem como alguns aparentes \u201cparadoxos\u201d, ser\u00e1 explorado o princ\u00edpio da equival\u00eancia e como isso leva a ideia de que o espa\u00e7o-tempo \u00e9 curvo na presen\u00e7a de corpos massivos. Por fim, o curso introduzir\u00e1 uma das mais fascinantes previs\u00f5es da relatividade, os chamados buracos negros, e ser\u00e3o estudadas algumas de suas propriedades.<\/p>\n\n\n\n<p>Andr\u00e9 Landulfo realiza pesquisas com \u00eanfase em Relatividade Geral, Teoria Qu\u00e2ntica de Campos em Espa\u00e7os-Tempos Curvos, Informa\u00e7\u00e3o Qu\u00e2ntica e sua interface com a Teoria da Relatividade.<\/p>\n\n\n\n<p>Os <a href=\"http:\/\/www.ictp-saifr.org\/alunos\">minicursos para estudantes do Ensino M\u00e9dio do ICTP-SAIFR<\/a> s\u00e3o realizados desde 2016, sempre aos&nbsp; s\u00e1bados. A programa\u00e7\u00e3o deste ano inclui tamb\u00e9m alguns m\u00f3dulos de aulas, com turmas menores e atividades como listas de exerc\u00edcios.<\/p>\n\n\n\n<p><strong>Sobre o ICTP-SAIFR<\/strong><\/p>\n\n\n\n<p>O Instituto Sul-Americano para Pesquisa Fundamental (ICTP-SAIFR) \u00e9 um centro internacional na cidade de S\u00e3o Paulo criado por meio de uma colabora\u00e7\u00e3o entre o Centro Internacional de F\u00edsica Te\u00f3rica (ICTP) na It\u00e1lia, o IFT-Unesp e a Fapesp. Suas atividades incluem pesquisa em F\u00edsica Te\u00f3rica e suas aplica\u00e7\u00f5es, bem como escolas e workshops para alunos de p\u00f3s-gradua\u00e7\u00e3o. Mais informa\u00e7\u00f5es est\u00e3o dispon\u00edveis no site <a href=\"https:\/\/www.ictp-saifr.org\/\">ictp-saifr.org<\/a>. O ICTP-SAIFR tamb\u00e9m promove divulga\u00e7\u00e3o cient\u00edfica e a\u00e7\u00f5es de extens\u00e3o junto a professores e estudantes de Ensino M\u00e9dio e p\u00fablico geral. Para saber mais, acesse <a href=\"https:\/\/outreach.ictp-saifr.org\/\">outreach.ictp-saifr.org<\/a>.<\/p>\n\n\n\n<p><strong>Servi\u00e7o<\/strong><\/p>\n\n\n\n<p><strong>Minicurso para estudantes de Ensino M\u00e9dio: \u201cA geometria do espa\u00e7o-tempo: uma introdu\u00e7\u00e3o \u00e0 relatividade e aos buracos negros\u201d, com Andr\u00e9 Landulfo<\/strong><\/p>\n\n\n\n<p><strong>Data: <\/strong>16, 23 e 30 de agosto de 2025 (s\u00e1bados)<\/p>\n\n\n\n<p><strong>Hor\u00e1rio: <\/strong>das 10h \u00e0s 13h<\/p>\n\n\n\n<p><strong>Local: <\/strong>IFT-Unesp (Rua Jornalista Aloysio Biondi, 120 &#8211; Bloco II &#8211; Barra Funda &#8211; S\u00e3o Paulo\/SP), com transmiss\u00e3o ao vivo pelo YouTube (<a href=\"https:\/\/www.youtube.com\/@SAIFRResearch\">https:\/\/www.youtube.com\/@SAIFRResearch<\/a>)<\/p>\n\n\n\n<p><strong>Valor: <\/strong>gratuito<\/p>\n\n\n\n<p><strong>Realiza\u00e7\u00e3o: <\/strong>ICTP-SAIFR<\/p>\n\n\n\n<p><strong>Mais informa\u00e7\u00f5es:<\/strong> <a href=\"http:\/\/www.ictp-saifr.org\/alunos\">ictp-saifr.org\/alunos<\/a><br><\/p>\n","protected":false},"excerpt":{"rendered":"<p>Aulas ser\u00e3o ministradas pelo f\u00edsico Andr\u00e9 Landulfo nos dias 16, 23 e 30\/08 O pr\u00f3ximo minicurso para estudantes do Ensino M\u00e9dio do ICTP-SAIFR ter\u00e1 como tema \u201cA geometria do espa\u00e7o-tempo: uma introdu\u00e7\u00e3o \u00e0 relatividade e aos buracos negros\u201d e ser\u00e1 ministrado por Andr\u00e9 Landulfo, professor da UFABC. As aulas acontecem nos dias 16, 23 e [&hellip;]<\/p>\n","protected":false},"author":4,"featured_media":16567,"comment_status":"open","ping_status":"open","sticky":false,"template":"","format":"standard","meta":{"footnotes":""},"categories":[461],"tags":[],"class_list":["post-28302","post","type-post","status-publish","format-standard","has-post-thumbnail","hentry","category-eventos"],"aioseo_notices":[],"_links":{"self":[{"href":"https:\/\/www.sbfisica.org.br\/v1\/sbf\/wp-json\/wp\/v2\/posts\/28302","targetHints":{"allow":["GET"]}}],"collection":[{"href":"https:\/\/www.sbfisica.org.br\/v1\/sbf\/wp-json\/wp\/v2\/posts"}],"about":[{"href":"https:\/\/www.sbfisica.org.br\/v1\/sbf\/wp-json\/wp\/v2\/types\/post"}],"author":[{"embeddable":true,"href":"https:\/\/www.sbfisica.org.br\/v1\/sbf\/wp-json\/wp\/v2\/users\/4"}],"replies":[{"embeddable":true,"href":"https:\/\/www.sbfisica.org.br\/v1\/sbf\/wp-json\/wp\/v2\/comments?post=28302"}],"version-history":[{"count":1,"href":"https:\/\/www.sbfisica.org.br\/v1\/sbf\/wp-json\/wp\/v2\/posts\/28302\/revisions"}],"predecessor-version":[{"id":28303,"href":"https:\/\/www.sbfisica.org.br\/v1\/sbf\/wp-json\/wp\/v2\/posts\/28302\/revisions\/28303"}],"wp:featuredmedia":[{"embeddable":true,"href":"https:\/\/www.sbfisica.org.br\/v1\/sbf\/wp-json\/wp\/v2\/media\/16567"}],"wp:attachment":[{"href":"https:\/\/www.sbfisica.org.br\/v1\/sbf\/wp-json\/wp\/v2\/media?parent=28302"}],"wp:term":[{"taxonomy":"category","embeddable":true,"href":"https:\/\/www.sbfisica.org.br\/v1\/sbf\/wp-json\/wp\/v2\/categories?post=28302"},{"taxonomy":"post_tag","embeddable":true,"href":"https:\/\/www.sbfisica.org.br\/v1\/sbf\/wp-json\/wp\/v2\/tags?post=28302"}],"curies":[{"name":"wp","href":"https:\/\/api.w.org\/{rel}","templated":true}]}}