{"id":28294,"date":"2025-08-07T11:37:19","date_gmt":"2025-08-07T14:37:19","guid":{"rendered":"https:\/\/www.sbfisica.org.br\/v1\/sbf\/?p=28294"},"modified":"2025-08-07T11:37:20","modified_gmt":"2025-08-07T14:37:20","slug":"concurso-professor-efetivo-em-ensino-de-fisica-fae-ufmg","status":"publish","type":"post","link":"https:\/\/www.sbfisica.org.br\/v1\/sbf\/concurso-professor-efetivo-em-ensino-de-fisica-fae-ufmg\/","title":{"rendered":"Concurso Professor Efetivo Em Ensino de F\u00edsica &#8211; FAE UFMG"},"content":{"rendered":"\n<p>Edital&nbsp;do concurso para professor efetivo na FAE-UFMG, \u00e1rea&nbsp;<strong>ENSINO DE F\u00cdSICA \/ EDUCA\u00c7\u00c3O EM CI\u00caNCIAS.<\/strong><strong>&nbsp;No site da UFMG:<\/strong><\/p>\n\n\n\n<p><strong><\/strong><a href=\"https:\/\/www2.ufmg.br\/concursos\/Concursos\/Professor-Assistente\/CONCURSO-PUBLICO-FACULDADE-DE-EDUCACAO-EDITAL-1958-PUBLICADO-NO-DOU-EM-04-08-2025\" target=\"_blank\" rel=\"noreferrer noopener\">https:\/\/www2.ufmg.br\/concursos\/Concursos\/Professor-Assistente\/CONCURSO-PUBLICO-FACULDADE-DE-EDUCACAO-EDITAL-1958-PUBLICADO-NO-DOU-EM-04-08-2025<\/a><br>Prazo de inscri\u00e7\u00f5es:&nbsp;at\u00e9&nbsp;03\/09\/2025<\/p>\n\n\n\n<div data-wp-interactive=\"core\/file\" class=\"wp-block-file\"><object data-wp-bind--hidden=\"!state.hasPdfPreview\" hidden class=\"wp-block-file__embed\" data=\"https:\/\/www.sbfisica.org.br\/v1\/sbf\/wp-content\/uploads\/2025\/08\/Edital_1958-Ensino-de-Fisica-Educacao-em-Ciencias.pdf\" type=\"application\/pdf\" style=\"width:100%;height:600px\" aria-label=\"Incorporado de Edital_1958 - Ensino de F\u00edsica-Educa\u00e7\u00e3o em Ci\u00eancias.\"><\/object><a id=\"wp-block-file--media-c1d93135-d0e7-43b2-a934-e14f64bdbb58\" href=\"https:\/\/www.sbfisica.org.br\/v1\/sbf\/wp-content\/uploads\/2025\/08\/Edital_1958-Ensino-de-Fisica-Educacao-em-Ciencias.pdf\">Edital_1958 &#8211; Ensino de F\u00edsica-Educa\u00e7\u00e3o em Ci\u00eancias<\/a><a href=\"https:\/\/www.sbfisica.org.br\/v1\/sbf\/wp-content\/uploads\/2025\/08\/Edital_1958-Ensino-de-Fisica-Educacao-em-Ciencias.pdf\" class=\"wp-block-file__button wp-element-button\" download aria-describedby=\"wp-block-file--media-c1d93135-d0e7-43b2-a934-e14f64bdbb58\">Baixar<\/a><\/div>\n","protected":false},"excerpt":{"rendered":"<p>Edital&nbsp;do concurso para professor efetivo na FAE-UFMG, \u00e1rea&nbsp;ENSINO DE F\u00cdSICA \/ EDUCA\u00c7\u00c3O EM CI\u00caNCIAS.&nbsp;No site da UFMG: https:\/\/www2.ufmg.br\/concursos\/Concursos\/Professor-Assistente\/CONCURSO-PUBLICO-FACULDADE-DE-EDUCACAO-EDITAL-1958-PUBLICADO-NO-DOU-EM-04-08-2025Prazo de inscri\u00e7\u00f5es:&nbsp;at\u00e9&nbsp;03\/09\/2025<\/p>\n","protected":false},"author":4,"featured_media":16567,"comment_status":"open","ping_status":"open","sticky":false,"template":"","format":"standard","meta":{"footnotes":""},"categories":[455],"tags":[],"class_list":["post-28294","post","type-post","status-publish","format-standard","has-post-thumbnail","hentry","category-concursos"],"aioseo_notices":[],"_links":{"self":[{"href":"https:\/\/www.sbfisica.org.br\/v1\/sbf\/wp-json\/wp\/v2\/posts\/28294","targetHints":{"allow":["GET"]}}],"collection":[{"href":"https:\/\/www.sbfisica.org.br\/v1\/sbf\/wp-json\/wp\/v2\/posts"}],"about":[{"href":"https:\/\/www.sbfisica.org.br\/v1\/sbf\/wp-json\/wp\/v2\/types\/post"}],"author":[{"embeddable":true,"href":"https:\/\/www.sbfisica.org.br\/v1\/sbf\/wp-json\/wp\/v2\/users\/4"}],"replies":[{"embeddable":true,"href":"https:\/\/www.sbfisica.org.br\/v1\/sbf\/wp-json\/wp\/v2\/comments?post=28294"}],"version-history":[{"count":1,"href":"https:\/\/www.sbfisica.org.br\/v1\/sbf\/wp-json\/wp\/v2\/posts\/28294\/revisions"}],"predecessor-version":[{"id":28296,"href":"https:\/\/www.sbfisica.org.br\/v1\/sbf\/wp-json\/wp\/v2\/posts\/28294\/revisions\/28296"}],"wp:featuredmedia":[{"embeddable":true,"href":"https:\/\/www.sbfisica.org.br\/v1\/sbf\/wp-json\/wp\/v2\/media\/16567"}],"wp:attachment":[{"href":"https:\/\/www.sbfisica.org.br\/v1\/sbf\/wp-json\/wp\/v2\/media?parent=28294"}],"wp:term":[{"taxonomy":"category","embeddable":true,"href":"https:\/\/www.sbfisica.org.br\/v1\/sbf\/wp-json\/wp\/v2\/categories?post=28294"},{"taxonomy":"post_tag","embeddable":true,"href":"https:\/\/www.sbfisica.org.br\/v1\/sbf\/wp-json\/wp\/v2\/tags?post=28294"}],"curies":[{"name":"wp","href":"https:\/\/api.w.org\/{rel}","templated":true}]}}