{"id":28222,"date":"2025-07-31T14:35:13","date_gmt":"2025-07-31T17:35:13","guid":{"rendered":"https:\/\/www.sbfisica.org.br\/v1\/sbf\/?p=28222"},"modified":"2025-07-31T14:35:14","modified_gmt":"2025-07-31T17:35:14","slug":"assembleia-da-sbf-aprova-balanco-e-celebra-avancos-da-gestao-2023-2025","status":"publish","type":"post","link":"https:\/\/www.sbfisica.org.br\/v1\/sbf\/assembleia-da-sbf-aprova-balanco-e-celebra-avancos-da-gestao-2023-2025\/","title":{"rendered":"Assembleia da SBF aprova balan\u00e7o e celebra avan\u00e7os da gest\u00e3o 2023-2025"},"content":{"rendered":"\n<p>A Assembleia Geral da Sociedade Brasileira de F\u00edsica (SBF), realizada em 28 de julho, aprovou por unanimidade o relat\u00f3rio financeiro de 2024 e serviu como encerramento oficial da gest\u00e3o do professor Rodrigo Capaz (2023-2025). Durante o encontro virtual, cerca de quatro horas, foram destacadas conquistas institucionais importantes, como a aprova\u00e7\u00e3o de um novo estatuto, a valoriza\u00e7\u00e3o das secretarias estaduais, a intensifica\u00e7\u00e3o da comunica\u00e7\u00e3o cient\u00edfica e a cria\u00e7\u00e3o do Doutorado Nacional Profissional em Ensino de F\u00edsica (DNPEF).<\/p>\n\n\n\n<p>\u201cEu acho importante mencionar que a gente aprovou um novo estatuto para a SBF, com algumas altera\u00e7\u00f5es importantes, principalmente referentes ao modo de escolha da diretoria\u201d, afirma Capaz. A principal mudan\u00e7a foi a cria\u00e7\u00e3o da figura do presidente eleito, que acumula a fun\u00e7\u00e3o de vice-presidente. \u201cIsso sem nenhum detrimento ou redu\u00e7\u00e3o do car\u00e1ter democr\u00e1tico da escolha da SBF, que permanece sem altera\u00e7\u00e3o\u201d, afirma. Tamb\u00e9m foi criado o cargo de secret\u00e1rio de comunica\u00e7\u00e3o, no qual est\u00e1 a cientista e professora Marcilei Guazzelli. \u201cTodos devem ter percebido que temos uma atividade muito mais intensa na comunica\u00e7\u00e3o da SBF, que \u00e9 um setor importante n\u00e3o s\u00f3 para n\u00f3s, mas para qualquer outra sociedade cient\u00edfica\u201d, diz Capaz.<\/p>\n\n\n\n<p>Outro destaque da gest\u00e3o foi o lan\u00e7amento do programa SBF Jovem, com embaixadores da SBF em cursos de F\u00edsica no pa\u00eds. Capaz destacou a import\u00e2ncia da capilariza\u00e7\u00e3o das a\u00e7\u00f5es da entidade. \u201cValorizamos as secretarias estaduais e regionais atrav\u00e9s da cria\u00e7\u00e3o do edital de eventos. Agora temos recursos pulverizados e capilarizando as a\u00e7\u00f5es na \u00e1rea da F\u00edsica.\u201d<\/p>\n\n\n\n<p>A presta\u00e7\u00e3o de contas foi feita pela tesoureira Ana Maria Marques, que apresentou o relat\u00f3rio financeiro referente ao per\u00edodo de 1\u00ba de janeiro de 2024 a 31 de dezembro de 2024. \u201cN\u00f3s tivemos uma receita l\u00edquida total da ordem de R$ 6,5 milh\u00f5es, isso deduzido de impostos e devolu\u00e7\u00f5es, o que representa um aumento de 14% em rela\u00e7\u00e3o a 2023\u201d, explica. O principal componente da receita ainda \u00e9 a comiss\u00e3o recebida pelo Seguro Sa\u00fade (42% da receita l\u00edquida), embora esse percentual venha caindo, pois j\u00e1 foi de 60%. Por isso, Ana Maria avalia que h\u00e1 uma evolu\u00e7\u00e3o saud\u00e1vel do balan\u00e7o.<\/p>\n\n\n\n<p>Al\u00e9m disso, destacou-se um aumento de quase 30% no valor das inscri\u00e7\u00f5es em eventos da SBF e um ganho de receita financeira de 18% com a diversifica\u00e7\u00e3o da carteira de investimentos. Por outro lado, as despesas cresceram apenas 2%. \u201cA gente teve um aumento de receita e um aumento muito pequeno de despesas totais\u201d, diz. Cerca de 51% dessas despesas se referem a sal\u00e1rios, cargos e benef\u00edcios. Entre os destaques, a tesoureira ressaltou o aumento de 2.400% nas despesas com eventos. \u201cA explica\u00e7\u00e3o desse aumento est\u00e1 relacionada ao edital de apoio \u00e0s secretarias estaduais\u201d, explica. \u201cA gente acabou optando por investir em atividades que s\u00e3o correlatas \u00e0 miss\u00e3o da SBF.\u201d<\/p>\n\n\n\n<p>O balan\u00e7o financeiro revelou um super\u00e1vit de aproximadamente 40% das despesas, al\u00e9m de um crescimento de 31% no patrim\u00f4nio l\u00edquido, que chegou a R$ 11,7 milh\u00f5es. A SBF mant\u00e9m uma reserva financeira para cobrir os pagamentos do seguro-sa\u00fade (R$ 6 milh\u00f5es) e outra reserva jur\u00eddica e trabalhista. \u201cEsses valores est\u00e3o investidos em carteira diversificada\u201d, explica Ana Maria.<\/p>\n\n\n\n<p>Outro ponto importante foi a negocia\u00e7\u00e3o com o plano de sa\u00fade Bradesco, para o qual a SBF decidiu abrir m\u00e3o de R$ 870 mil de pro labore, resultando em menor reajuste no valor do seguro para os segurados. \u201cEssa foi uma decis\u00e3o estrat\u00e9gica em benef\u00edcio da coletividade.\u201d<\/p>\n\n\n\n<p>As a\u00e7\u00f5es tamb\u00e9m inclu\u00edram investimentos em comiss\u00f5es como a de Ensino (CAE\/SBF) e Comiss\u00e3o de Justi\u00e7a, Equidade, Diversidade e Inclus\u00e3o da Sociedade Brasileira de F\u00edsica (Jedi\/SBF). Ainda em 2024, iniciou-se a reforma da sede da SBF, localizada no Instituto de F\u00edsica da USP, a primeira de grande porte desde sua constru\u00e7\u00e3o.<\/p>\n\n\n\n<p>Segundo Gustavo Dalpian, segundo secret\u00e1rio da gest\u00e3o, a reforma incluiu pintura interna e externa, substitui\u00e7\u00e3o do piso, troca do sistema de impermeabiliza\u00e7\u00e3o do terra\u00e7o, instala\u00e7\u00e3o de novos aparelhos de ar-condicionado, e a cria\u00e7\u00e3o de um novo espa\u00e7o de conviv\u00eancia. Al\u00e9m disso, um grafite com temas relacionados \u00e0 F\u00edsica foi instalado na fachada, como forma de di\u00e1logo com a comunidade.<\/p>\n\n\n\n<p>Na \u00e1rea editorial, Dalpian celebrou o novo contrato com a editora Springer para o Brazilian Journal of Physics (BJP). \u201cA grande conquista foi que a Springer vai come\u00e7ar a pagar um pro labore para os editores da revista diretamente.\u201d Tamb\u00e9m foram renovados os corpos editoriais da Revista Brasileira de Ensino de F\u00edsica (RBEF) e da F\u00edsica na Escola.<\/p>\n\n\n\n<p>Nadja Bernardes, respons\u00e1vel pelos eventos, destacou a retomada da Comiss\u00e3o de Reuni\u00f5es, a cria\u00e7\u00e3o de um manual de organiza\u00e7\u00e3o para o Encontro de Outono da SBF (EOSBF) e a antecipa\u00e7\u00e3o de chamadas para sedes de eventos, o que permitiu a candidatura a editais do CNPq. \u201cTodos os eventos conseguiram se candidatar. Isso foi um esfor\u00e7o e uma novidade da nossa gest\u00e3o.\u201d Ela tamb\u00e9m ressaltou a descentraliza\u00e7\u00e3o geogr\u00e1fica: os encontros ocorreram em diferentes regi\u00f5es, como Florian\u00f3polis, Bel\u00e9m e, futuramente, Cuiab\u00e1. \u201cSaiu um pouco do eixo Sul-Sudeste.\u201d<\/p>\n\n\n\n<p>Os eventos tamb\u00e9m contaram com aumento do apoio financeiro direto da SBF e redu\u00e7\u00e3o da porcentagem das inscri\u00e7\u00f5es retida pela sociedade. \u201cO Encontro Nacional do Mestrado Profissional em Ensino de F\u00edsica foi oficializado como evento da SBF, e conseguimos condi\u00e7\u00f5es favor\u00e1veis para os participantes do Simp\u00f3sio Nacional de Ensino de F\u00edsica.\u201d<\/p>\n\n\n\n<p>J\u00e1 Arnaldo Vaz, da Secretaria de Ensino, destacou o fortalecimento da Comiss\u00e3o de Assuntos de Ensino (CAE), com or\u00e7amento pr\u00f3prio e presen\u00e7a em eventos da \u00e1rea. \u201cA fun\u00e7\u00e3o da Secretaria de Ensino \u00e9 permitir que a diretoria articule e alinhe as atividades da SBF voltadas para o ensino, sobretudo o ensino b\u00e1sico\u201d, explica.<\/p>\n\n\n\n<p>A CAE tamb\u00e9m criou um informativo pr\u00f3prio, participou da coordena\u00e7\u00e3o do Simp\u00f3sio Nacional de Ensino de F\u00edsica (SNEF), colaborou com o Programa Nacional do Livro Did\u00e1tico e contribuiu com a an\u00e1lise de impacto dos 10 anos do Mestrado Profissional em Ensino de F\u00edsica (MNPEF). \u201cParticipamos de reuni\u00e3o com a coordena\u00e7\u00e3o da \u00e1rea 51 da Capes e de semin\u00e1rio na Funda\u00e7\u00e3o Carlos Chagas.\u201d Entre as a\u00e7\u00f5es de articula\u00e7\u00e3o, destacou-se a colabora\u00e7\u00e3o com o Observat\u00f3rio da Viol\u00eancia contra Educadores e a presen\u00e7a da SBF no Torneio Brasileiro de F\u00edsica, em Natal.<\/p>\n\n\n\n<p>A Assembleia tamb\u00e9m aprovou a recomenda\u00e7\u00e3o da Comiss\u00e3o Fiscal para ampliar o engajamento de s\u00f3cios aspirantes e regulares. \u201cA gente teve um aumento percentual de 31% de s\u00f3cios aspirantes, que a gente espera que com o SBF Jovem aumente ainda mais\u201d, afirmou Ana Maria.<\/p>\n\n\n\n<p>Rodrigo Capaz agradeceu aos membros da gest\u00e3o e \u00e0 comunidade pela confian\u00e7a. \u201cA gente sabe que tem um super\u00e1vit em torno de R$ 700 mil no final de 2024 e j\u00e1 contratamos um novo sistema de gest\u00e3o empresarial. Tamb\u00e9m fizemos uma chamada extraordin\u00e1ria para as secretarias estaduais em maio. Agora temos 15 secretarias ativas. A reforma da sede deve ser conclu\u00edda em agosto.\u201d Com o relat\u00f3rio fiscal aprovado, a assembleia foi encerrada com as apresenta\u00e7\u00f5es dos laureados com os pr\u00eamios Ernesto Hamburger, Anselmo Pascoa e Carolina Nemes, concedidos pela SBF.<\/p>\n\n\n\n<h2 class=\"wp-block-heading\">Comunica\u00e7\u00e3o mais forte e estrat\u00e9gica<\/h2>\n\n\n\n<p>Durante a assembleia, a secret\u00e1ria de comunica\u00e7\u00e3o da entidade, Marcilei Guazzelli, apresentou um panorama da transforma\u00e7\u00e3o vivida pelo setor nos \u00faltimos dois anos. A avalia\u00e7\u00e3o foi positiva: com aumento expressivo nas postagens, reformula\u00e7\u00e3o do Boletim da SBF, fortalecimento das redes sociais e uma atua\u00e7\u00e3o mais pr\u00f3xima das comiss\u00f5es e eventos, a comunica\u00e7\u00e3o passou a ocupar um lugar estrat\u00e9gico dentro da SBF.<\/p>\n\n\n\n<p>\u201cSe voc\u00eas perceberam a grandiosidade de atividades que esta sociedade tem, ent\u00e3o devem saber que tentar fazer toda a transfer\u00eancia de comunica\u00e7\u00e3o entre a comunidade e este grupo de gest\u00e3o \u00e9 um desafio\u201d, diz Marcilei, que tamb\u00e9m \u00e9 professora no Centro Universit\u00e1rio FEI e conhecida por muitos como Shila. Mesmo conectada de um quarto de hotel, durante uma viagem, a secret\u00e1ria fez quest\u00e3o de apresentar cada membro da equipe de comunica\u00e7\u00e3o, destacando a import\u00e2ncia do trabalho coletivo. \u201cA gente est\u00e1 a todo tempo tentando melhorar.\u201d<\/p>\n\n\n\n<p>A equipe conta com Alex Oliveira, funcion\u00e1rio respons\u00e1vel pela parte t\u00e9cnica das plataformas; Roger Marzochi, jornalista da SBF que tamb\u00e9m atua em outras frentes de divulga\u00e7\u00e3o; e Frederico S.M. de Carvalho, jornalista cient\u00edfico e tamb\u00e9m respons\u00e1vel pelas redes sociais. \u201cEssa equipe atua em v\u00e1rias frentes, tentando fazer com que tudo o que a gente ache importante chegue \u00e0 comunidade e tamb\u00e9m receber da comunidade o que ela mesma acredita ser importante e ser divulgado para todos os outros membros\u201d, explica.<\/p>\n\n\n\n<p>Nos \u00faltimos dois anos, a comunica\u00e7\u00e3o da SBF se concentrou em criar conte\u00fados para o site e redes sociais, reformular o Boletim da SBF, manter a assessoria de imprensa ativa e promover a identidade visual da entidade. Foram desenvolvidos sites para eventos, refor\u00e7ada a marca da SBF em cursos e simp\u00f3sios, e estabelecidos mecanismos de seguran\u00e7a nas plataformas. Tamb\u00e9m houve avan\u00e7os na coordena\u00e7\u00e3o t\u00e9cnica de videoconfer\u00eancias e na produ\u00e7\u00e3o de webinars e palestras. \u201cA gente faz a manuten\u00e7\u00e3o cont\u00ednua, backup semanal de tudo que tem no site e abertura de espa\u00e7os de divulga\u00e7\u00e3o que antes n\u00e3o tinham. Parece detalhe, mas requer muito empenho da equipe.\u201d<\/p>\n\n\n\n<p>De acordo com os dados apresentados, foram feitas cerca de 1.227 postagens no site institucional e 1.080 postagens nas redes sociais (Facebook, Instagram, X, YouTube). Houve ainda a produ\u00e7\u00e3o de 111 mat\u00e9rias cient\u00edficas com entrevistas publicadas na s\u00e9rie Destaques em F\u00edsica, muitas com vers\u00e3o em v\u00eddeo no YouTube. \u201cIsso quer dizer s\u00f3 referente a peri\u00f3dicos de grande destaque, fora outras mat\u00e9rias relevantes que tamb\u00e9m foram realizadas\u201d, pontuou Marcilei. Al\u00e9m disso, a equipe criou s\u00e9ries hist\u00f3ricas especiais, como aquelas dedicadas ao Ano Qu\u00e2ntico e os 100 anos de C\u00e9sar Lattes. A presen\u00e7a da SBF nas redes sociais cresceu significativamente. \u201cA gente teve um acr\u00e9scimo de mais de 300% de seguidores no Instagram. Claro, a gente teve acr\u00e9scimos em todas as redes sociais\u201d, comemora Shila.<\/p>\n\n\n\n<p>A intera\u00e7\u00e3o com eventos da SBF tamb\u00e9m foi fortalecida. A equipe passou a acompanhar ativamente a divulga\u00e7\u00e3o de congressos e simp\u00f3sios, cobrindo os acontecimentos em tempo real com fotos e postagens e garantindo que as redes oficiais da Sociedade replicassem os materiais produzidos pelos organizadores. \u201cAgora a SBF divulga o que est\u00e1 acontecendo em cada evento.\u201d<\/p>\n\n\n\n<p>A comunica\u00e7\u00e3o tamb\u00e9m passou a atuar como ponte entre as comiss\u00f5es cient\u00edficas e a imprensa. \u201cRecebemos muito pedido de jornalistas para explicar algum evento que ocorreu naquele momento e est\u00e1 em todas as redes sociais, televis\u00e3o e tudo mais. Isso requer uma atitude muito imediata\u201d, diz. Nesses casos, a equipe atua em parceria com as comiss\u00f5es cient\u00edficas para indicar fontes qualificadas para a imprensa.<\/p>\n\n\n\n<p>Outra frente de atua\u00e7\u00e3o que se intensificou foi a articula\u00e7\u00e3o com outras entidades cient\u00edficas. \u201cUm exemplo \u00e9 o evento da IEEE, que nos procurou querendo nosso apoio. O professor Rodrigo Capaz foi um dos palestrantes. Isso d\u00e1 muita visibilidade para a SBF.\u201d<\/p>\n\n\n\n<p>Com a perman\u00eancia de Shila na nova gest\u00e3o, os planos s\u00e3o ambiciosos: criar um canal de comunica\u00e7\u00e3o no WhatsApp (com envio de mensagens unilaterais), reformular o programa F\u00edsico ao Vivo com novos formatos como pain\u00e9is e debates, produzir podcasts e ampliar a divulga\u00e7\u00e3o das revistas cient\u00edficas da SBF. \u201cA ideia \u00e9 maior intera\u00e7\u00e3o com as comiss\u00f5es di\u00e1rias e tamb\u00e9m com as organiza\u00e7\u00f5es dos eventos.\u201d<\/p>\n\n\n\n<p>Ao final, Shila agradeceu \u00e0 diretoria e \u00e0 equipe da SBF. \u201cFico \u00e0 disposi\u00e7\u00e3o para esclarecimentos. Obrigada pela oportunidade.\u201d A apresenta\u00e7\u00e3o refor\u00e7ou o papel estrat\u00e9gico que a comunica\u00e7\u00e3o desempenhou, e seguir\u00e1 desempenhando, no fortalecimento institucional da SBF e na aproxima\u00e7\u00e3o com seus associados e a sociedade em geral.<\/p>\n\n\n\n<p><strong>Por Roger Marzochi<\/strong><\/p>\n","protected":false},"excerpt":{"rendered":"<p>A Assembleia Geral da Sociedade Brasileira de F\u00edsica (SBF), realizada em 28 de julho, aprovou por unanimidade o relat\u00f3rio financeiro de 2024 e serviu como encerramento oficial da gest\u00e3o do professor Rodrigo Capaz (2023-2025). Durante o encontro virtual, cerca de quatro horas, foram destacadas conquistas institucionais importantes, como a aprova\u00e7\u00e3o de um novo estatuto, a [&hellip;]<\/p>\n","protected":false},"author":12,"featured_media":28223,"comment_status":"open","ping_status":"open","sticky":false,"template":"","format":"standard","meta":{"footnotes":""},"categories":[127],"tags":[522,1295,1294,255,1209],"class_list":["post-28222","post","type-post","status-publish","format-standard","has-post-thumbnail","hentry","category-acontece-na-sbf","tag-assembleia-geral","tag-dnpef-sbf","tag-doutorado-nacional-profissional-em-ensino-de-fisica","tag-sbf","tag-sbf-jovem"],"aioseo_notices":[],"_links":{"self":[{"href":"https:\/\/www.sbfisica.org.br\/v1\/sbf\/wp-json\/wp\/v2\/posts\/28222","targetHints":{"allow":["GET"]}}],"collection":[{"href":"https:\/\/www.sbfisica.org.br\/v1\/sbf\/wp-json\/wp\/v2\/posts"}],"about":[{"href":"https:\/\/www.sbfisica.org.br\/v1\/sbf\/wp-json\/wp\/v2\/types\/post"}],"author":[{"embeddable":true,"href":"https:\/\/www.sbfisica.org.br\/v1\/sbf\/wp-json\/wp\/v2\/users\/12"}],"replies":[{"embeddable":true,"href":"https:\/\/www.sbfisica.org.br\/v1\/sbf\/wp-json\/wp\/v2\/comments?post=28222"}],"version-history":[{"count":1,"href":"https:\/\/www.sbfisica.org.br\/v1\/sbf\/wp-json\/wp\/v2\/posts\/28222\/revisions"}],"predecessor-version":[{"id":28224,"href":"https:\/\/www.sbfisica.org.br\/v1\/sbf\/wp-json\/wp\/v2\/posts\/28222\/revisions\/28224"}],"wp:featuredmedia":[{"embeddable":true,"href":"https:\/\/www.sbfisica.org.br\/v1\/sbf\/wp-json\/wp\/v2\/media\/28223"}],"wp:attachment":[{"href":"https:\/\/www.sbfisica.org.br\/v1\/sbf\/wp-json\/wp\/v2\/media?parent=28222"}],"wp:term":[{"taxonomy":"category","embeddable":true,"href":"https:\/\/www.sbfisica.org.br\/v1\/sbf\/wp-json\/wp\/v2\/categories?post=28222"},{"taxonomy":"post_tag","embeddable":true,"href":"https:\/\/www.sbfisica.org.br\/v1\/sbf\/wp-json\/wp\/v2\/tags?post=28222"}],"curies":[{"name":"wp","href":"https:\/\/api.w.org\/{rel}","templated":true}]}}