{"id":28198,"date":"2025-07-31T11:33:05","date_gmt":"2025-07-31T14:33:05","guid":{"rendered":"https:\/\/www.sbfisica.org.br\/v1\/sbf\/?p=28198"},"modified":"2025-07-31T11:54:46","modified_gmt":"2025-07-31T14:54:46","slug":"1a-conferencia-latino-americana-de-ondas-gravitacionais-2","status":"publish","type":"post","link":"https:\/\/www.sbfisica.org.br\/v1\/sbf\/1a-conferencia-latino-americana-de-ondas-gravitacionais-2\/","title":{"rendered":"1\u00aa Confer\u00eancia Latino-Americana de Ondas Gravitacionais"},"content":{"rendered":"\n<p><strong>H\u00e1 10 anos, ouvimos o universo pela primeira vez. Agora, celebramos esse marco hist\u00f3rico no Brasil.<\/strong><\/p>\n\n\n\n<p>Em 2015, cientistas do experimento&nbsp;<em>Laser Interferometer Gravitational-wave Observatory (LIGO)<\/em>&nbsp;detectaram pela primeira vez ondas gravitacionais que s\u00e3o ondula\u00e7\u00f5es no espa\u00e7o-tempo previstas por Albert Einstein h\u00e1 mais de um s\u00e9culo. Esse feito n\u00e3o apenas confirmou uma das ideias mais ousadas da Teoria da Relatividade Geral, como tamb\u00e9m inaugurou uma nova era da astronomia:&nbsp;<strong>a&nbsp;<\/strong><strong>astronomia multi-mensageira<\/strong>.<\/p>\n\n\n\n<p>Para comemorar uma d\u00e9cada dessa descoberta que revolucionou a f\u00edsica moderna, ser\u00e1 realizado no Brasil o evento no formato h\u00edbrido:<\/p>\n\n\n\n<p><strong>1st International Latin American Conference on Gravitational Waves: 10 Years Since First Detection<\/strong><\/p>\n\n\n\n<p>\u00a0<strong>Onde:<\/strong>\u00a0Instituto Nacional de Pesquisas Espaciais (INPE), S\u00e3o Jos\u00e9 dos Campos, SP, Brasil<br>\u00a0<strong>Quando:<\/strong>\u00a015 a 19 de setembro de 2025<\/p>\n\n\n\n<p>O encontro reunir\u00e1 cientistas do mundo todo \u2014&nbsp;te\u00f3ricos, astr\u00f4nomos e engenheiros \u2014 que trabalham na linha de frente da pesquisa em ondas gravitacionais. A programa\u00e7\u00e3o inclui palestras de especialistas internacionais, sess\u00f5es de p\u00f4steres, mesas-redondas e apresenta\u00e7\u00f5es de pesquisas atuais.&nbsp;Al\u00e9m disso, o evento representa uma oportunidade \u00fanica de unificar e fortalecer a comunidade cient\u00edfica latino-americana, promovendo parcerias institucionais e colabora\u00e7\u00f5es que consolidam a presen\u00e7a da regi\u00e3o nesse campo de fronteira da ci\u00eancia.<\/p>\n\n\n\n<p><strong>Destaques da programa\u00e7\u00e3o:<\/strong><\/p>\n\n\n\n<ul class=\"wp-block-list\">\n<li><strong>Barry Barish<\/strong>\u00a0<em>(Caltech, EUA)<\/em>\u00a0\u2013 ganhador do\u00a0<strong>Pr\u00eamio Nobel de F\u00edsica em 2017<\/strong>, por seu papel no LIGO;<br><\/li>\n\n\n\n<li>Mais de\u00a0<strong>15 palestras convidadas<\/strong>\u00a0com nomes influentes da \u00e1rea;<br><\/li>\n\n\n\n<li>Discuss\u00f5es sobre o presente e o futuro da ci\u00eancia de ondas gravitacionais.<br><\/li>\n<\/ul>\n\n\n\n<p><strong>Inscri\u00e7\u00f5es e mais informa\u00e7\u00f5es no site oficial:<\/strong>\u00a0<a href=\"https:\/\/agenda.infn.it\/event\/45592\/\" target=\"_blank\" rel=\"noreferrer noopener\">https:\/\/agenda.infn.it\/event\/45592\/<\/a><\/p>\n\n\n\n<p><strong>Acompanhe todas as novidades no nosso instagram:<\/strong>&nbsp;<a href=\"http:\/\/lagw.conference\/\" target=\"_blank\" rel=\"noreferrer noopener\">@lagw.conference<\/a><\/p>\n\n\n\n<figure class=\"wp-block-image size-large\"><img fetchpriority=\"high\" decoding=\"async\" width=\"724\" height=\"1024\" src=\"https:\/\/www.sbfisica.org.br\/v1\/sbf\/wp-content\/uploads\/2025\/07\/LAGW-Conference-2025-724x1024.png\" alt=\"\" class=\"wp-image-28201\"\/><\/figure>\n","protected":false},"excerpt":{"rendered":"<p>H\u00e1 10 anos, ouvimos o universo pela primeira vez. Agora, celebramos esse marco hist\u00f3rico no Brasil. Em 2015, cientistas do experimento&nbsp;Laser Interferometer Gravitational-wave Observatory (LIGO)&nbsp;detectaram pela primeira vez ondas gravitacionais que s\u00e3o ondula\u00e7\u00f5es no espa\u00e7o-tempo previstas por Albert Einstein h\u00e1 mais de um s\u00e9culo. Esse feito n\u00e3o apenas confirmou uma das ideias mais ousadas da [&hellip;]<\/p>\n","protected":false},"author":4,"featured_media":16567,"comment_status":"open","ping_status":"open","sticky":false,"template":"","format":"standard","meta":{"footnotes":""},"categories":[461],"tags":[],"class_list":["post-28198","post","type-post","status-publish","format-standard","has-post-thumbnail","hentry","category-eventos"],"aioseo_notices":[],"_links":{"self":[{"href":"https:\/\/www.sbfisica.org.br\/v1\/sbf\/wp-json\/wp\/v2\/posts\/28198","targetHints":{"allow":["GET"]}}],"collection":[{"href":"https:\/\/www.sbfisica.org.br\/v1\/sbf\/wp-json\/wp\/v2\/posts"}],"about":[{"href":"https:\/\/www.sbfisica.org.br\/v1\/sbf\/wp-json\/wp\/v2\/types\/post"}],"author":[{"embeddable":true,"href":"https:\/\/www.sbfisica.org.br\/v1\/sbf\/wp-json\/wp\/v2\/users\/4"}],"replies":[{"embeddable":true,"href":"https:\/\/www.sbfisica.org.br\/v1\/sbf\/wp-json\/wp\/v2\/comments?post=28198"}],"version-history":[{"count":2,"href":"https:\/\/www.sbfisica.org.br\/v1\/sbf\/wp-json\/wp\/v2\/posts\/28198\/revisions"}],"predecessor-version":[{"id":28202,"href":"https:\/\/www.sbfisica.org.br\/v1\/sbf\/wp-json\/wp\/v2\/posts\/28198\/revisions\/28202"}],"wp:featuredmedia":[{"embeddable":true,"href":"https:\/\/www.sbfisica.org.br\/v1\/sbf\/wp-json\/wp\/v2\/media\/16567"}],"wp:attachment":[{"href":"https:\/\/www.sbfisica.org.br\/v1\/sbf\/wp-json\/wp\/v2\/media?parent=28198"}],"wp:term":[{"taxonomy":"category","embeddable":true,"href":"https:\/\/www.sbfisica.org.br\/v1\/sbf\/wp-json\/wp\/v2\/categories?post=28198"},{"taxonomy":"post_tag","embeddable":true,"href":"https:\/\/www.sbfisica.org.br\/v1\/sbf\/wp-json\/wp\/v2\/tags?post=28198"}],"curies":[{"name":"wp","href":"https:\/\/api.w.org\/{rel}","templated":true}]}}