{"id":27556,"date":"2025-06-17T13:26:13","date_gmt":"2025-06-17T16:26:13","guid":{"rendered":"https:\/\/www.sbfisica.org.br\/v1\/sbf\/?p=27556"},"modified":"2025-06-17T13:26:14","modified_gmt":"2025-06-17T16:26:14","slug":"processo-seletivo-de-mestrado-do-programa-de-pos-graduacao-em-fisica-ppgf","status":"publish","type":"post","link":"https:\/\/www.sbfisica.org.br\/v1\/sbf\/processo-seletivo-de-mestrado-do-programa-de-pos-graduacao-em-fisica-ppgf\/","title":{"rendered":"Processo\u00a0Seletivo de Mestrado\u00a0 do Programa\u00a0de P\u00f3s Gradua\u00e7\u00e3o em F\u00edsica &#8211; PPGF"},"content":{"rendered":"\n<p>Processo&nbsp;Seletivo 2025\/2 do curso de Mestrado&nbsp; do Programa&nbsp;de P\u00f3s Gradua\u00e7\u00e3o em F\u00edsica \u2013 PPGF \u2013 Associa\u00e7\u00e3o Ampla UFSJ\/UNIFAL.<\/p>\n\n\n\n<p>As inscri\u00e7\u00f5es podem ser feitas de&nbsp;09&nbsp; de junho 2025 a 04 de julho de 2025.&nbsp;&nbsp;<\/p>\n\n\n\n<p>Segue o cartaz de divulga\u00e7\u00e3o em anexo. Para mais informa\u00e7\u00f5es, basta acessar o link:&nbsp;<a href=\"https:\/\/www.unifal-mg.edu.br\/ppgf\/wp-content\/uploads\/sites\/39\/2025\/06\/SEI_1528540_Edital_N__11_2025_COPG_PRPPG.pdf\" target=\"_blank\" rel=\"noreferrer noopener\">https:\/\/www.unifal-mg.edu.br\/ppgf\/wp-content\/uploads\/sites\/39\/2025\/06\/SEI_1528540_Edital_N__11_2025_COPG_PRPPG.pdf<\/a><\/p>\n\n\n\n<figure class=\"wp-block-image size-large\"><img fetchpriority=\"high\" decoding=\"async\" width=\"724\" height=\"1024\" src=\"https:\/\/www.sbfisica.org.br\/v1\/sbf\/wp-content\/uploads\/2025\/06\/PPGF_Processo_Seletivo-724x1024.jpeg\" alt=\"\" class=\"wp-image-27557\"\/><\/figure>\n","protected":false},"excerpt":{"rendered":"<p>Processo&nbsp;Seletivo 2025\/2 do curso de Mestrado&nbsp; do Programa&nbsp;de P\u00f3s Gradua\u00e7\u00e3o em F\u00edsica \u2013 PPGF \u2013 Associa\u00e7\u00e3o Ampla UFSJ\/UNIFAL. As inscri\u00e7\u00f5es podem ser feitas de&nbsp;09&nbsp; de junho 2025 a 04 de julho de 2025.&nbsp;&nbsp; Segue o cartaz de divulga\u00e7\u00e3o em anexo. Para mais informa\u00e7\u00f5es, basta acessar o link:&nbsp;https:\/\/www.unifal-mg.edu.br\/ppgf\/wp-content\/uploads\/sites\/39\/2025\/06\/SEI_1528540_Edital_N__11_2025_COPG_PRPPG.pdf<\/p>\n","protected":false},"author":4,"featured_media":16567,"comment_status":"open","ping_status":"open","sticky":false,"template":"","format":"standard","meta":{"footnotes":""},"categories":[456],"tags":[],"class_list":["post-27556","post","type-post","status-publish","format-standard","has-post-thumbnail","hentry","category-processos-seletivos"],"aioseo_notices":[],"_links":{"self":[{"href":"https:\/\/www.sbfisica.org.br\/v1\/sbf\/wp-json\/wp\/v2\/posts\/27556","targetHints":{"allow":["GET"]}}],"collection":[{"href":"https:\/\/www.sbfisica.org.br\/v1\/sbf\/wp-json\/wp\/v2\/posts"}],"about":[{"href":"https:\/\/www.sbfisica.org.br\/v1\/sbf\/wp-json\/wp\/v2\/types\/post"}],"author":[{"embeddable":true,"href":"https:\/\/www.sbfisica.org.br\/v1\/sbf\/wp-json\/wp\/v2\/users\/4"}],"replies":[{"embeddable":true,"href":"https:\/\/www.sbfisica.org.br\/v1\/sbf\/wp-json\/wp\/v2\/comments?post=27556"}],"version-history":[{"count":1,"href":"https:\/\/www.sbfisica.org.br\/v1\/sbf\/wp-json\/wp\/v2\/posts\/27556\/revisions"}],"predecessor-version":[{"id":27558,"href":"https:\/\/www.sbfisica.org.br\/v1\/sbf\/wp-json\/wp\/v2\/posts\/27556\/revisions\/27558"}],"wp:featuredmedia":[{"embeddable":true,"href":"https:\/\/www.sbfisica.org.br\/v1\/sbf\/wp-json\/wp\/v2\/media\/16567"}],"wp:attachment":[{"href":"https:\/\/www.sbfisica.org.br\/v1\/sbf\/wp-json\/wp\/v2\/media?parent=27556"}],"wp:term":[{"taxonomy":"category","embeddable":true,"href":"https:\/\/www.sbfisica.org.br\/v1\/sbf\/wp-json\/wp\/v2\/categories?post=27556"},{"taxonomy":"post_tag","embeddable":true,"href":"https:\/\/www.sbfisica.org.br\/v1\/sbf\/wp-json\/wp\/v2\/tags?post=27556"}],"curies":[{"name":"wp","href":"https:\/\/api.w.org\/{rel}","templated":true}]}}