{"id":27545,"date":"2025-06-17T10:59:54","date_gmt":"2025-06-17T13:59:54","guid":{"rendered":"https:\/\/www.sbfisica.org.br\/v1\/sbf\/?p=27545"},"modified":"2025-06-17T11:00:00","modified_gmt":"2025-06-17T14:00:00","slug":"concurso-no-if-ufrgs-fisica-teorica-subarea","status":"publish","type":"post","link":"https:\/\/www.sbfisica.org.br\/v1\/sbf\/concurso-no-if-ufrgs-fisica-teorica-subarea\/","title":{"rendered":"Concurso no IF-UFRGS: F\u00edsica Te\u00f3rica, Sub\u00e1rea"},"content":{"rendered":"\n<p>F\u00edsica de Part\u00edculas: Fenomenologia da F\u00edsica do Modelo Padr\u00e3o e suas extens\u00f5es<\/p>\n\n\n\n<p>Concurso p\u00fablico na \u00e1rea de F\u00edsica de Part\u00edculas (F\u00edsica Te\u00f3rica) no Instituto de F\u00edsica da UFRGS (Porto Alegre\/RS). Temos a divulga\u00e7\u00e3o oficial do concurso na p\u00e1gina:<\/p>\n\n\n\n<figure class=\"wp-block-embed is-type-wp-embed is-provider-progesp wp-block-embed-progesp\"><div class=\"wp-block-embed__wrapper\">\n<blockquote class=\"wp-embedded-content\" data-secret=\"BmGLq1ZW7I\"><a href=\"https:\/\/www.ufrgs.br\/progesp\/edital-06-2025-concurso-publico-docente\/\">Edital 06\/2025 &#8211; Concurso P\u00fablico Docente<\/a><\/blockquote><iframe class=\"wp-embedded-content lazyload\" sandbox=\"allow-scripts\" security=\"restricted\" style=\"position: absolute; visibility: hidden;\" title=\"&#8220;Edital 06\/2025 &#8211; Concurso P\u00fablico Docente&#8221; &#8212; PROGESP\" data-src=\"https:\/\/www.ufrgs.br\/progesp\/edital-06-2025-concurso-publico-docente\/embed\/#?secret=5KEsG3BOYT#?secret=BmGLq1ZW7I\" data-secret=\"BmGLq1ZW7I\" width=\"600\" height=\"338\" frameborder=\"0\" marginwidth=\"0\" marginheight=\"0\" scrolling=\"no\" src=\"data:image\/svg+xml;base64,PHN2ZyB3aWR0aD0iMSIgaGVpZ2h0PSIxIiB4bWxucz0iaHR0cDovL3d3dy53My5vcmcvMjAwMC9zdmciPjwvc3ZnPg==\" data-load-mode=\"1\"><\/iframe>\n<\/div><\/figure>\n\n\n\n<p><strong>IMPORTANTE: Altera\u00e7\u00e3o do prazo de inscri\u00e7\u00f5es. As inscri\u00e7\u00f5es v\u00e3o de&nbsp;25\/06\/2025 \u00e0 09\/07\/2025.<\/strong><\/p>\n","protected":false},"excerpt":{"rendered":"<p>F\u00edsica de Part\u00edculas: Fenomenologia da F\u00edsica do Modelo Padr\u00e3o e suas extens\u00f5es Concurso p\u00fablico na \u00e1rea de F\u00edsica de Part\u00edculas (F\u00edsica Te\u00f3rica) no Instituto de F\u00edsica da UFRGS (Porto Alegre\/RS). Temos a divulga\u00e7\u00e3o oficial do concurso na p\u00e1gina: IMPORTANTE: Altera\u00e7\u00e3o do prazo de inscri\u00e7\u00f5es. As inscri\u00e7\u00f5es v\u00e3o de&nbsp;25\/06\/2025 \u00e0 09\/07\/2025.<\/p>\n","protected":false},"author":4,"featured_media":16567,"comment_status":"open","ping_status":"open","sticky":false,"template":"","format":"standard","meta":{"footnotes":""},"categories":[455],"tags":[],"class_list":["post-27545","post","type-post","status-publish","format-standard","has-post-thumbnail","hentry","category-concursos"],"aioseo_notices":[],"_links":{"self":[{"href":"https:\/\/www.sbfisica.org.br\/v1\/sbf\/wp-json\/wp\/v2\/posts\/27545","targetHints":{"allow":["GET"]}}],"collection":[{"href":"https:\/\/www.sbfisica.org.br\/v1\/sbf\/wp-json\/wp\/v2\/posts"}],"about":[{"href":"https:\/\/www.sbfisica.org.br\/v1\/sbf\/wp-json\/wp\/v2\/types\/post"}],"author":[{"embeddable":true,"href":"https:\/\/www.sbfisica.org.br\/v1\/sbf\/wp-json\/wp\/v2\/users\/4"}],"replies":[{"embeddable":true,"href":"https:\/\/www.sbfisica.org.br\/v1\/sbf\/wp-json\/wp\/v2\/comments?post=27545"}],"version-history":[{"count":1,"href":"https:\/\/www.sbfisica.org.br\/v1\/sbf\/wp-json\/wp\/v2\/posts\/27545\/revisions"}],"predecessor-version":[{"id":27546,"href":"https:\/\/www.sbfisica.org.br\/v1\/sbf\/wp-json\/wp\/v2\/posts\/27545\/revisions\/27546"}],"wp:featuredmedia":[{"embeddable":true,"href":"https:\/\/www.sbfisica.org.br\/v1\/sbf\/wp-json\/wp\/v2\/media\/16567"}],"wp:attachment":[{"href":"https:\/\/www.sbfisica.org.br\/v1\/sbf\/wp-json\/wp\/v2\/media?parent=27545"}],"wp:term":[{"taxonomy":"category","embeddable":true,"href":"https:\/\/www.sbfisica.org.br\/v1\/sbf\/wp-json\/wp\/v2\/categories?post=27545"},{"taxonomy":"post_tag","embeddable":true,"href":"https:\/\/www.sbfisica.org.br\/v1\/sbf\/wp-json\/wp\/v2\/tags?post=27545"}],"curies":[{"name":"wp","href":"https:\/\/api.w.org\/{rel}","templated":true}]}}