{"id":27452,"date":"2025-06-10T16:58:00","date_gmt":"2025-06-10T19:58:00","guid":{"rendered":"https:\/\/www.sbfisica.org.br\/v1\/sbf\/?p=27452"},"modified":"2025-06-11T10:19:19","modified_gmt":"2025-06-11T13:19:19","slug":"introducao-a-fotonica-aplicada","status":"publish","type":"post","link":"https:\/\/www.sbfisica.org.br\/v1\/sbf\/introducao-a-fotonica-aplicada\/","title":{"rendered":"Introdu\u00e7\u00e3o \u00e0 Fot\u00f4nica Aplicada"},"content":{"rendered":"\n<p>Uma grande parte dos dispositivos tecnol\u00f3gicos que nos rodeiam faz uso da ci\u00eancia e a tecnologia da luz \u2013 a Fot\u00f4nica, como princ\u00edpio de funcionamento. A Fot\u00f4nica n\u00e3o \u00e9 mais uma tecnologia futura, embora v\u00e1rios dispositivos fot\u00f4nicos estejam na imin\u00eancia de serem inventados para revolucionar ainda mais a nossa vida quotidiana e profissional.<\/p>\n\n\n\n<p>Dispositivos e t\u00e9cnicas fot\u00f4nicas s\u00e3o usadas tanto no tradicional leitor de c\u00f3digo de barras, presente em supermercados, como em t\u00e9cnicas m\u00e9dicas e biol\u00f3gicas avan\u00e7adas permitindo, por exemplo, o melhoramento de imagem m\u00e9dicas auxiliando no diagn\u00f3stico de doen\u00e7as. Outro exemplo, \u00e9 a t\u00e9cnica fot\u00f4nica LiDAR, da sigla em ingl\u00eas Light Detection and Ranging, j\u00e1 presente em diversos smartphones, permitindo a reconstru\u00e7\u00e3o volum\u00e9trica do ambiente ao nosso redor atrav\u00e9s da detec\u00e7\u00e3o de varia\u00e7\u00f5es de luz em cenas e objetos. Apenas alguns exemplos, que ser\u00e3o abordados neste curso de forma pr\u00e1tica, simples e objetiva, de forma a oferecer a todos os alunos, mesmo sem forma\u00e7\u00e3o em f\u00edsica, uma perspectiva presente e futura da ci\u00eancia e tecnologia da luz presente ao nosso redor.<\/p>\n\n\n\n<p>Para isso, o curso iniciar\u00e1 com desde a parte mais primordial da ci\u00eancia da luz, ou seja, os fen\u00f4menos \u00f3pticos, at\u00e9 \u00e0s aplica\u00e7\u00f5es fot\u00f4nicas existentes, exemplificadas atrav\u00e9s de dispositivos ou t\u00e9cnicas fot\u00f4nicas comerciais e cient\u00edficas em diversas \u00e1reas, tais como, a biologia e medicina.<\/p>\n\n\n\n<p><strong>Ementa: <\/strong>origem da Luz e sua natureza. Os tr\u00eas segmentos da \u00d3ptica: geom\u00e9trica, f\u00edsica e qu\u00e2ntica. Fen\u00f4menos \u00f3pticos lineares e n\u00e3o lineares. Defini\u00e7\u00e3o de Fot\u00f4nica. A transversalidade da Fot\u00f4nica. Espectro eletromagn\u00e9tico e as diversas faixas espectrais usadas na Fot\u00f4nica. Dispositivos fot\u00f4nicos. T\u00e9cnicas fot\u00f4nicas. Fot\u00f4nica aplicada \u00e0 ci\u00eancia, tecnologia e ind\u00fastria. Instrumenta\u00e7\u00e3o Fot\u00f4nica. Exemplos de t\u00e9cnicas e dispositivos fot\u00f4nicos aplicados nas diversas \u00e1reas: biologia, medicina, dosimetria, materiais, f\u00edsica, etc.<\/p>\n\n\n\n<p>*O curso ir\u00e1 abordar, de forma geral e introdut\u00f3ria, desde os conceitos fundamentais da luz, al\u00e9m dos v\u00e1rios tipos de \u00f3ptica (geom\u00e9trica, f\u00edsica e qu\u00e2ntica) e alguns fen\u00f4menos \u00f3pticos lineares e n\u00e3o lineares. Ap\u00f3s essa breve introdu\u00e7\u00e3o, entrar\u00e1 na parte aplicada, ou seja, a Fot\u00f4nica, que ir\u00e1 ser exemplificada atrav\u00e9s de dispositivos e t\u00e9cnicas fot\u00f4nicas em ambientes cient\u00edficos e industriais. A formata\u00e7\u00e3o proposta para este curso, permitir\u00e1 aos alunos de \u00e1reas n\u00e3o correlatas \u00e0 f\u00edsica entender, mesmo que de forma gen\u00e9rica, a import\u00e2ncia da fot\u00f4nica no mundo da cient\u00edfico e industrial.<\/p>\n\n\n\n<p><strong>P\u00fablico-alvo:<\/strong> alunos de gradua\u00e7\u00e3o e p\u00f3s-gradua\u00e7\u00e3o (sem restri\u00e7\u00e3o de \u00e1reas cient\u00edficas e tecnol\u00f3gicas*).<\/p>\n\n\n\n<div class=\"wp-block-buttons is-content-justification-center is-layout-flex wp-container-core-buttons-is-layout-16018d1d wp-block-buttons-is-layout-flex\">\n<div class=\"wp-block-button\"><a class=\"wp-block-button__link has-white-color has-vivid-red-background-color has-text-color has-background has-link-color wp-element-button\" href=\"https:\/\/sec.sbfisica.org.br\/cursos\/mc006\/\">\u00c1rea do Participante<\/a><\/div>\n<\/div>\n\n\n\n<h2 class=\"wp-block-heading\">Programa\u00e7\u00e3o<\/h2>\n\n\n\n<ul class=\"wp-block-list\">\n<li><strong>Datas: <\/strong>13, 15, 16, 20 e 22 de junho\/2023<\/li>\n\n\n\n<li><strong>Hor\u00e1rio:<\/strong> das 19h \u00e0s 21h<\/li>\n\n\n\n<li><strong>Carga hor\u00e1ria:<\/strong> 10 horas<\/li>\n\n\n\n<li>Aulas s\u00edncronas online pelo Zoom<\/li>\n<\/ul>\n\n\n\n<h2 class=\"wp-block-heading\">Ministrantes<\/h2>\n\n\n\n<p><strong>Luis M. G. Abeg\u00e3o<\/strong> (Universidade Federal de Goi\u00e1s &#8211; www.photonicsresearchgroup.org)<br>Lattes: <a href=\"http:\/\/lattes.cnpq.br\/0652985491099436\">http:\/\/lattes.cnpq.br\/0652985491099436<\/a>.<\/p>\n\n\n\n<h2 class=\"wp-block-heading\">Valores<\/h2>\n\n\n\n<ul class=\"wp-block-list\">\n<li>S\u00f3cio Efetivo: R$ 50,00<\/li>\n\n\n\n<li>S\u00f3cio Regular ou Aspirante (Estudantes de Mestrado, Doutorado e de Gradua\u00e7\u00e3o): R$ 20,00<\/li>\n\n\n\n<li>N\u00e3o S\u00f3cio: R$ 75,00<\/li>\n<\/ul>\n\n\n\n<h2 class=\"wp-block-heading\">Datas Importantes<\/h2>\n\n\n\n<ul class=\"wp-block-list\">\n<li><strong>Inscri\u00e7\u00f5es:<\/strong> at\u00e9 29 de maio;<\/li>\n\n\n\n<li><strong>Pagamento ou cancelamento:<\/strong> at\u00e9 02 de junho.<\/li>\n\n\n\n<li>devolu\u00e7\u00e3o da taxa de inscri\u00e7\u00e3o ser\u00e1 de 50%, ap\u00f3s esta data a taxa n\u00e3o ser\u00e1 devolvida.<\/li>\n<\/ul>\n\n\n\n<p><strong>Pedidos de cancelamentos <\/strong>&#8211; <a href=\"mailto:cursos.sbf@sbfisica.org.br\">cursos.sbf@sbfisica.org.br<\/a>.<\/p>\n","protected":false},"excerpt":{"rendered":"<p>Uma grande parte dos dispositivos tecnol\u00f3gicos que nos rodeiam faz uso da ci\u00eancia e a tecnologia da luz \u2013 a Fot\u00f4nica, como princ\u00edpio de funcionamento. A Fot\u00f4nica n\u00e3o \u00e9 mais uma tecnologia futura, embora v\u00e1rios dispositivos fot\u00f4nicos estejam na imin\u00eancia de serem inventados para revolucionar ainda mais a nossa vida quotidiana e profissional. Dispositivos e [&hellip;]<\/p>\n","protected":false},"author":12,"featured_media":27453,"comment_status":"open","ping_status":"open","sticky":false,"template":"","format":"standard","meta":{"footnotes":""},"categories":[1262,1253],"tags":[1283,1284,881,265],"class_list":["post-27452","post","type-post","status-publish","format-standard","has-post-thumbnail","hentry","category-otica-e-fotonica","category-webminicurso","tag-espectro-eletromagnetico","tag-fisica-na-industria","tag-fotonica","tag-otica"],"aioseo_notices":[],"_links":{"self":[{"href":"https:\/\/www.sbfisica.org.br\/v1\/sbf\/wp-json\/wp\/v2\/posts\/27452","targetHints":{"allow":["GET"]}}],"collection":[{"href":"https:\/\/www.sbfisica.org.br\/v1\/sbf\/wp-json\/wp\/v2\/posts"}],"about":[{"href":"https:\/\/www.sbfisica.org.br\/v1\/sbf\/wp-json\/wp\/v2\/types\/post"}],"author":[{"embeddable":true,"href":"https:\/\/www.sbfisica.org.br\/v1\/sbf\/wp-json\/wp\/v2\/users\/12"}],"replies":[{"embeddable":true,"href":"https:\/\/www.sbfisica.org.br\/v1\/sbf\/wp-json\/wp\/v2\/comments?post=27452"}],"version-history":[{"count":2,"href":"https:\/\/www.sbfisica.org.br\/v1\/sbf\/wp-json\/wp\/v2\/posts\/27452\/revisions"}],"predecessor-version":[{"id":27459,"href":"https:\/\/www.sbfisica.org.br\/v1\/sbf\/wp-json\/wp\/v2\/posts\/27452\/revisions\/27459"}],"wp:featuredmedia":[{"embeddable":true,"href":"https:\/\/www.sbfisica.org.br\/v1\/sbf\/wp-json\/wp\/v2\/media\/27453"}],"wp:attachment":[{"href":"https:\/\/www.sbfisica.org.br\/v1\/sbf\/wp-json\/wp\/v2\/media?parent=27452"}],"wp:term":[{"taxonomy":"category","embeddable":true,"href":"https:\/\/www.sbfisica.org.br\/v1\/sbf\/wp-json\/wp\/v2\/categories?post=27452"},{"taxonomy":"post_tag","embeddable":true,"href":"https:\/\/www.sbfisica.org.br\/v1\/sbf\/wp-json\/wp\/v2\/tags?post=27452"}],"curies":[{"name":"wp","href":"https:\/\/api.w.org\/{rel}","templated":true}]}}