{"id":27446,"date":"2025-06-10T15:52:31","date_gmt":"2025-06-10T18:52:31","guid":{"rendered":"https:\/\/www.sbfisica.org.br\/v1\/sbf\/?p=27446"},"modified":"2025-06-10T17:00:10","modified_gmt":"2025-06-10T20:00:10","slug":"fisica-para-sustentabilidade-e-reducao-de-riscos-de-desastres","status":"publish","type":"post","link":"https:\/\/www.sbfisica.org.br\/v1\/sbf\/fisica-para-sustentabilidade-e-reducao-de-riscos-de-desastres\/","title":{"rendered":"F\u00edsica para Sustentabilidade e Redu\u00e7\u00e3o de Riscos de Desastres"},"content":{"rendered":"\n<p>Mudan\u00e7as Clim\u00e1ticas, Desastres Naturais, Objetivos do Desenvolvimento Sustent\u00e1vel, esses s\u00e3o temas que t\u00eam atra\u00eddo grande aten\u00e7\u00e3o de estudantes e profissionais da F\u00edsica. Neste curso ser\u00e3o apresentados conceitos b\u00e1sicos da \u00e1rea ambiental, ressaltando as bases f\u00edsicas e as demandas e oportunidades para aplica\u00e7\u00f5es nessas \u00e1reas de t\u00e9cnicas consagradas na f\u00edsica multidisciplinar, como modelagem por equa\u00e7\u00f5es diferenciais, aut\u00f4matos celulares e redes complexas.<\/p>\n\n\n\n<p><strong>P\u00fablico-alvo:<\/strong> alunos de gradua\u00e7\u00e3o, p\u00f3s-gradua\u00e7\u00e3o, professores e pesquisadores..<\/p>\n\n\n\n<div class=\"wp-block-buttons is-content-justification-center is-layout-flex wp-container-core-buttons-is-layout-16018d1d wp-block-buttons-is-layout-flex\">\n<div class=\"wp-block-button\"><a class=\"wp-block-button__link has-white-color has-vivid-red-background-color has-text-color has-background has-link-color wp-element-button\" href=\"https:\/\/sec.sbfisica.org.br\/cursos\/mc005\/\">\u00c1rea do Participante<\/a><\/div>\n<\/div>\n\n\n\n<h2 class=\"wp-block-heading\">Programa\u00e7\u00e3o<\/h2>\n\n\n\n<ul class=\"wp-block-list\">\n<li><strong>Datas: <\/strong>27\/05 e 03\/06\/2023<\/li>\n\n\n\n<li><strong>Hor\u00e1rio:<\/strong> das 9h \u00e0s 12h<\/li>\n\n\n\n<li><strong>Carga hor\u00e1ria:<\/strong> 6 horas<\/li>\n\n\n\n<li>Aulas s\u00edncronas online pelo Zoom<\/li>\n<\/ul>\n\n\n\n<h2 class=\"wp-block-heading\">Ministrantes<\/h2>\n\n\n\n<p><strong>Leonardo Bacelar Lima Santos<\/strong> (CEMADEN)<br>Lattes: <a href=\"http:\/\/lattes.cnpq.br\/9147853693310634\">http:\/\/lattes.cnpq.br\/9147853693310634<\/a>.<\/p>\n\n\n\n<h2 class=\"wp-block-heading\">Valores<\/h2>\n\n\n\n<ul class=\"wp-block-list\">\n<li>S\u00f3cio Efetivo: R$ 50,00<\/li>\n\n\n\n<li>S\u00f3cio Regular ou Aspirante (Estudantes de Mestrado, Doutorado e de Gradua\u00e7\u00e3o): R$ 20,00<\/li>\n\n\n\n<li>N\u00e3o S\u00f3cio: R$ 75,00<\/li>\n<\/ul>\n\n\n\n<h2 class=\"wp-block-heading\">Datas Importantes<\/h2>\n\n\n\n<ul class=\"wp-block-list\">\n<li><strong>Inscri\u00e7\u00f5es:<\/strong> at\u00e9 17 de maio;<\/li>\n\n\n\n<li><strong>Pagamento ou cancelamento:<\/strong> at\u00e9 23 de maio*.<\/li>\n\n\n\n<li>devolu\u00e7\u00e3o da taxa de inscri\u00e7\u00e3o ser\u00e1 de 50%, ap\u00f3s esta data a taxa n\u00e3o ser\u00e1 devolvida.<\/li>\n<\/ul>\n\n\n\n<p><strong>Pedidos de cancelamentos <\/strong>&#8211; <a href=\"mailto:cursos.sbf@sbfisica.org.br\">cursos.sbf@sbfisica.org.br<\/a>.<\/p>\n","protected":false},"excerpt":{"rendered":"<p>Mudan\u00e7as Clim\u00e1ticas, Desastres Naturais, Objetivos do Desenvolvimento Sustent\u00e1vel, esses s\u00e3o temas que t\u00eam atra\u00eddo grande aten\u00e7\u00e3o de estudantes e profissionais da F\u00edsica. Neste curso ser\u00e3o apresentados conceitos b\u00e1sicos da \u00e1rea ambiental, ressaltando as bases f\u00edsicas e as demandas e oportunidades para aplica\u00e7\u00f5es nessas \u00e1reas de t\u00e9cnicas consagradas na f\u00edsica multidisciplinar, como modelagem por equa\u00e7\u00f5es diferenciais, [&hellip;]<\/p>\n","protected":false},"author":12,"featured_media":27447,"comment_status":"open","ping_status":"open","sticky":false,"template":"","format":"standard","meta":{"footnotes":""},"categories":[1255,1253],"tags":[1285,326,1287,404],"class_list":["post-27446","post","type-post","status-publish","format-standard","has-post-thumbnail","hentry","category-biologica","category-webminicurso","tag-desastres-naturais","tag-mudancas-climaticas","tag-redes-complexas","tag-sustentabilidade"],"aioseo_notices":[],"_links":{"self":[{"href":"https:\/\/www.sbfisica.org.br\/v1\/sbf\/wp-json\/wp\/v2\/posts\/27446","targetHints":{"allow":["GET"]}}],"collection":[{"href":"https:\/\/www.sbfisica.org.br\/v1\/sbf\/wp-json\/wp\/v2\/posts"}],"about":[{"href":"https:\/\/www.sbfisica.org.br\/v1\/sbf\/wp-json\/wp\/v2\/types\/post"}],"author":[{"embeddable":true,"href":"https:\/\/www.sbfisica.org.br\/v1\/sbf\/wp-json\/wp\/v2\/users\/12"}],"replies":[{"embeddable":true,"href":"https:\/\/www.sbfisica.org.br\/v1\/sbf\/wp-json\/wp\/v2\/comments?post=27446"}],"version-history":[{"count":2,"href":"https:\/\/www.sbfisica.org.br\/v1\/sbf\/wp-json\/wp\/v2\/posts\/27446\/revisions"}],"predecessor-version":[{"id":27451,"href":"https:\/\/www.sbfisica.org.br\/v1\/sbf\/wp-json\/wp\/v2\/posts\/27446\/revisions\/27451"}],"wp:featuredmedia":[{"embeddable":true,"href":"https:\/\/www.sbfisica.org.br\/v1\/sbf\/wp-json\/wp\/v2\/media\/27447"}],"wp:attachment":[{"href":"https:\/\/www.sbfisica.org.br\/v1\/sbf\/wp-json\/wp\/v2\/media?parent=27446"}],"wp:term":[{"taxonomy":"category","embeddable":true,"href":"https:\/\/www.sbfisica.org.br\/v1\/sbf\/wp-json\/wp\/v2\/categories?post=27446"},{"taxonomy":"post_tag","embeddable":true,"href":"https:\/\/www.sbfisica.org.br\/v1\/sbf\/wp-json\/wp\/v2\/tags?post=27446"}],"curies":[{"name":"wp","href":"https:\/\/api.w.org\/{rel}","templated":true}]}}