{"id":27431,"date":"2025-06-10T10:18:50","date_gmt":"2025-06-10T13:18:50","guid":{"rendered":"https:\/\/www.sbfisica.org.br\/v1\/sbf\/?p=27431"},"modified":"2025-06-10T10:18:51","modified_gmt":"2025-06-10T13:18:51","slug":"ciclo-de-palestra-para-divulgacao-do-ano-internacional-da-ciencia-e-tecnologia-quantica-na-ufgd","status":"publish","type":"post","link":"https:\/\/www.sbfisica.org.br\/v1\/sbf\/ciclo-de-palestra-para-divulgacao-do-ano-internacional-da-ciencia-e-tecnologia-quantica-na-ufgd\/","title":{"rendered":"Ciclo de Palestra para Divulga\u00e7\u00e3o do ano Internacional da Ci\u00eancia e Tecnologia Qu\u00e2ntica na UFGD"},"content":{"rendered":"\n<p>A Universidade Federal da Grande Dourados ir\u00e1 realizar nos dias 18 e 19 de Setembro de 2025 o evento&nbsp;<\/p>\n\n\n\n<p>Ciclo de Palestra para Divulga\u00e7\u00e3o do ano Internacional da Ci\u00eancia e Tecnologia Qu\u00e2ntica na UFGD,&nbsp;em comemora\u00e7\u00e3o ao Ano Internacional da Ci\u00eancia e Tecnologias Qu\u00e2nticas, declarado pela UNESCO. Ser\u00e3o oito palestras de pesquisadores renomados na \u00e1rea. O evento \u00e9 gratuito, ser\u00e1 presencial e ter\u00e1 transmiss\u00e3o online, com emiss\u00e3o de certificados.&nbsp;<br>Link do&nbsp;evento:&nbsp;<\/p>\n\n\n\n<p><a href=\"https:\/\/www.even3.com.br\/quantica-ufgd-587410\">https:\/\/www.even3.com.br\/quantica-ufgd-587410<\/a><\/p>\n","protected":false},"excerpt":{"rendered":"<p>A Universidade Federal da Grande Dourados ir\u00e1 realizar nos dias 18 e 19 de Setembro de 2025 o evento&nbsp; Ciclo de Palestra para Divulga\u00e7\u00e3o do ano Internacional da Ci\u00eancia e Tecnologia Qu\u00e2ntica na UFGD,&nbsp;em comemora\u00e7\u00e3o ao Ano Internacional da Ci\u00eancia e Tecnologias Qu\u00e2nticas, declarado pela UNESCO. Ser\u00e3o oito palestras de pesquisadores renomados na \u00e1rea. O [&hellip;]<\/p>\n","protected":false},"author":4,"featured_media":16567,"comment_status":"open","ping_status":"open","sticky":false,"template":"","format":"standard","meta":{"footnotes":""},"categories":[461],"tags":[],"class_list":["post-27431","post","type-post","status-publish","format-standard","has-post-thumbnail","hentry","category-eventos"],"aioseo_notices":[],"_links":{"self":[{"href":"https:\/\/www.sbfisica.org.br\/v1\/sbf\/wp-json\/wp\/v2\/posts\/27431","targetHints":{"allow":["GET"]}}],"collection":[{"href":"https:\/\/www.sbfisica.org.br\/v1\/sbf\/wp-json\/wp\/v2\/posts"}],"about":[{"href":"https:\/\/www.sbfisica.org.br\/v1\/sbf\/wp-json\/wp\/v2\/types\/post"}],"author":[{"embeddable":true,"href":"https:\/\/www.sbfisica.org.br\/v1\/sbf\/wp-json\/wp\/v2\/users\/4"}],"replies":[{"embeddable":true,"href":"https:\/\/www.sbfisica.org.br\/v1\/sbf\/wp-json\/wp\/v2\/comments?post=27431"}],"version-history":[{"count":1,"href":"https:\/\/www.sbfisica.org.br\/v1\/sbf\/wp-json\/wp\/v2\/posts\/27431\/revisions"}],"predecessor-version":[{"id":27432,"href":"https:\/\/www.sbfisica.org.br\/v1\/sbf\/wp-json\/wp\/v2\/posts\/27431\/revisions\/27432"}],"wp:featuredmedia":[{"embeddable":true,"href":"https:\/\/www.sbfisica.org.br\/v1\/sbf\/wp-json\/wp\/v2\/media\/16567"}],"wp:attachment":[{"href":"https:\/\/www.sbfisica.org.br\/v1\/sbf\/wp-json\/wp\/v2\/media?parent=27431"}],"wp:term":[{"taxonomy":"category","embeddable":true,"href":"https:\/\/www.sbfisica.org.br\/v1\/sbf\/wp-json\/wp\/v2\/categories?post=27431"},{"taxonomy":"post_tag","embeddable":true,"href":"https:\/\/www.sbfisica.org.br\/v1\/sbf\/wp-json\/wp\/v2\/tags?post=27431"}],"curies":[{"name":"wp","href":"https:\/\/api.w.org\/{rel}","templated":true}]}}