{"id":27428,"date":"2025-06-10T10:00:07","date_gmt":"2025-06-10T13:00:07","guid":{"rendered":"https:\/\/www.sbfisica.org.br\/v1\/sbf\/?p=27428"},"modified":"2025-06-10T10:03:52","modified_gmt":"2025-06-10T13:03:52","slug":"processo-seletivo-ppg-fisica-ufpr-2","status":"publish","type":"post","link":"https:\/\/www.sbfisica.org.br\/v1\/sbf\/processo-seletivo-ppg-fisica-ufpr-2\/","title":{"rendered":"Processo Seletivo PPG -F\u00cdSICA\/UFPR"},"content":{"rendered":"\n<p>Solicitamos por gentileza a divulga\u00e7\u00e3o do nosso processo seletivo:<\/p>\n\n\n\n<p>Acaba de ser publicizado o Edital PPGF\/UFPR N\u00ba 02\/2025 (em anexo) referente ao Processo Seletivo para ingresso em 2025\/2 nos Cursos de Mestrado e Doutorado do Programa de P\u00f3s-Gradua\u00e7\u00e3o em F\u00edsica (PPGF) da UFPR. As pessoas interessadas podem encontrar todas as informa\u00e7\u00f5es atinentes ao processo no link:<\/p>\n\n\n\n<p>Inscri\u00e7\u00f5es:&nbsp; de01 junho a 29 de junho de 2025.&nbsp;<\/p>\n\n\n\n<p>Eventuais d\u00favidas podem ser dirimidas atrav\u00e9s do e-mail:&nbsp;<a href=\"mailto:ppgf@ufpr.br\" target=\"_blank\" rel=\"noreferrer noopener\">ppgf@ufpr.br<\/a><\/p>\n\n\n\n<div data-wp-interactive=\"core\/file\" class=\"wp-block-file\"><object data-wp-bind--hidden=\"!state.hasPdfPreview\" hidden class=\"wp-block-file__embed\" data=\"https:\/\/www.sbfisica.org.br\/v1\/sbf\/wp-content\/uploads\/2025\/06\/edital_ppgf_ingresso_2025-2.pdf\" type=\"application\/pdf\" style=\"width:100%;height:600px\" aria-label=\"Incorporado de edital_ppgf_ingresso_2025-2.\"><\/object><a id=\"wp-block-file--media-c75f3c36-873b-46ce-b0f4-45955a2fb7a6\" href=\"https:\/\/www.sbfisica.org.br\/v1\/sbf\/wp-content\/uploads\/2025\/06\/edital_ppgf_ingresso_2025-2.pdf\">edital_ppgf_ingresso_2025-2<\/a><a href=\"https:\/\/www.sbfisica.org.br\/v1\/sbf\/wp-content\/uploads\/2025\/06\/edital_ppgf_ingresso_2025-2.pdf\" class=\"wp-block-file__button wp-element-button\" download aria-describedby=\"wp-block-file--media-c75f3c36-873b-46ce-b0f4-45955a2fb7a6\">Baixar<\/a><\/div>\n","protected":false},"excerpt":{"rendered":"<p>Solicitamos por gentileza a divulga\u00e7\u00e3o do nosso processo seletivo: Acaba de ser publicizado o Edital PPGF\/UFPR N\u00ba 02\/2025 (em anexo) referente ao Processo Seletivo para ingresso em 2025\/2 nos Cursos de Mestrado e Doutorado do Programa de P\u00f3s-Gradua\u00e7\u00e3o em F\u00edsica (PPGF) da UFPR. As pessoas interessadas podem encontrar todas as informa\u00e7\u00f5es atinentes ao processo no [&hellip;]<\/p>\n","protected":false},"author":4,"featured_media":16567,"comment_status":"open","ping_status":"open","sticky":false,"template":"","format":"standard","meta":{"footnotes":""},"categories":[456],"tags":[],"class_list":["post-27428","post","type-post","status-publish","format-standard","has-post-thumbnail","hentry","category-processos-seletivos"],"aioseo_notices":[],"_links":{"self":[{"href":"https:\/\/www.sbfisica.org.br\/v1\/sbf\/wp-json\/wp\/v2\/posts\/27428","targetHints":{"allow":["GET"]}}],"collection":[{"href":"https:\/\/www.sbfisica.org.br\/v1\/sbf\/wp-json\/wp\/v2\/posts"}],"about":[{"href":"https:\/\/www.sbfisica.org.br\/v1\/sbf\/wp-json\/wp\/v2\/types\/post"}],"author":[{"embeddable":true,"href":"https:\/\/www.sbfisica.org.br\/v1\/sbf\/wp-json\/wp\/v2\/users\/4"}],"replies":[{"embeddable":true,"href":"https:\/\/www.sbfisica.org.br\/v1\/sbf\/wp-json\/wp\/v2\/comments?post=27428"}],"version-history":[{"count":1,"href":"https:\/\/www.sbfisica.org.br\/v1\/sbf\/wp-json\/wp\/v2\/posts\/27428\/revisions"}],"predecessor-version":[{"id":27430,"href":"https:\/\/www.sbfisica.org.br\/v1\/sbf\/wp-json\/wp\/v2\/posts\/27428\/revisions\/27430"}],"wp:featuredmedia":[{"embeddable":true,"href":"https:\/\/www.sbfisica.org.br\/v1\/sbf\/wp-json\/wp\/v2\/media\/16567"}],"wp:attachment":[{"href":"https:\/\/www.sbfisica.org.br\/v1\/sbf\/wp-json\/wp\/v2\/media?parent=27428"}],"wp:term":[{"taxonomy":"category","embeddable":true,"href":"https:\/\/www.sbfisica.org.br\/v1\/sbf\/wp-json\/wp\/v2\/categories?post=27428"},{"taxonomy":"post_tag","embeddable":true,"href":"https:\/\/www.sbfisica.org.br\/v1\/sbf\/wp-json\/wp\/v2\/tags?post=27428"}],"curies":[{"name":"wp","href":"https:\/\/api.w.org\/{rel}","templated":true}]}}