{"id":26679,"date":"2025-05-15T16:26:54","date_gmt":"2025-05-15T19:26:54","guid":{"rendered":"https:\/\/www.sbfisica.org.br\/v1\/sbf\/?p=26679"},"modified":"2025-07-12T16:07:37","modified_gmt":"2025-07-12T19:07:37","slug":"sbf-participara-da-77a-reuniao-anual-da-sbpc-em-recife","status":"publish","type":"post","link":"https:\/\/www.sbfisica.org.br\/v1\/sbf\/sbf-participara-da-77a-reuniao-anual-da-sbpc-em-recife\/","title":{"rendered":"SBF participar\u00e1 da 77\u00aa Reuni\u00e3o Anual da SBPC em Recife"},"content":{"rendered":"\n<p>A Sociedade Brasileira de F\u00edsica (SBF) participar\u00e1 da <a href=\"https:\/\/portal.sbpcnet.org.br\/noticias\/confira-os-destaques-da-programacao-da-77a-reuniao-anual-da-sbpc\/\">77\u00aa Reuni\u00e3o Anual<\/a> da Sociedade Brasileira para o Progresso da Ci\u00eancia (SBPC) que ser\u00e1 realizada de 13 a 19 de julho, na Universidade Federal Rural de Pernambuco (UFRPE), em Recife.<\/p>\n\n\n\n<p>Com o tema \u201cProgresso \u00e9 Ci\u00eancia em todos os Territ\u00f3rios\u201d, o evento ser\u00e1 gratuito e aberto ao p\u00fablico. A SBPC reunir\u00e1 no evento centenas de atividades que celebram o conhecimento como for\u00e7a transformadora presente em todos os cantos do pa\u00eds. E SBF n\u00e3o poderia estar de fora.<\/p>\n\n\n\n<p>O presidente da SBF, Rodrigo Barbosa Capaz, por exemplo, ser\u00e1 o coordenador do painel Grandes Infraestruturas de Pesquisa Cient\u00edfica, que ser\u00e1 realizado de modo online, e do tema Intelig\u00eancia Artificial: o Pr\u00eamio Nobel de F\u00edsica de 2024, que ocorrer\u00e1 de forma presencial na UFRPE. Os eventos online ser\u00e3o transmitidos no canal da <a href=\"https:\/\/www.youtube.com\/canalsbpc\">SBPC no YouTube<\/a> e no <a href=\"https:\/\/www.youtube.com\/c\/SociedadeBrasileiradeF%C3%ADsica\">canal da SBF<\/a>.<\/p>\n\n\n\n<h2 class=\"wp-block-heading\">Confira a programa\u00e7\u00e3o da SBF na 77\u00aa Reuni\u00e3o Anual<\/h2>\n\n\n\n<h3 class=\"wp-block-heading\">PN: GRANDES INFRAESTRUTURAS DE PESQUISA CIENT\u00cdFICA<\/h3>\n\n\n\n<ul class=\"wp-block-list\">\n<li><strong>Modelo: <\/strong>Virtual<\/li>\n\n\n\n<li><strong>Institui\u00e7\u00e3o Proponente:<\/strong> SBF<\/li>\n\n\n\n<li><strong>Coordenador:<\/strong> Rodrigo Barbosa Capaz (CNPEM)<\/li>\n\n\n\n<li><strong>Participantes: <\/strong>Ant\u00f4nio Jos\u00e9 Roque da Silva (CNPEM), Elcio Abdalla (USP), Jos\u00e9 Augusto Perrotta (IPEN) e Laerte Sodre Junior (USP)<\/li>\n\n\n\n<li><strong>Dia\/Hora:<\/strong> 16\/7\/2025 &#8211; das 13h00 \u00e0s 15h30<\/li>\n<\/ul>\n\n\n\n<h3 class=\"wp-block-heading\">PN: INTELIG\u00caNCIA ARTIFICIAL: O PR\u00caMIO NOBEL DE F\u00cdSICA DE 2024<\/h3>\n\n\n\n<ul class=\"wp-block-list\">\n<li><strong>Modelo: <\/strong>Presencial<\/li>\n\n\n\n<li><strong>Institui\u00e7\u00e3o Proponente: <\/strong>SBF<\/li>\n\n\n\n<li><strong>Coordenador: <\/strong>Rodrigo Barbosa Capaz (CNPEM)<\/li>\n\n\n\n<li><strong>Participantes: <\/strong>Gabriel Ravanhani Schleder (CNPEM), Nestor Felipe Caticha Alfonso (USP) e Jos\u00e9 Soares de Andrade Junior (UFC)<\/li>\n\n\n\n<li><strong>Dia\/Hora:<\/strong> 18\/7\/2025 &#8211; das 13h00 \u00e0s 15h30<\/li>\n<\/ul>\n\n\n\n<h3 class=\"wp-block-heading\">Atividade: Minicurso<\/h3>\n\n\n\n<ul class=\"wp-block-list\">\n<li><strong>Modelo: <\/strong>Presencial<\/li>\n\n\n\n<li><strong>T\u00edtulo: <\/strong>A F\u00cdSICA APLICADA AOS ESTUDOS CLIM\u00c1TICOS E AMBIENTAIS<\/li>\n\n\n\n<li><strong>Respons\u00e1vel 1:<\/strong> Marcia Akemi Yamasoe (USP)<\/li>\n\n\n\n<li><strong>Dia\/Hora: <\/strong>15 a 18\/7\/2025 &#8211; das 08h00 \u00e0s 09h30<\/li>\n<\/ul>\n\n\n\n<p><\/p>\n\n\n\n<p>(Texto atualizado dia 12\/7\/2025)<\/p>\n","protected":false},"excerpt":{"rendered":"<p>A Sociedade Brasileira de F\u00edsica (SBF) participar\u00e1 da 77\u00aa Reuni\u00e3o Anual da Sociedade Brasileira para o Progresso da Ci\u00eancia (SBPC) que ser\u00e1 realizada de 13 a 19 de julho, na Universidade Federal Rural de Pernambuco (UFRPE), em Recife. Com o tema \u201cProgresso \u00e9 Ci\u00eancia em todos os Territ\u00f3rios\u201d, o evento ser\u00e1 gratuito e aberto ao [&hellip;]<\/p>\n","protected":false},"author":12,"featured_media":26680,"comment_status":"open","ping_status":"open","sticky":false,"template":"","format":"standard","meta":{"footnotes":""},"categories":[127],"tags":[],"class_list":["post-26679","post","type-post","status-publish","format-standard","has-post-thumbnail","hentry","category-acontece-na-sbf"],"aioseo_notices":[],"_links":{"self":[{"href":"https:\/\/www.sbfisica.org.br\/v1\/sbf\/wp-json\/wp\/v2\/posts\/26679","targetHints":{"allow":["GET"]}}],"collection":[{"href":"https:\/\/www.sbfisica.org.br\/v1\/sbf\/wp-json\/wp\/v2\/posts"}],"about":[{"href":"https:\/\/www.sbfisica.org.br\/v1\/sbf\/wp-json\/wp\/v2\/types\/post"}],"author":[{"embeddable":true,"href":"https:\/\/www.sbfisica.org.br\/v1\/sbf\/wp-json\/wp\/v2\/users\/12"}],"replies":[{"embeddable":true,"href":"https:\/\/www.sbfisica.org.br\/v1\/sbf\/wp-json\/wp\/v2\/comments?post=26679"}],"version-history":[{"count":6,"href":"https:\/\/www.sbfisica.org.br\/v1\/sbf\/wp-json\/wp\/v2\/posts\/26679\/revisions"}],"predecessor-version":[{"id":27963,"href":"https:\/\/www.sbfisica.org.br\/v1\/sbf\/wp-json\/wp\/v2\/posts\/26679\/revisions\/27963"}],"wp:featuredmedia":[{"embeddable":true,"href":"https:\/\/www.sbfisica.org.br\/v1\/sbf\/wp-json\/wp\/v2\/media\/26680"}],"wp:attachment":[{"href":"https:\/\/www.sbfisica.org.br\/v1\/sbf\/wp-json\/wp\/v2\/media?parent=26679"}],"wp:term":[{"taxonomy":"category","embeddable":true,"href":"https:\/\/www.sbfisica.org.br\/v1\/sbf\/wp-json\/wp\/v2\/categories?post=26679"},{"taxonomy":"post_tag","embeddable":true,"href":"https:\/\/www.sbfisica.org.br\/v1\/sbf\/wp-json\/wp\/v2\/tags?post=26679"}],"curies":[{"name":"wp","href":"https:\/\/api.w.org\/{rel}","templated":true}]}}