{"id":26670,"date":"2025-05-15T11:15:20","date_gmt":"2025-05-15T14:15:20","guid":{"rendered":"https:\/\/www.sbfisica.org.br\/v1\/sbf\/?p=26670"},"modified":"2025-05-15T11:16:54","modified_gmt":"2025-05-15T14:16:54","slug":"em-maio-e-junho-ictp-saifr-realiza-workshops-em-espanhol-para-professores-de-ensino-medio","status":"publish","type":"post","link":"https:\/\/www.sbfisica.org.br\/v1\/sbf\/em-maio-e-junho-ictp-saifr-realiza-workshops-em-espanhol-para-professores-de-ensino-medio\/","title":{"rendered":"Em maio e junho, ICTP-SAIFR realiza workshops em espanhol para professores de Ensino M\u00e9dio"},"content":{"rendered":"\n<p><em>Forma\u00e7\u00f5es ter\u00e3o princ\u00edpio da incerteza e dualidade onda-part\u00edcula como temas<\/em><\/p>\n\n\n\n<p>O ICTP-SAIFR d\u00e1 continuidade \u00e0 edi\u00e7\u00e3o em espanhol do <a href=\"http:\/\/ictp-saifr.org\/salaespanol\">F\u00edsica Moderna para a Sala de Aula<\/a>, programa com workshops voltados para professores do Ensino M\u00e9dio. As forma\u00e7\u00f5es s\u00e3o gratuitas, realizadas aos s\u00e1bados, \u00e0s 16h (hor\u00e1rio de Bras\u00edlia), com dura\u00e7\u00e3o aproximada de duas horas e meia, e transmitidas via plataforma Zoom. As vagas s\u00e3o limitadas.<\/p>\n\n\n\n<p>No dia 24 de maio, o tema \u00e9 \u201cO princ\u00edpio da incerteza\u201d e o ministrante \u00e9 Ivan Morales, do Peru. J\u00e1 no dia 28 de junho, Ulises Vargas, professor de F\u00edsica no Panam\u00e1, fala sobre \u201cDualidade onda-part\u00edcula\u201d. As atividades ser\u00e3o conduzidas em espanhol.<\/p>\n\n\n\n<p>O objetivo do <a href=\"http:\/\/ictp-saifr.org\/salaespanol\">F\u00edsica Moderna para a Sala de Aula<\/a> \u00e9 compartilhar t\u00e9cnicas e estrat\u00e9gias did\u00e1ticas para a inclus\u00e3o de t\u00f3picos de F\u00edsica Moderna e Contempor\u00e2nea no espa\u00e7o escolar. As atividades t\u00eam como base os materiais desenvolvidos pelo mundialmente reconhecido Instituto Perimeter de F\u00edsica Te\u00f3rica (Canad\u00e1), traduzidos para <a href=\"http:\/\/outreach.ictp-saifr.org\/traducoes-para-lingua-portuguesa\/\">portugu\u00eas<\/a> e <a href=\"http:\/\/outreach.ictp-saifr.org\/traducciones-al-espanol\/\">espanhol<\/a> pelo ICTP-SAIFR.<\/p>\n\n\n\n<p><strong>Sobre o ICTP-SAIFR<\/strong><\/p>\n\n\n\n<p>O Instituto Sul-Americano para Pesquisa Fundamental (ICTP-SAIFR) \u00e9 um centro internacional na cidade de S\u00e3o Paulo criado por meio de uma colabora\u00e7\u00e3o entre o Centro Internacional de F\u00edsica Te\u00f3rica (ICTP) na It\u00e1lia, o Instituto de F\u00edsica Te\u00f3rica (IFT) da Unesp e a Fapesp. Suas atividades incluem pesquisa em F\u00edsica Te\u00f3rica e suas aplica\u00e7\u00f5es, bem como escolas e workshops para alunos de p\u00f3s-gradua\u00e7\u00e3o e pesquisadores. Mais informa\u00e7\u00f5es est\u00e3o dispon\u00edveis no site <a href=\"https:\/\/www.ictp-saifr.org\/\">ictp-saifr.org<\/a>. O ICTP-SAIFR tamb\u00e9m promove divulga\u00e7\u00e3o cient\u00edfica e a\u00e7\u00f5es de extens\u00e3o junto a professores e estudantes de Ensino M\u00e9dio e p\u00fablico geral. Para saber mais, acesse <a href=\"https:\/\/outreach.ictp-saifr.org\/\">outreach.ictp-saifr.org<\/a>.<\/p>\n\n\n\n<p><strong>Servi\u00e7o<\/strong><\/p>\n\n\n\n<p><strong>F\u00edsica Moderna para a Sala de Aula em espanhol: edi\u00e7\u00f5es de maio e junho<\/strong><\/p>\n\n\n\n<p><strong>Datas: <\/strong>24 de maio e 28 de junho de 2025 (s\u00e1bados)<\/p>\n\n\n\n<p><strong>Hor\u00e1rio: <\/strong>16h (hor\u00e1rio de Bras\u00edlia)<\/p>\n\n\n\n<p><strong>Local: <\/strong>online, via plataforma Zoom<\/p>\n\n\n\n<p><strong>Valor: <\/strong>gratuito<\/p>\n\n\n\n<p><strong>Realiza\u00e7\u00e3o: <\/strong>ICTP-SAIFR<\/p>\n\n\n\n<p><strong>Inscri\u00e7\u00f5es e mais informa\u00e7\u00f5es:<\/strong> <a href=\"http:\/\/ictp-saifr.org\/salaespanol\">ictp-saifr.org\/salaespanol<\/a><\/p>\n","protected":false},"excerpt":{"rendered":"<p>Forma\u00e7\u00f5es ter\u00e3o princ\u00edpio da incerteza e dualidade onda-part\u00edcula como temas O ICTP-SAIFR d\u00e1 continuidade \u00e0 edi\u00e7\u00e3o em espanhol do F\u00edsica Moderna para a Sala de Aula, programa com workshops voltados para professores do Ensino M\u00e9dio. As forma\u00e7\u00f5es s\u00e3o gratuitas, realizadas aos s\u00e1bados, \u00e0s 16h (hor\u00e1rio de Bras\u00edlia), com dura\u00e7\u00e3o aproximada de duas horas e meia, [&hellip;]<\/p>\n","protected":false},"author":4,"featured_media":16567,"comment_status":"open","ping_status":"open","sticky":false,"template":"","format":"standard","meta":{"footnotes":""},"categories":[461],"tags":[],"class_list":["post-26670","post","type-post","status-publish","format-standard","has-post-thumbnail","hentry","category-eventos"],"aioseo_notices":[],"_links":{"self":[{"href":"https:\/\/www.sbfisica.org.br\/v1\/sbf\/wp-json\/wp\/v2\/posts\/26670","targetHints":{"allow":["GET"]}}],"collection":[{"href":"https:\/\/www.sbfisica.org.br\/v1\/sbf\/wp-json\/wp\/v2\/posts"}],"about":[{"href":"https:\/\/www.sbfisica.org.br\/v1\/sbf\/wp-json\/wp\/v2\/types\/post"}],"author":[{"embeddable":true,"href":"https:\/\/www.sbfisica.org.br\/v1\/sbf\/wp-json\/wp\/v2\/users\/4"}],"replies":[{"embeddable":true,"href":"https:\/\/www.sbfisica.org.br\/v1\/sbf\/wp-json\/wp\/v2\/comments?post=26670"}],"version-history":[{"count":1,"href":"https:\/\/www.sbfisica.org.br\/v1\/sbf\/wp-json\/wp\/v2\/posts\/26670\/revisions"}],"predecessor-version":[{"id":26671,"href":"https:\/\/www.sbfisica.org.br\/v1\/sbf\/wp-json\/wp\/v2\/posts\/26670\/revisions\/26671"}],"wp:featuredmedia":[{"embeddable":true,"href":"https:\/\/www.sbfisica.org.br\/v1\/sbf\/wp-json\/wp\/v2\/media\/16567"}],"wp:attachment":[{"href":"https:\/\/www.sbfisica.org.br\/v1\/sbf\/wp-json\/wp\/v2\/media?parent=26670"}],"wp:term":[{"taxonomy":"category","embeddable":true,"href":"https:\/\/www.sbfisica.org.br\/v1\/sbf\/wp-json\/wp\/v2\/categories?post=26670"},{"taxonomy":"post_tag","embeddable":true,"href":"https:\/\/www.sbfisica.org.br\/v1\/sbf\/wp-json\/wp\/v2\/tags?post=26670"}],"curies":[{"name":"wp","href":"https:\/\/api.w.org\/{rel}","templated":true}]}}