{"id":26668,"date":"2025-05-15T11:14:36","date_gmt":"2025-05-15T14:14:36","guid":{"rendered":"https:\/\/www.sbfisica.org.br\/v1\/sbf\/?p=26668"},"modified":"2025-05-15T11:14:36","modified_gmt":"2025-05-15T14:14:36","slug":"ictp-saifr-sedia-encontro-aberto-ao-publico-geral-sobre-tecnologia-quantica","status":"publish","type":"post","link":"https:\/\/www.sbfisica.org.br\/v1\/sbf\/ictp-saifr-sedia-encontro-aberto-ao-publico-geral-sobre-tecnologia-quantica\/","title":{"rendered":"ICTP-SAIFR sedia encontro aberto ao p\u00fablico geral sobre tecnologia qu\u00e2ntica"},"content":{"rendered":"\n<p><em>Atividade em S\u00e3o Paulo integra evento global do Ano Internacional da Ci\u00eancia e Tecnologia Qu\u00e2ntica da Unesco<\/em><\/p>\n\n\n\n<p>O ICTP-SAIFR realiza na cidade de S\u00e3o Paulo um <a href=\"https:\/\/www.ictp-saifr.org\/cqst2025\/\">encontro<\/a> associado aos eventos globais do Ano Internacional da Ci\u00eancia e Tecnologia Qu\u00e2ntica da Unesco e parte integrante de um evento do Centro Internacional de F\u00edsica Te\u00f3rica (ICTP) em Trieste (It\u00e1lia), organizado em conjunto com o ICTP-SAIFR, a Accademia Nazionale dei Lincei em Roma e a Escola Internacional de Estudos Avan\u00e7ados (SISSA) em Trieste.<\/p>\n\n\n\n<p>A atividade em S\u00e3o Paulo acontecer\u00e1 na segunda-feira (26 de maio) e ser\u00e1 sediada no audit\u00f3rio do Instituto de F\u00edsica Te\u00f3rica (IFT) da Unesp. A programa\u00e7\u00e3o inclui tr\u00eas mesas redondas com discuss\u00f5es sobre ci\u00eancia e tecnologia qu\u00e2ntica, al\u00e9m de conversas sobre o financiamento e a cria\u00e7\u00e3o de uma rede latino-americana para a \u00e1rea. A entrada \u00e9 gratuita e n\u00e3o h\u00e1 necessidade de inscri\u00e7\u00e3o. Toda a atividade ser\u00e1 em ingl\u00eas, mas aberta ao p\u00fablico geral.<\/p>\n\n\n\n<p>O encontro em Roma (27 de mar\u00e7o) envolver\u00e1 atividades para estudantes do Ensino M\u00e9dio e as atividades em Trieste (de 28 a 30 de mar\u00e7o) consistir\u00e3o em um workshop com mais de 25 palestrantes e v\u00e1rios ganhadores do Pr\u00eamio Nobel. A programa\u00e7\u00e3o do encontro em Trieste est\u00e1 dispon\u00edvel no <a href=\"https:\/\/indico.ictp.it\/event\/10838\">site do ICTP<\/a> e toda a semana de encontros ser\u00e1 transmitida ao vivo.<\/p>\n\n\n\n<p><strong>Sobre o ICTP-SAIFR<\/strong><\/p>\n\n\n\n<p>O Instituto Sul-Americano para Pesquisa Fundamental (ICTP-SAIFR) \u00e9 um centro internacional na cidade de S\u00e3o Paulo criado por meio de uma colabora\u00e7\u00e3o entre o Centro Internacional de F\u00edsica Te\u00f3rica (ICTP) na It\u00e1lia, o IFT-Unesp e a Fapesp. Suas atividades incluem pesquisa em F\u00edsica Te\u00f3rica e suas aplica\u00e7\u00f5es, bem como escolas e workshops para alunos de p\u00f3s-gradua\u00e7\u00e3o e pesquisadores. O ICTP-SAIFR tamb\u00e9m promove divulga\u00e7\u00e3o cient\u00edfica e a\u00e7\u00f5es de extens\u00e3o junto a professores e estudantes de Ensino M\u00e9dio e p\u00fablico geral. Mais informa\u00e7\u00f5es est\u00e3o dispon\u00edveis no site <a href=\"https:\/\/www.ictp-saifr.org\/\">ictp-saifr.org<\/a>.<\/p>\n\n\n\n<p><strong>Servi\u00e7o<\/strong><\/p>\n\n\n\n<p><strong>Evento Global do ICTP para o Ano Internacional da Ci\u00eancia e Tecnologia Qu\u00e2ntica \u2013 Encontro do ICTP-SAIFR em S\u00e3o Paulo<\/strong><\/p>\n\n\n\n<p><strong>Data:<\/strong> 26 de maio de 2025, das 9h15 \u00e0s 16h30<\/p>\n\n\n\n<p><strong>Local: <\/strong>IFT-Unesp (Rua Jornalista Aloysio Biondi, 120 \u2013 Bloco II \u2013 Barra Funda \u2013 S\u00e3o Paulo\/SP)<\/p>\n\n\n\n<p><strong>Valor: <\/strong>gratuito<\/p>\n\n\n\n<p><strong>Realiza\u00e7\u00e3o: <\/strong>ICTP-SAIFR<\/p>\n\n\n\n<p><strong>Mais informa\u00e7\u00f5es:<\/strong> <a href=\"https:\/\/www.ictp-saifr.org\/cqst2025\/\">ictp-saifr.org\/cqst2025<\/a><\/p>\n","protected":false},"excerpt":{"rendered":"<p>Atividade em S\u00e3o Paulo integra evento global do Ano Internacional da Ci\u00eancia e Tecnologia Qu\u00e2ntica da Unesco O ICTP-SAIFR realiza na cidade de S\u00e3o Paulo um encontro associado aos eventos globais do Ano Internacional da Ci\u00eancia e Tecnologia Qu\u00e2ntica da Unesco e parte integrante de um evento do Centro Internacional de F\u00edsica Te\u00f3rica (ICTP) em [&hellip;]<\/p>\n","protected":false},"author":4,"featured_media":16567,"comment_status":"open","ping_status":"open","sticky":false,"template":"","format":"standard","meta":{"footnotes":""},"categories":[461],"tags":[],"class_list":["post-26668","post","type-post","status-publish","format-standard","has-post-thumbnail","hentry","category-eventos"],"aioseo_notices":[],"_links":{"self":[{"href":"https:\/\/www.sbfisica.org.br\/v1\/sbf\/wp-json\/wp\/v2\/posts\/26668","targetHints":{"allow":["GET"]}}],"collection":[{"href":"https:\/\/www.sbfisica.org.br\/v1\/sbf\/wp-json\/wp\/v2\/posts"}],"about":[{"href":"https:\/\/www.sbfisica.org.br\/v1\/sbf\/wp-json\/wp\/v2\/types\/post"}],"author":[{"embeddable":true,"href":"https:\/\/www.sbfisica.org.br\/v1\/sbf\/wp-json\/wp\/v2\/users\/4"}],"replies":[{"embeddable":true,"href":"https:\/\/www.sbfisica.org.br\/v1\/sbf\/wp-json\/wp\/v2\/comments?post=26668"}],"version-history":[{"count":1,"href":"https:\/\/www.sbfisica.org.br\/v1\/sbf\/wp-json\/wp\/v2\/posts\/26668\/revisions"}],"predecessor-version":[{"id":26669,"href":"https:\/\/www.sbfisica.org.br\/v1\/sbf\/wp-json\/wp\/v2\/posts\/26668\/revisions\/26669"}],"wp:featuredmedia":[{"embeddable":true,"href":"https:\/\/www.sbfisica.org.br\/v1\/sbf\/wp-json\/wp\/v2\/media\/16567"}],"wp:attachment":[{"href":"https:\/\/www.sbfisica.org.br\/v1\/sbf\/wp-json\/wp\/v2\/media?parent=26668"}],"wp:term":[{"taxonomy":"category","embeddable":true,"href":"https:\/\/www.sbfisica.org.br\/v1\/sbf\/wp-json\/wp\/v2\/categories?post=26668"},{"taxonomy":"post_tag","embeddable":true,"href":"https:\/\/www.sbfisica.org.br\/v1\/sbf\/wp-json\/wp\/v2\/tags?post=26668"}],"curies":[{"name":"wp","href":"https:\/\/api.w.org\/{rel}","templated":true}]}}