{"id":26666,"date":"2025-05-15T11:13:46","date_gmt":"2025-05-15T14:13:46","guid":{"rendered":"https:\/\/www.sbfisica.org.br\/v1\/sbf\/?p=26666"},"modified":"2025-05-15T11:13:47","modified_gmt":"2025-05-15T14:13:47","slug":"ciencia-no-cinema-apresenta-e-debate-o-filme-apollo-13","status":"publish","type":"post","link":"https:\/\/www.sbfisica.org.br\/v1\/sbf\/ciencia-no-cinema-apresenta-e-debate-o-filme-apollo-13\/","title":{"rendered":"Ci\u00eancia no Cinema apresenta e debate o filme Apollo 13"},"content":{"rendered":"\n<p><em>Pesquisador F\u00e1bio Mota conversa sobre a hist\u00f3ria de astronautas na Lua que precisam retornar \u00e0 Terra ap\u00f3s explos\u00e3o&nbsp;<\/em><\/p>\n\n\n\n<p>A pr\u00f3xima edi\u00e7\u00e3o do <a href=\"https:\/\/outreach.ictp-saifr.org\/ciencia-no-cinema\/\">Ci\u00eancia no Cinema<\/a>, projeto do ICTP-SAIFR em parceria com o Reag Belas Artes, exibe Apollo 13, filme de 1995 dirigido por Ron Howard. A sess\u00e3o acontece no dia 27 de maio (ter\u00e7a-feira), a partir das 19h30, seguida de discuss\u00e3o com o pesquisador F\u00e1bio Mota, professor da UFABC. Os ingressos podem ser adquiridos na bilheteria ou <a href=\"https:\/\/www.veloxtickets.com\/Parceiro\/P-BELASARTES\/Ingressos\/Cinema\/Sao-Paulo\/Ciencia-no-Cinema-Apollo-13\/REAG-Belas-Artes\/2025-05-27\/11f0304e574e5ee580e0d8d36cfb171f\">neste link<\/a>.<\/p>\n\n\n\n<p>A narrativa traz a hist\u00f3ria de tr\u00eas astronautas americanos a caminho de uma miss\u00e3o na Lua que sobrevivem a uma explos\u00e3o e precisam retornar rapidamente \u00e0 Terra, j\u00e1 que correm o risco de ficar sem oxig\u00eanio. Al\u00e9m disso, mesmo retornando, a nave pode ficar extremamente danificada por n\u00e3o aguentar o grande calor na reentrada da \u00f3rbita terrestre.<\/p>\n\n\n\n<p>F\u00e1bio Mota \u00e9 especialista em sistemas de propuls\u00e3o aeroespacial. De 2022 a 2024, foi Professor Visitante na Xi&#8217;an Jiaotong University (China), onde desenvolveu um projeto inovador para substituir os propelentes extremamente t\u00f3xicos usados na propuls\u00e3o espacial, criando uma s\u00e9rie de combust\u00edveis chamados PAHyp (patente pendente). Al\u00e9m disso, lecionou o curso de Combust\u00e3o Te\u00f3rica Avan\u00e7ada para p\u00f3s-gradua\u00e7\u00e3o. De 2018 a 2019, foi Pesquisador Visitante no Centro Aeroespacial Alem\u00e3o (DLR), onde participou do desenvolvimento de uma plataforma MDO para avaliar arquiteturas de ve\u00edculos lan\u00e7adores com primeiro est\u00e1gio reutiliz\u00e1vel. Atualmente, leciona na \u00e1rea de Engenharia Aeroespacial na UFABC.<\/p>\n\n\n\n<p><a href=\"https:\/\/outreach.ictp-saifr.org\/ciencia-no-cinema\/\">Ci\u00eancia no Cinema<\/a> \u00e9 uma parceria do ICTP-SAIFR e do Reag Belas Artes em que cientistas conversam com o p\u00fablico ap\u00f3s a exibi\u00e7\u00e3o de um filme relacionado com temas cient\u00edficos. As sess\u00f5es s\u00e3o mensais, sempre \u00e0s ter\u00e7as-feiras, \u00e0s 19h30.<\/p>\n\n\n\n<p><strong>Sobre o ICTP-SAIFR<\/strong><\/p>\n\n\n\n<p>O Instituto Sul-Americano para Pesquisa Fundamental (ICTP-SAIFR) \u00e9 um centro internacional na cidade de S\u00e3o Paulo criado por meio de uma colabora\u00e7\u00e3o entre o Centro Internacional de F\u00edsica Te\u00f3rica (ICTP) na It\u00e1lia, o IFT-Unesp e a Fapesp. Suas atividades incluem pesquisa em F\u00edsica Te\u00f3rica e suas aplica\u00e7\u00f5es, bem como escolas e workshops para alunos de p\u00f3s-gradua\u00e7\u00e3o. Mais informa\u00e7\u00f5es est\u00e3o dispon\u00edveis no site <a href=\"https:\/\/www.ictp-saifr.org\/\">ictp-saifr.org<\/a>. O ICTP-SAIFR tamb\u00e9m promove divulga\u00e7\u00e3o cient\u00edfica e a\u00e7\u00f5es de extens\u00e3o junto a professores e estudantes de Ensino M\u00e9dio e p\u00fablico geral. Para saber mais, acesse <a href=\"https:\/\/outreach.ictp-saifr.org\/\">outreach.ictp-saifr.org<\/a>.<\/p>\n\n\n\n<p><strong>Servi\u00e7o<\/strong><\/p>\n\n\n\n<p><strong>Ci\u00eancia no Cinema: Apollo 13 + debate com F\u00e1bio Motta<\/strong><\/p>\n\n\n\n<p><strong>Data: <\/strong>27 de maio de 2025 (ter\u00e7a-feira)<\/p>\n\n\n\n<p><strong>Hor\u00e1rio: <\/strong>19h30<\/p>\n\n\n\n<p><strong>Local: <\/strong>Reag Belas Artes (Rua da Consola\u00e7\u00e3o, 2423 \u2013 Consola\u00e7\u00e3o \u2013 S\u00e3o Paulo\/SP)<\/p>\n\n\n\n<p><strong>Realiza\u00e7\u00e3o: <\/strong>ICTP-SAIFR e Reag Belas Artes<\/p>\n\n\n\n<p><strong>Mais informa\u00e7\u00f5es: <\/strong><a href=\"https:\/\/outreach.ictp-saifr.org\/ciencia-no-cinema\/\">outreach.ictp-saifr.org\/ciencia-no-cinema<\/a><\/p>\n","protected":false},"excerpt":{"rendered":"<p>Pesquisador F\u00e1bio Mota conversa sobre a hist\u00f3ria de astronautas na Lua que precisam retornar \u00e0 Terra ap\u00f3s explos\u00e3o&nbsp; A pr\u00f3xima edi\u00e7\u00e3o do Ci\u00eancia no Cinema, projeto do ICTP-SAIFR em parceria com o Reag Belas Artes, exibe Apollo 13, filme de 1995 dirigido por Ron Howard. A sess\u00e3o acontece no dia 27 de maio (ter\u00e7a-feira), a [&hellip;]<\/p>\n","protected":false},"author":4,"featured_media":16567,"comment_status":"open","ping_status":"open","sticky":false,"template":"","format":"standard","meta":{"footnotes":""},"categories":[461],"tags":[],"class_list":["post-26666","post","type-post","status-publish","format-standard","has-post-thumbnail","hentry","category-eventos"],"aioseo_notices":[],"_links":{"self":[{"href":"https:\/\/www.sbfisica.org.br\/v1\/sbf\/wp-json\/wp\/v2\/posts\/26666","targetHints":{"allow":["GET"]}}],"collection":[{"href":"https:\/\/www.sbfisica.org.br\/v1\/sbf\/wp-json\/wp\/v2\/posts"}],"about":[{"href":"https:\/\/www.sbfisica.org.br\/v1\/sbf\/wp-json\/wp\/v2\/types\/post"}],"author":[{"embeddable":true,"href":"https:\/\/www.sbfisica.org.br\/v1\/sbf\/wp-json\/wp\/v2\/users\/4"}],"replies":[{"embeddable":true,"href":"https:\/\/www.sbfisica.org.br\/v1\/sbf\/wp-json\/wp\/v2\/comments?post=26666"}],"version-history":[{"count":1,"href":"https:\/\/www.sbfisica.org.br\/v1\/sbf\/wp-json\/wp\/v2\/posts\/26666\/revisions"}],"predecessor-version":[{"id":26667,"href":"https:\/\/www.sbfisica.org.br\/v1\/sbf\/wp-json\/wp\/v2\/posts\/26666\/revisions\/26667"}],"wp:featuredmedia":[{"embeddable":true,"href":"https:\/\/www.sbfisica.org.br\/v1\/sbf\/wp-json\/wp\/v2\/media\/16567"}],"wp:attachment":[{"href":"https:\/\/www.sbfisica.org.br\/v1\/sbf\/wp-json\/wp\/v2\/media?parent=26666"}],"wp:term":[{"taxonomy":"category","embeddable":true,"href":"https:\/\/www.sbfisica.org.br\/v1\/sbf\/wp-json\/wp\/v2\/categories?post=26666"},{"taxonomy":"post_tag","embeddable":true,"href":"https:\/\/www.sbfisica.org.br\/v1\/sbf\/wp-json\/wp\/v2\/tags?post=26666"}],"curies":[{"name":"wp","href":"https:\/\/api.w.org\/{rel}","templated":true}]}}