{"id":26522,"date":"2025-04-24T15:58:05","date_gmt":"2025-04-24T18:58:05","guid":{"rendered":"https:\/\/www.sbfisica.org.br\/v1\/sbf\/?p=26522"},"modified":"2025-04-24T15:58:06","modified_gmt":"2025-04-24T18:58:06","slug":"homenagem-ao-prof-joao-dias-de-toledo-arruda-neto","status":"publish","type":"post","link":"https:\/\/www.sbfisica.org.br\/v1\/sbf\/homenagem-ao-prof-joao-dias-de-toledo-arruda-neto\/","title":{"rendered":"Homenagem ao Prof. Jo\u00e3o Dias de Toledo Arruda Neto"},"content":{"rendered":"\n<p>\u00c9 com profundo pesar que nos despedimos do Prof. Jo\u00e3o Dias de Toledo Arruda Neto, cuja trajet\u00f3ria acad\u00eamica no IFUSP e dedica\u00e7\u00e3o \u00e0 ci\u00eancia deixaram um legado importante. Nascido em S\u00e3o Paulo, Jo\u00e3o Arruda Neto formou-se em F\u00edsica pela Universidade de S\u00e3o Paulo (USP) em 1969, onde tamb\u00e9m obteve seu mestrado (1974) e doutorado (1977). Sua carreira acad\u00eamica foi marcada por uma longa e produtiva associa\u00e7\u00e3o com o Instituto de F\u00edsica da USP, onde atuou como professor associado e, posteriormente, como docente aposentado s\u00eanior. Sua excel\u00eancia acad\u00eamica o levou a posi\u00e7\u00f5es de destaque, como professor em\u00e9rito no Instituto Superior de Ci\u00eancias e Tecnologia Nucleares, em Cuba.<\/p>\n\n\n\n<p>A pesquisa do Prof. Arruda Neto abrangeu \u00e1reas fundamentais da f\u00edsica nuclear e suas aplica\u00e7\u00f5es interdisciplinares. Ele se destacou no estudo de rea\u00e7\u00f5es nucleares, com \u00eanfase em eletrofiss\u00e3o, fotofiss\u00e3o, fiss\u00e3o nuclear e resson\u00e2ncias gigantes, contribuindo significativamente para o entendimento de processos nucleares complexos. Nos \u00faltimos anos, expandiu seu escopo para a biof\u00edsica e a contamina\u00e7\u00e3o ambiental, investigando a biocin\u00e9tica de radionucl\u00eddeos, metais pesados e cianotoxinas, em projetos que combinavam medi\u00e7\u00f5es de campo, modelagem e experimenta\u00e7\u00e3o animal. Orientou teses e disserta\u00e7\u00f5es em biof\u00edsica e biotecnologia, guiando gera\u00e7\u00f5es de pesquisadores com rigor e inspira\u00e7\u00e3o.<\/p>\n\n\n\n<p>Al\u00e9m de suas conquistas cient\u00edficas, o Prof. Arruda era reconhecido por sua postura colaborativa no ambiente acad\u00eamico. Trabalhou ao lado de colegas de outras \u00e1reas, em projetos que integravam f\u00edsica, biologia e ci\u00eancias ambientais, demonstrando habilidade em fomentar parcerias interdisciplinares. Orientou 19 mestres, 14 doutores e 11 p\u00f3s-doutores. Aqueles que tiveram o privil\u00e9gio de trabalhar com ele recordam sua paci\u00eancia, clareza ao explicar conceitos complexos e entusiasmo contagiante pela descoberta cient\u00edfica.<\/p>\n\n\n\n<p>Destaca-se a prof\u00edcua colabora\u00e7\u00e3o com pesquisadores do Instituto Superior de Ci\u00eancias e Tecnologia Nucleares de Havana (Instec &#8211; Cuba), que resultou em numerosas publica\u00e7\u00f5es conjuntas, intenso interc\u00e2mbio de estudantes e pesquisadores e produ\u00e7\u00e3o de diversas teses e disserta\u00e7\u00f5es, tanto no IFUSP quanto no Instec. Uma parte importante dos pesquisadores formados atrav\u00e9s dessa colabora\u00e7\u00e3o s\u00e3o hoje pesquisadores ativos em diversas universidades brasileiras.<\/p>\n\n\n\n<p>Alunos, orientandos, e colaboradores, lembram dele n\u00e3o apenas como o excelente professor e o l\u00edder cient\u00edfico. Valores humanos e \u00e9ticos colocados por ele na pratica da vida do dia a dia,&nbsp; e sua ajuda solid\u00e1ria em muitos momentos cruciais de seus colaboradores deixou&nbsp; uma marca muito especial.<\/p>\n\n\n\n<p>O Prof. Jo\u00e3o Dias de Toledo Arruda Neto deixa um vazio na comunidade cient\u00edfica, mas seu legado perdura em suas contribui\u00e7\u00f5es, nos pesquisadores que formou e nas amizades que cultivou. Que sua mem\u00f3ria e obra continuem iluminando os caminhos da ci\u00eancia.<\/p>\n\n\n\n<p><strong>Por Airton Deppman (IFUSP), Fermin de la Caridad Garcia Velasco (DCEx\/UESC) e Joel Mesa Hormaza (IBB\/UNESP)<\/strong><\/p>\n","protected":false},"excerpt":{"rendered":"<p>\u00c9 com profundo pesar que nos despedimos do Prof. Jo\u00e3o Dias de Toledo Arruda Neto, cuja trajet\u00f3ria acad\u00eamica no IFUSP e dedica\u00e7\u00e3o \u00e0 ci\u00eancia deixaram um legado importante. Nascido em S\u00e3o Paulo, Jo\u00e3o Arruda Neto formou-se em F\u00edsica pela Universidade de S\u00e3o Paulo (USP) em 1969, onde tamb\u00e9m obteve seu mestrado (1974) e doutorado (1977). [&hellip;]<\/p>\n","protected":false},"author":12,"featured_media":26523,"comment_status":"open","ping_status":"open","sticky":false,"template":"","format":"standard","meta":{"footnotes":""},"categories":[669],"tags":[1163,1161,1162,375,1160],"class_list":["post-26522","post","type-post","status-publish","format-standard","has-post-thumbnail","hentry","category-mundo-da-fisica","tag-biofisica","tag-eletrofissao","tag-fotofissao","tag-ifusp","tag-joao-dias-de-toledo-arruda-neto"],"aioseo_notices":[],"_links":{"self":[{"href":"https:\/\/www.sbfisica.org.br\/v1\/sbf\/wp-json\/wp\/v2\/posts\/26522","targetHints":{"allow":["GET"]}}],"collection":[{"href":"https:\/\/www.sbfisica.org.br\/v1\/sbf\/wp-json\/wp\/v2\/posts"}],"about":[{"href":"https:\/\/www.sbfisica.org.br\/v1\/sbf\/wp-json\/wp\/v2\/types\/post"}],"author":[{"embeddable":true,"href":"https:\/\/www.sbfisica.org.br\/v1\/sbf\/wp-json\/wp\/v2\/users\/12"}],"replies":[{"embeddable":true,"href":"https:\/\/www.sbfisica.org.br\/v1\/sbf\/wp-json\/wp\/v2\/comments?post=26522"}],"version-history":[{"count":1,"href":"https:\/\/www.sbfisica.org.br\/v1\/sbf\/wp-json\/wp\/v2\/posts\/26522\/revisions"}],"predecessor-version":[{"id":26524,"href":"https:\/\/www.sbfisica.org.br\/v1\/sbf\/wp-json\/wp\/v2\/posts\/26522\/revisions\/26524"}],"wp:featuredmedia":[{"embeddable":true,"href":"https:\/\/www.sbfisica.org.br\/v1\/sbf\/wp-json\/wp\/v2\/media\/26523"}],"wp:attachment":[{"href":"https:\/\/www.sbfisica.org.br\/v1\/sbf\/wp-json\/wp\/v2\/media?parent=26522"}],"wp:term":[{"taxonomy":"category","embeddable":true,"href":"https:\/\/www.sbfisica.org.br\/v1\/sbf\/wp-json\/wp\/v2\/categories?post=26522"},{"taxonomy":"post_tag","embeddable":true,"href":"https:\/\/www.sbfisica.org.br\/v1\/sbf\/wp-json\/wp\/v2\/tags?post=26522"}],"curies":[{"name":"wp","href":"https:\/\/api.w.org\/{rel}","templated":true}]}}