{"id":26092,"date":"2025-04-03T13:42:39","date_gmt":"2025-04-03T16:42:39","guid":{"rendered":"https:\/\/www.sbfisica.org.br\/v1\/sbf\/?p=26092"},"modified":"2025-04-03T13:42:39","modified_gmt":"2025-04-03T16:42:39","slug":"serie-de-encontros-do-ictp-saifr-sobre-astronomia-e-cosmologia-tem-nova-edicao-em-abril","status":"publish","type":"post","link":"https:\/\/www.sbfisica.org.br\/v1\/sbf\/serie-de-encontros-do-ictp-saifr-sobre-astronomia-e-cosmologia-tem-nova-edicao-em-abril\/","title":{"rendered":"S\u00e9rie de encontros do ICTP-SAIFR sobre Astronomia e Cosmologia tem nova edi\u00e7\u00e3o em abril"},"content":{"rendered":"\n<p><em>Evento com palestras e discuss\u00e3o livre acontece no dia 04\/04<\/em><\/p>\n\n\n\n<p>O ICTP-SAIFR organiza no dia 4 de abril (sexta-feira), a partir das 10h, a pr\u00f3xima edi\u00e7\u00e3o do <a href=\"https:\/\/www.ictp-saifr.org\/astrocosmomeeting\/\">S\u00e3o Paulo Research Group Meetings in Astro &amp; Cosmo<\/a>, s\u00e9rie de encontros em ingl\u00eas com a comunidade paulista que trabalha nas \u00e1reas afins de Cosmologia, Astrof\u00edsica, Astropart\u00edculas e Gravidade. O evento acontece no Instituto Principia, na cidade de S\u00e3o Paulo.<\/p>\n\n\n\n<p>No encontro, Parth Bambhaniya (USP) discutir\u00e1 se h\u00e1 um buraco negro supermassivo no cora\u00e7\u00e3o da nossa gal\u00e1xia, Natalia Villa Rodrigues (USP) abordar\u00e1 a modelagem de vi\u00e9s de halo com redes neurais e Vitor Sampaio (Unicid) abordar\u00e1 discos e esferoides ao longo do tempo c\u00f3smico.<\/p>\n\n\n\n<p>A entrada \u00e9 gratuita. N\u00e3o \u00e9 necess\u00e1rio realizar inscri\u00e7\u00e3o, mas \u00e9 poss\u00edvel preencher <a href=\"https:\/\/docs.google.com\/forms\/d\/e\/1FAIpQLScZ4DPMApmttWe34zs6EoXYYejFEucb1GRPnZ8HTvJzLIsp5A\/viewform\">este formul\u00e1rio online<\/a> para receber mais informa\u00e7\u00f5es sobre esse e os pr\u00f3ximos encontros. Haver\u00e1 tamb\u00e9m transmiss\u00e3o online pelo Zoom.<\/p>\n\n\n\n<p>A ideia da s\u00e9rie de encontros \u00e9 ter uma agenda leve, com algumas palestras e tempo significativo para discuss\u00e3o. O objetivo principal \u00e9 explorar sinergias dos diferentes grupos. Os pr\u00f3ximos encontros acontecem em 9 de maio e 13 de junho.<\/p>\n\n\n\n<p><strong>Sobre o ICTP-SAIFR<\/strong><\/p>\n\n\n\n<p>O Instituto Sul-Americano para Pesquisa Fundamental (ICTP-SAIFR) \u00e9 um centro internacional na cidade de S\u00e3o Paulo criado por meio de uma colabora\u00e7\u00e3o entre o Centro Internacional de F\u00edsica Te\u00f3rica (ICTP) na It\u00e1lia, o IFT-Unesp e a Fapesp. Suas atividades incluem pesquisa em F\u00edsica Te\u00f3rica e suas aplica\u00e7\u00f5es, bem como escolas e workshops para alunos de p\u00f3s-gradua\u00e7\u00e3o e pesquisadores. O ICTP-SAIFR tamb\u00e9m promove divulga\u00e7\u00e3o cient\u00edfica e a\u00e7\u00f5es de extens\u00e3o junto a professores e estudantes de Ensino M\u00e9dio e p\u00fablico geral. Mais informa\u00e7\u00f5es est\u00e3o dispon\u00edveis no site <a href=\"https:\/\/www.ictp-saifr.org\/\">ictp-saifr.org<\/a>.<\/p>\n\n\n\n<p><strong>Servi\u00e7o<\/strong><\/p>\n\n\n\n<p><strong>Encontro do Grupo de Pesquisa de S\u00e3o Paulo em Astro &amp; Cosmo (S\u00e3o Paulo Research Group Meeting in Astro &amp; Cosmo)<\/strong><\/p>\n\n\n\n<p><strong>Data:<\/strong> 4 de abril de 2025<\/p>\n\n\n\n<p><strong>Hor\u00e1rio: <\/strong>a partir das 10h<\/p>\n\n\n\n<p><strong>Local: <\/strong>Instituto Principia (Rua Pamplona, 145 \u2013 Cerqueira C\u00e9sar \u2013 S\u00e3o Paulo\/SP), com transmiss\u00e3o online<\/p>\n\n\n\n<p><strong>Valor: <\/strong>gratuito<\/p>\n\n\n\n<p><strong>Realiza\u00e7\u00e3o: <\/strong>ICTP-SAIFR<\/p>\n\n\n\n<p><strong>Mais informa\u00e7\u00f5es:<\/strong> <a href=\"https:\/\/www.ictp-saifr.org\/astrocosmomeeting\/\">ictp-saifr.org\/astrocosmomeeting<\/a><\/p>\n\n\n\n<p><\/p>\n","protected":false},"excerpt":{"rendered":"<p>Evento com palestras e discuss\u00e3o livre acontece no dia 04\/04 O ICTP-SAIFR organiza no dia 4 de abril (sexta-feira), a partir das 10h, a pr\u00f3xima edi\u00e7\u00e3o do S\u00e3o Paulo Research Group Meetings in Astro &amp; Cosmo, s\u00e9rie de encontros em ingl\u00eas com a comunidade paulista que trabalha nas \u00e1reas afins de Cosmologia, Astrof\u00edsica, Astropart\u00edculas e [&hellip;]<\/p>\n","protected":false},"author":4,"featured_media":16567,"comment_status":"open","ping_status":"open","sticky":false,"template":"","format":"standard","meta":{"footnotes":""},"categories":[461],"tags":[],"class_list":["post-26092","post","type-post","status-publish","format-standard","has-post-thumbnail","hentry","category-eventos"],"aioseo_notices":[],"_links":{"self":[{"href":"https:\/\/www.sbfisica.org.br\/v1\/sbf\/wp-json\/wp\/v2\/posts\/26092","targetHints":{"allow":["GET"]}}],"collection":[{"href":"https:\/\/www.sbfisica.org.br\/v1\/sbf\/wp-json\/wp\/v2\/posts"}],"about":[{"href":"https:\/\/www.sbfisica.org.br\/v1\/sbf\/wp-json\/wp\/v2\/types\/post"}],"author":[{"embeddable":true,"href":"https:\/\/www.sbfisica.org.br\/v1\/sbf\/wp-json\/wp\/v2\/users\/4"}],"replies":[{"embeddable":true,"href":"https:\/\/www.sbfisica.org.br\/v1\/sbf\/wp-json\/wp\/v2\/comments?post=26092"}],"version-history":[{"count":1,"href":"https:\/\/www.sbfisica.org.br\/v1\/sbf\/wp-json\/wp\/v2\/posts\/26092\/revisions"}],"predecessor-version":[{"id":26095,"href":"https:\/\/www.sbfisica.org.br\/v1\/sbf\/wp-json\/wp\/v2\/posts\/26092\/revisions\/26095"}],"wp:featuredmedia":[{"embeddable":true,"href":"https:\/\/www.sbfisica.org.br\/v1\/sbf\/wp-json\/wp\/v2\/media\/16567"}],"wp:attachment":[{"href":"https:\/\/www.sbfisica.org.br\/v1\/sbf\/wp-json\/wp\/v2\/media?parent=26092"}],"wp:term":[{"taxonomy":"category","embeddable":true,"href":"https:\/\/www.sbfisica.org.br\/v1\/sbf\/wp-json\/wp\/v2\/categories?post=26092"},{"taxonomy":"post_tag","embeddable":true,"href":"https:\/\/www.sbfisica.org.br\/v1\/sbf\/wp-json\/wp\/v2\/tags?post=26092"}],"curies":[{"name":"wp","href":"https:\/\/api.w.org\/{rel}","templated":true}]}}