{"id":26079,"date":"2025-04-03T11:59:55","date_gmt":"2025-04-03T14:59:55","guid":{"rendered":"https:\/\/www.sbfisica.org.br\/v1\/sbf\/?p=26079"},"modified":"2025-04-03T11:59:56","modified_gmt":"2025-04-03T14:59:56","slug":"organizacao-do-cbfm-faz-chamada-para-auxilio-coletivo-fapesp","status":"publish","type":"post","link":"https:\/\/www.sbfisica.org.br\/v1\/sbf\/organizacao-do-cbfm-faz-chamada-para-auxilio-coletivo-fapesp\/","title":{"rendered":"Organiza\u00e7\u00e3o do CBFM faz chamada para aux\u00edlio coletivo Fapesp"},"content":{"rendered":"\n<p>A organiza\u00e7\u00e3o do 29\u00ba Congresso Brasileiro de F\u00edsica M\u00e9dica publicou nesta semana uma chamada aos interessados em participar do pedido de aux\u00edlio coletivo Fapesp para a participa\u00e7\u00e3o no evento, realizado de 1 a 4 de outubro, em S\u00e3o Paulo\/SP.<\/p>\n\n\n\n<p>O pedido de aux\u00edlio \u00e9 destinado h\u00e1 pessoas que possuem o t\u00edtulo de doutor ou qualifica\u00e7\u00e3o equivalente. \u00c9 importante ressaltar que as pessoas que estiverem em d\u00e9bito com a Fapesp h\u00e1 mais de 60 dias, n\u00e3o poder\u00e3o entrar com o pedido de aux\u00edlio.<\/p>\n\n\n\n<p>Mais detalhes podem ser encontrados na chamada e na <a href=\"https:\/\/fapesp.br\/auxilios\/organizacao\">p\u00e1gina da Fapesp<\/a>, na se\u00e7\u00e3o Organiza\u00e7\u00e3o de Reuni\u00e3o, item 5.2.<\/p>\n\n\n\n<h2 class=\"wp-block-heading\">Chamada<\/h2>\n\n\n\n<ul class=\"wp-block-list\">\n<li><a href=\"https:\/\/www.sbfisica.org.br\/v1\/sbf\/wp-content\/uploads\/2025\/04\/Chamada_para_participacao_em_auxilio_coletivo_FAPESP.pdf\" title=\"\">Leia aqui a chamada na \u00edntegra<\/a>.<\/li>\n<\/ul>\n\n\n\n<p><strong>Por Frederico S. M. de Carvalho<\/strong><\/p>\n","protected":false},"excerpt":{"rendered":"<p>A organiza\u00e7\u00e3o do 29\u00ba Congresso Brasileiro de F\u00edsica M\u00e9dica publicou nesta semana uma chamada aos interessados em participar do pedido de aux\u00edlio coletivo Fapesp para a participa\u00e7\u00e3o no evento, realizado de 1 a 4 de outubro, em S\u00e3o Paulo\/SP. O pedido de aux\u00edlio \u00e9 destinado h\u00e1 pessoas que possuem o t\u00edtulo de doutor ou qualifica\u00e7\u00e3o [&hellip;]<\/p>\n","protected":false},"author":12,"featured_media":26080,"comment_status":"open","ping_status":"open","sticky":false,"template":"","format":"standard","meta":{"footnotes":""},"categories":[669],"tags":[1127,296,268],"class_list":["post-26079","post","type-post","status-publish","format-standard","has-post-thumbnail","hentry","category-mundo-da-fisica","tag-auxilio-coletivo","tag-fapesp","tag-fisica-medica"],"aioseo_notices":[],"_links":{"self":[{"href":"https:\/\/www.sbfisica.org.br\/v1\/sbf\/wp-json\/wp\/v2\/posts\/26079","targetHints":{"allow":["GET"]}}],"collection":[{"href":"https:\/\/www.sbfisica.org.br\/v1\/sbf\/wp-json\/wp\/v2\/posts"}],"about":[{"href":"https:\/\/www.sbfisica.org.br\/v1\/sbf\/wp-json\/wp\/v2\/types\/post"}],"author":[{"embeddable":true,"href":"https:\/\/www.sbfisica.org.br\/v1\/sbf\/wp-json\/wp\/v2\/users\/12"}],"replies":[{"embeddable":true,"href":"https:\/\/www.sbfisica.org.br\/v1\/sbf\/wp-json\/wp\/v2\/comments?post=26079"}],"version-history":[{"count":1,"href":"https:\/\/www.sbfisica.org.br\/v1\/sbf\/wp-json\/wp\/v2\/posts\/26079\/revisions"}],"predecessor-version":[{"id":26081,"href":"https:\/\/www.sbfisica.org.br\/v1\/sbf\/wp-json\/wp\/v2\/posts\/26079\/revisions\/26081"}],"wp:featuredmedia":[{"embeddable":true,"href":"https:\/\/www.sbfisica.org.br\/v1\/sbf\/wp-json\/wp\/v2\/media\/26080"}],"wp:attachment":[{"href":"https:\/\/www.sbfisica.org.br\/v1\/sbf\/wp-json\/wp\/v2\/media?parent=26079"}],"wp:term":[{"taxonomy":"category","embeddable":true,"href":"https:\/\/www.sbfisica.org.br\/v1\/sbf\/wp-json\/wp\/v2\/categories?post=26079"},{"taxonomy":"post_tag","embeddable":true,"href":"https:\/\/www.sbfisica.org.br\/v1\/sbf\/wp-json\/wp\/v2\/tags?post=26079"}],"curies":[{"name":"wp","href":"https:\/\/api.w.org\/{rel}","templated":true}]}}