{"id":25703,"date":"2025-03-06T15:32:36","date_gmt":"2025-03-06T18:32:36","guid":{"rendered":"https:\/\/www.sbfisica.org.br\/v1\/sbf\/?p=25703"},"modified":"2025-03-06T15:32:37","modified_gmt":"2025-03-06T18:32:37","slug":"apesar-da-severa-desigualdade-cresce-o-financiamento-as-pesquisadoras-na-fisica","status":"publish","type":"post","link":"https:\/\/www.sbfisica.org.br\/v1\/sbf\/apesar-da-severa-desigualdade-cresce-o-financiamento-as-pesquisadoras-na-fisica\/","title":{"rendered":"Apesar da severa desigualdade, cresce o financiamento \u00e0s pesquisadoras na F\u00edsica"},"content":{"rendered":"\n<p>O Dia da Mulher, comemorado em 8 de mar\u00e7o, \u00e9 um momento de reflex\u00e3o para a sociedade sobre os estere\u00f3tipos atribu\u00eddos \u00e0s mulheres desde o seu nascimento. A ideia estreita de que a mulher nasceu para cuidar da casa e da fam\u00edlia, levado ao extremo, impede uma atua\u00e7\u00e3o ampla e irrestrita do sexo feminino nas ci\u00eancias. \u00c9 preciso, no entanto, considerar que h\u00e1 avan\u00e7os graduais, porque as mudan\u00e7as mais estruturais realmente s\u00e3o lentas.<\/p>\n\n\n\n<p>Apesar das significativas desigualdades entre homens e mulheres no universo das ci\u00eancias exatas, incluindo a F\u00edsica, o n\u00famero de bolsas concedidas anualmente pelo CNPq a pesquisadoras aumentou 15,6% nos \u00faltimos cinco anos, passando de 626 em 2020 para 724 em 2025. Mesmo com esse crescimento, as mulheres representam apenas 22,5% das bolsas concedidas em 2020 e 25,7% em 2025, com uma m\u00e9dia de 24,5% no per\u00edodo.<\/p>\n\n\n<div class=\"wp-block-image\">\n<figure class=\"aligncenter size-large is-resized\"><img fetchpriority=\"high\" decoding=\"async\" width=\"1024\" height=\"544\" src=\"https:\/\/www.sbfisica.org.br\/v1\/sbf\/wp-content\/uploads\/2025\/03\/Grafico-numero-de-bolsas-concedidas-anualmente-pelo-CNPq-1024x544.png\" alt=\"Gr\u00e1fico n\u00famero de bolsas concedidas anualmente pelo CNPq, mostrando que as bolsas s\u00e3o concedidas mais para homens que para mulheres.\" class=\"wp-image-25704\" style=\"width:671px;height:auto\"\/><figcaption class=\"wp-element-caption\">Gr\u00e1fico n\u00famero de bolsas concedidas anualmente pelo CNPq.<\/figcaption><\/figure>\n<\/div>\n\n\n<p>O abismo entre homens e mulheres se acentua ainda mais se levado em conta os aux\u00edlios financeiros concedidos por ano para o fomento de pesquisas. Apesar de um aumento de 92,3% nesses aux\u00edlios nos \u00faltimos cinco anos, passando de 52 em 2020 para 100 em 2025, a participa\u00e7\u00e3o feminina na F\u00edsica variou entre 10,7% e 11,8%, com uma m\u00e9dia de apenas 11,4% entre 2020 e 2025.<\/p>\n\n\n<div class=\"wp-block-image\">\n<figure class=\"aligncenter size-large is-resized\"><img decoding=\"async\" width=\"1024\" height=\"543\" data-src=\"https:\/\/www.sbfisica.org.br\/v1\/sbf\/wp-content\/uploads\/2025\/03\/Grafico-auxilios-financeiros-concedidos-por-ano-para-o-fomento-de-pesquisas-1024x543.png\" alt=\"Gr\u00e1fico aux\u00edlios financeiros concedidos por ano para o fomento de pesquisas, mostrando que homens recebem mais financiamento que mulheres.\" class=\"wp-image-25705 lazyload\" style=\"--smush-placeholder-width: 1024px; --smush-placeholder-aspect-ratio: 1024\/543;width:620px;height:auto\" src=\"data:image\/svg+xml;base64,PHN2ZyB3aWR0aD0iMSIgaGVpZ2h0PSIxIiB4bWxucz0iaHR0cDovL3d3dy53My5vcmcvMjAwMC9zdmciPjwvc3ZnPg==\" \/><figcaption class=\"wp-element-caption\">Gr\u00e1fico aux\u00edlios financeiros concedidos por ano para o fomento de pesquisas.<\/figcaption><\/figure>\n<\/div>\n\n\n<p>Os dados s\u00e3o da Diretoria de An\u00e1lise de Resultados e Solu\u00e7\u00f5es Digitais (DASD) do CNPq, que em setembro de 2023 lan\u00e7ou o <a href=\"https:\/\/www.gov.br\/cnpq\/pt-br\/acesso-a-informacao\/dados-abertos\/paineis-de-dados\/painel-de-fomento-em-ciencia-tecnologia-e-inovacao\">Painel de Fomento em Ci\u00eancia, Tecnologia e Inova\u00e7\u00e3o<\/a>. Desenvolvido pela DASD, o painel tem como objetivo contribuir para o monitoramento e avalia\u00e7\u00e3o da pol\u00edtica cient\u00edfica e tecnol\u00f3gica realizada pelo \u00f3rg\u00e3o em todas as \u00e1reas do saber. A pesquisa em quest\u00e3o filtrou apenas informa\u00e7\u00f5es sobre a F\u00edsica, dentro da Grande \u00c1rea Ci\u00eancias Exatas e da Terra \u00c1rea.<\/p>\n\n\n\n<p>A ferramenta disponibiliza pain\u00e9is interativos com diversas op\u00e7\u00f5es de consulta, promovendo transpar\u00eancia e presta\u00e7\u00e3o de contas sobre os investimentos em ci\u00eancia. \u201cEsse instrumento foi pensado para ser utilizado pela comunidade acad\u00eamica \u2013 para realiza\u00e7\u00e3o de estudos e pesquisas \u2013, pela comunidade de gestores e analistas de C&amp;T \u2013 para estudos, acompanhamento, avalia\u00e7\u00e3o e propostas de aperfei\u00e7oamento das iniciativas, e por toda sociedade interessada em acompanhar as a\u00e7\u00f5es do CNPq\u201d, informou o \u00f3rg\u00e3o, em 2023, \u00e0 \u00e9poca do lan\u00e7amento da ferramenta.<\/p>\n\n\n\n<h2 class=\"wp-block-heading\"><strong>Pol\u00edtica de investimento<\/strong><\/h2>\n\n\n\n<p>D\u00e9bora Peres Menezes, ex-presidente da Sociedade Brasileira de F\u00edsica (SBF) e Diretora do DASD, explica que h\u00e1 diversos fatores que influenciam o aumento da participa\u00e7\u00e3o feminina na obten\u00e7\u00e3o de bolsas e aux\u00edlios. Segundo ela, a verba para o setor vinha sofrendo com cortes desde o governo Michel Temer, a partir de 2016, o que se acentuou entre 2020 e 2021 em decorr\u00eancia da pandemia de COVID-19.<\/p>\n\n\n\n<p>\u201c2020 e 2021 foram anos complicad\u00edssimos por causa da pandemia. Muita gente abandonou sua pesquisa. Inclusive, muitas mulheres fizeram isso por causa de maternidade, ou de ter que cuidar da casa ou de outras pessoas. Isso teve um impacto na carreira cient\u00edfica de todos, principalmente para as mulheres\u201d, explica D\u00e9bora. \u201cAgora, de fato, de 2023 at\u00e9 hoje, houve forte participa\u00e7\u00e3o do governo Lula: foi liberado o uso do Fundo Nacional de Desenvolvimento Tecnol\u00f3gico e Cient\u00edfico (FNDCT), que havia sido contingenciado no governo de Jair Bolsonaro.\u201d<\/p>\n\n\n\n<h2 class=\"wp-block-heading\"><strong>Exemplo que impulsiona<\/strong><\/h2>\n\n\n\n<p>D\u00e9bora avalia que as grandes discrep\u00e2ncias nos n\u00fameros de concess\u00e3o de bolsas e aux\u00edlios entre os g\u00eaneros \u00e9 reflexo da falta de incentivo \u00e0s meninas para seguirem a carreira de cientistas, algo que aos poucos vem apresentando mudan\u00e7as. Historicamente, as mulheres batalham para conquistar seu espa\u00e7o na \u00e1rea de F\u00edsica, exemplos que s\u00e3o a prova que o lugar da mulher \u00e9 onde ela quiser.<\/p>\n\n\n\n<p>Uma das grandes expoentes dessa luta \u00e9 a f\u00edsica brasileira Belita Koiller, vencedora do pr\u00eamio Joaquim da Costa Ribeiro de 2025, concedido pela Sociedade Brasileira de F\u00edsica (SBF), que mostra que n\u00e3o \u00e9 uma batalha perdida. Belita foi a primeira mulher a alcan\u00e7ar o n\u00edvel de pesquisadora PQ1-A do CNPq e a primeira mulher a ingressar como membro titular da Academia Brasileira de Ci\u00eancias (ABC), na \u00e1rea de Ci\u00eancias F\u00edsicas, em 1996.<\/p>\n\n\n<div class=\"wp-block-image\">\n<figure class=\"aligncenter size-full is-resized\"><img decoding=\"async\" width=\"1000\" height=\"500\" data-src=\"https:\/\/www.sbfisica.org.br\/v1\/sbf\/wp-content\/uploads\/2019\/12\/acontece-2019-12-19-2.jpg\" alt=\"A f\u00edsica, professora Belita Koiller, uma senhora de cabelos loiros escuros, curtos, usando um casaquinho cinza e uma scarf colorida de um tecido fino, sobre os ombros.\" class=\"wp-image-17613 lazyload\" style=\"--smush-placeholder-width: 1000px; --smush-placeholder-aspect-ratio: 1000\/500;width:782px;height:auto\" src=\"data:image\/svg+xml;base64,PHN2ZyB3aWR0aD0iMSIgaGVpZ2h0PSIxIiB4bWxucz0iaHR0cDovL3d3dy53My5vcmcvMjAwMC9zdmciPjwvc3ZnPg==\" \/><figcaption class=\"wp-element-caption\">Professora Belita Koiler, vencedora do pr\u00eamio Joaquim da Costa Ribeiro de 2025. Cr\u00e9dito: Arquivo pessoal<\/figcaption><\/figure>\n<\/div>\n\n\n<p>\u201cAgora, felizmente, a \u00e1rea da F\u00edsica tem bastante mulher em n\u00edvel de pesquisa 1A do CNPq. A mesma tend\u00eancia de aumento no n\u00famero de mulheres pode ser observada na ABC: ser a primeira a conseguir isso foi um grande incentivo para mostrar que as mulheres t\u00eam capacidade para alcan\u00e7ar altas posi\u00e7\u00f5es\u201d, lembra Belita.<\/p>\n\n\n\n<p>Seu amor pela F\u00edsica foi crescendo aos poucos no ent\u00e3o gin\u00e1sio, a partir da leitura de bons livros e do contato com bons professores. \u201cEu tinha a op\u00e7\u00e3o de fazer a escola normal para professora. Minhas amigas todas do gin\u00e1sio foram fazer o gin\u00e1sio normal e eu fui na onda. Mas eu fiquei morrendo de t\u00e9dio nas aulas do normal e j\u00e1 estava simultaneamente assistindo \u00e0s aulas do cient\u00edfico\u201d, conta. \u201cEnt\u00e3o, eu n\u00e3o tive d\u00favida que a minha voca\u00e7\u00e3o seria mais para o lado da F\u00edsica do que para o lado da escola normal. Mas isso n\u00e3o aconteceu de um dia para o outro. Foi um processo, sempre contei com o apoio da fam\u00edlia. Os astros, a qu\u00edmica, as conquistas das teorias que explicavam movimentos de cometas, astros, tudo isso me atraiu.\u201d<\/p>\n\n\n\n<p>Uma vez cursando F\u00edsica na Pontif\u00edcia Universidade Cat\u00f3lica do Rio (PUC-RJ), Belita tamb\u00e9m estudou com grandes professores, muitos dos quais expulsos pela Ditadura Militar de universidade p\u00fablicas que encontraram ref\u00fagio em institui\u00e7\u00f5es privadas. Um exemplo feminino foi a Profa Sarah de Castro Barbosa. Ao longo dos anos, Belita construiu uma carreira s\u00f3lida na \u00e1rea de F\u00edsica da Mat\u00e9ria Condensada, lembrando que, pela sua curiosidade, busca sempre novos temas de estudo.<\/p>\n\n\n\n<p>Olhando para sua trajet\u00f3ria, ela afirma que n\u00e3o se sentiu exclu\u00edda tanto na academia quando na \u00e1rea de pesquisa, nem foi prejudicada pelo nascimento do filho. \u201cEu sou m\u00e3e. E a gente se vira. Aqui no Brasil sempre tem ajuda de uma bab\u00e1, uma vov\u00f3, e no exterior eu tinha ajuda do meu ent\u00e3o marido, pai do meu filho. Ele tamb\u00e9m \u00e9 professor universit\u00e1rio. A mulher tem que realmente abrir m\u00e3o de certas coisas\u201d, explica, mas n\u00e3o deve abrir m\u00e3o de ser m\u00e3e. \u201cNa hora de escolher uma carreira acho que existe realmente um certo des\u00e2nimo com a F\u00edsica. Essa op\u00e7\u00e3o de fazer f\u00edsica n\u00e3o \u00e9 apresentada logo para as mulheres jovens. Acho que nos primeiros anos, as escolas deveriam convidar professores de F\u00edsica para dar palestras e expor as meninas a essa possibilidade que \u00e9 gratificante\u201d, comenta a pesquisadora sobre o resultado dos dados levantado pelo CNPq \u00e0 reportagem do <strong>Boletim SBF<\/strong>.<\/p>\n\n\n\n<h2 class=\"wp-block-heading\"><strong>Term\u00f4metro da Desigualdade<\/strong><\/h2>\n\n\n\n<p>Ela cita como exemplo de sucesso o projeto Tem Menina no Circuito, que foi tema de mat\u00e9ria do <a href=\"https:\/\/www.sbfisica.org.br\/v1\/sbf\/projeto-tem-meninas-no-circuito-leva-meninas-perifericas-a-universidade\/\">Boletim<\/a> no Dia Internacional das Meninas e Mulheres na Ci\u00eancia. \u201cEsse \u00e9 um exemplo de a\u00e7\u00e3o positiva que complementa os pr\u00eamios s\u00f3 para as mulheres. Fico satisfeita pelo fato de que o pr\u00eamio Joaquim da Costa Ribeiro, concedido pela SBF, \u00e9 unissex. No Brasil, a academia (ABC) patrocina pr\u00eamios para jovens mulheres. A SBF tem o pr\u00eamio Carolina Nemes que \u00e9 s\u00f3 para as mulheres. Eu acho important\u00edssimos esses pr\u00eamios como incentivo para as mulheres, mas \u00e9 um term\u00f4metro do quanto a gente est\u00e1 longe. Enquanto forem necess\u00e1rios &#8211; e s\u00e3o necess\u00e1rios \u2013 incentivos deste tipo, a situa\u00e7\u00e3o da mulher n\u00e3o est\u00e1 resolvida. \u00c9 como se fosse um term\u00f4metro da desigualdade.\u201d<\/p>\n\n\n\n<p>Para ela, essas disparidades de g\u00eanero e ra\u00e7a foram melhor equacionadas nos Estados Unidos, ao menos antes de Donald Trump. O fato de um homem negro, Barack Obama, ter sido presidente, para Belita, \u00e9 prova de grandes avan\u00e7os. Ela criticou a redu\u00e7\u00e3o do n\u00famero de mulheres no governo de Lu\u00eds In\u00e1cio Lula da Silva, por exemplo. \u201cSou feminista, mas n\u00e3o militante. Acho que a milit\u00e2ncia, \u00e0s vezes, sai pela culatra. Porque, por exemplo no caso das meninas.se voc\u00ea diz que F\u00edsica \u00e9 <a><\/a><a><\/a><a href=\"#_msocom_1\">[BK1]<\/a>&nbsp;<a href=\"#_msocom_2\">[U2]<\/a>&nbsp;dif\u00edcil, as mulheres n\u00e3o t\u00eam chances de ser bem-sucedidas na F\u00edsica, \u2018Os homens v\u00e3o te tratar mal, v\u00e3o te assediar&#8230;\u2019 Voc\u00ea fala coisas horr\u00edveis que acontecem com as mulheres na F\u00edsica. Isso espanta as meninas.\u201d<\/p>\n\n\n\n<p>\u00c9 plenamente poss\u00edvel ser m\u00e3e e cientista, como o exemplo de Belita e de tantas mulheres que hoje est\u00e3o em posi\u00e7\u00e3o de destaque na ci\u00eancia. D\u00e9bora Peres Menezes lembra que, no entanto, \u00e9 preciso escolher muito bem os parceiros. Nem todo homem \u00e9 machista, mas nem todo homem tem consci\u00eancia que \u00e9 a sua obriga\u00e7\u00e3o dividir de forma equ\u00e2nime as tarefas dom\u00e9sticas e de cuidados com a fam\u00edlia e filhos. \u00c9 necess\u00e1ria uma mudan\u00e7a na postura do sexo masculino que se vangloria por apenas trocar uma fralda ou lavar o banheiro. H\u00e1, igualmente, necessidade de aprimorar os mecanismos de financiamento \u00e0s mulheres, que tamb\u00e9m precisam deixar claro aos homens que Rita Lee n\u00e3o fez \u00e0 toa a m\u00fasica &#8220;Pagu&#8221;, uma homenagem \u00e0 Patr\u00edcia Galv\u00e3o (1910 \u2013 1962), escritora, poetisa, artista, jornalista, musa dos modernistas de 1922 e ativista que defendeu a quebra de estere\u00f3tipos da mulher. \u201cSou rainha do meu tanque \/ Sou Pagu indignada no palanque.\u201d<\/p>\n\n\n\n<p><strong>(Colaborou Roger Marzochi)<\/strong><\/p>\n\n\n\n<p><a id=\"_msocom_1\"><\/a><\/p>\n","protected":false},"excerpt":{"rendered":"<p>O Dia da Mulher, comemorado em 8 de mar\u00e7o, \u00e9 um momento de reflex\u00e3o para a sociedade sobre os estere\u00f3tipos atribu\u00eddos \u00e0s mulheres desde o seu nascimento. A ideia estreita de que a mulher nasceu para cuidar da casa e da fam\u00edlia, levado ao extremo, impede uma atua\u00e7\u00e3o ampla e irrestrita do sexo feminino nas [&hellip;]<\/p>\n","protected":false},"author":12,"featured_media":25706,"comment_status":"open","ping_status":"open","sticky":false,"template":"","format":"standard","meta":{"footnotes":""},"categories":[669],"tags":[748,332,1079,444,1076,1080,918,255],"class_list":["post-25703","post","type-post","status-publish","format-standard","has-post-thumbnail","hentry","category-mundo-da-fisica","tag-belita-koiller","tag-cnpq","tag-dasd-cnpq","tag-debora-peres-menezes","tag-dia-da-mulher","tag-painel-de-fomento-em-ciencia-tecnologia-e-inovacao","tag-premio-joaquim-da-costa-ribeiro","tag-sbf"],"aioseo_notices":[],"_links":{"self":[{"href":"https:\/\/www.sbfisica.org.br\/v1\/sbf\/wp-json\/wp\/v2\/posts\/25703","targetHints":{"allow":["GET"]}}],"collection":[{"href":"https:\/\/www.sbfisica.org.br\/v1\/sbf\/wp-json\/wp\/v2\/posts"}],"about":[{"href":"https:\/\/www.sbfisica.org.br\/v1\/sbf\/wp-json\/wp\/v2\/types\/post"}],"author":[{"embeddable":true,"href":"https:\/\/www.sbfisica.org.br\/v1\/sbf\/wp-json\/wp\/v2\/users\/12"}],"replies":[{"embeddable":true,"href":"https:\/\/www.sbfisica.org.br\/v1\/sbf\/wp-json\/wp\/v2\/comments?post=25703"}],"version-history":[{"count":1,"href":"https:\/\/www.sbfisica.org.br\/v1\/sbf\/wp-json\/wp\/v2\/posts\/25703\/revisions"}],"predecessor-version":[{"id":25707,"href":"https:\/\/www.sbfisica.org.br\/v1\/sbf\/wp-json\/wp\/v2\/posts\/25703\/revisions\/25707"}],"wp:featuredmedia":[{"embeddable":true,"href":"https:\/\/www.sbfisica.org.br\/v1\/sbf\/wp-json\/wp\/v2\/media\/25706"}],"wp:attachment":[{"href":"https:\/\/www.sbfisica.org.br\/v1\/sbf\/wp-json\/wp\/v2\/media?parent=25703"}],"wp:term":[{"taxonomy":"category","embeddable":true,"href":"https:\/\/www.sbfisica.org.br\/v1\/sbf\/wp-json\/wp\/v2\/categories?post=25703"},{"taxonomy":"post_tag","embeddable":true,"href":"https:\/\/www.sbfisica.org.br\/v1\/sbf\/wp-json\/wp\/v2\/tags?post=25703"}],"curies":[{"name":"wp","href":"https:\/\/api.w.org\/{rel}","templated":true}]}}