{"id":25540,"date":"2025-02-13T17:32:30","date_gmt":"2025-02-13T20:32:30","guid":{"rendered":"https:\/\/www.sbfisica.org.br\/v1\/sbf\/?p=25540"},"modified":"2025-02-13T17:32:31","modified_gmt":"2025-02-13T20:32:31","slug":"revista-a-fisica-na-escola-celebra-25-anos-com-programacao-especial","status":"publish","type":"post","link":"https:\/\/www.sbfisica.org.br\/v1\/sbf\/revista-a-fisica-na-escola-celebra-25-anos-com-programacao-especial\/","title":{"rendered":"Revista A F\u00edsica na Escola celebra 25 anos com programa\u00e7\u00e3o especial"},"content":{"rendered":"\n<p>Em 2025, a revista A F\u00edsica na Escola (FnE) completa 25 anos de atividade na divulga\u00e7\u00e3o e no aprimoramento do ensino de F\u00edsica no Brasil. Para celebrar esse marco, os editores da FnE est\u00e3o promovendo uma s\u00e9rie de iniciativas especiais, incluindo um n\u00famero comemorativo com contribui\u00e7\u00f5es de pesquisadores convidados discutindo temas fundamentais e atuais da \u00e1rea. Al\u00e9m disso, a revista ampliar\u00e1 sua presen\u00e7a nas redes sociais, fortalecer\u00e1 sua participa\u00e7\u00e3o em eventos acad\u00eamicos e oferecer\u00e1 cursos de escrita acad\u00eamica para apoiar autores na prepara\u00e7\u00e3o de artigos para submiss\u00e3o.<\/p>\n\n\n<div class=\"wp-block-image\">\n<figure class=\"aligncenter size-full\"><img fetchpriority=\"high\" decoding=\"async\" width=\"525\" height=\"505\" src=\"https:\/\/www.sbfisica.org.br\/v1\/sbf\/wp-content\/uploads\/2025\/02\/Prof-Paulo-Menezes-Mesa-Redonda.jpg\" alt=\"Editor-chefe da revista A F\u00edsica na Escola, Prof. Paulo Menezes, na mesa-redonda: &quot;Desafios das Publica\u00e7\u00f5es em Revistas Nacionais de Ensino de F\u00edsica&quot;.\" class=\"wp-image-25541\"\/><figcaption class=\"wp-element-caption\">Editor-chefe da revista A F\u00edsica na Escola, Prof. Paulo Menezes, na mesa-redonda: &#8220;Desafios das Publica\u00e7\u00f5es em Revistas Nacionais de Ensino de F\u00edsica&#8221;.<\/figcaption><\/figure>\n<\/div>\n\n\n<p>Dentro dessa programa\u00e7\u00e3o comemorativa, a FnE esteve presente no XXVI Simp\u00f3sio Nacional de Ensino de F\u00edsica, realizado em janeiro de 2025 na cidade de Niter\u00f3i (RJ), participando de duas atividades importantes. A primeira foi a mesa-redonda &#8220;Desafios das Publica\u00e7\u00f5es em Revistas Nacionais de Ensino de F\u00edsica&#8221;, na qual o editor-chefe Paulo Menezes discutiu os desafios atuais e as metas futuras da FnE. O debate contou tamb\u00e9m com a participa\u00e7\u00e3o da professora Concei\u00e7\u00e3o Barbosa-Lima, que abordou a experi\u00eancia da revista Impacto: Pesquisa em Ensino de Ci\u00eancias, criada em 2022.<\/p>\n\n\n<div class=\"wp-block-image\">\n<figure class=\"aligncenter size-full is-resized\"><img decoding=\"async\" width=\"633\" height=\"648\" data-src=\"https:\/\/www.sbfisica.org.br\/v1\/sbf\/wp-content\/uploads\/2025\/02\/Oficina-Escrita-FnE.jpg\" alt=\"Turma da primeira oficina de escrita de artigos da FnE \u2013 XXVI SNEF.\" class=\"wp-image-25542 lazyload\" style=\"--smush-placeholder-width: 633px; --smush-placeholder-aspect-ratio: 633\/648;width:465px;height:auto\" src=\"data:image\/svg+xml;base64,PHN2ZyB3aWR0aD0iMSIgaGVpZ2h0PSIxIiB4bWxucz0iaHR0cDovL3d3dy53My5vcmcvMjAwMC9zdmciPjwvc3ZnPg==\" \/><figcaption class=\"wp-element-caption\">Turma da primeira oficina de escrita de artigos da FnE \u2013 XXVI SNEF.<\/figcaption><\/figure>\n<\/div>\n\n\n<p>Outro destaque do XXVI SNEF foi a realiza\u00e7\u00e3o da Primeira Oficina de Escrita de Artigos para a FnE, conduzida pelos editores Paulo Menezes e Marlon C. Alcantara. Com ampla participa\u00e7\u00e3o do p\u00fablico, a oficina abordou quest\u00f5es fundamentais da escrita acad\u00eamica e destacou erros comuns cometidos por autores durante o processo de submiss\u00e3o de artigos. De acordo com Marlon, essa aproxima\u00e7\u00e3o da FnE com seu p\u00fablico pode trazer impactos positivos para a \u00e1rea de ensino de F\u00edsica, desde o aumento da visibilidade da revista at\u00e9 o desenvolvimento de estrat\u00e9gias para que as publica\u00e7\u00f5es alcancem de forma mais eficaz os professores da educa\u00e7\u00e3o b\u00e1sica. Os editores afirmam que ir\u00e3o considerar repetir a experi\u00eancia em outros eventos da \u00e1rea. Al\u00e9m disso, a FnE est\u00e1 preparando uma s\u00e9rie de v\u00eddeos sobre escrita acad\u00eamica e dicas de publica\u00e7\u00e3o, que ser\u00e3o disponibilizados em seu <a href=\"https:\/\/www.youtube.com\/@afisicanaescola2468\" title=\"\">canal no YouTube<\/a>.<\/p>\n\n\n<div class=\"wp-block-image\">\n<figure class=\"aligncenter size-full\"><img decoding=\"async\" width=\"453\" height=\"402\" data-src=\"https:\/\/www.sbfisica.org.br\/v1\/sbf\/wp-content\/uploads\/2025\/02\/Selo-Comemorativo-FnE-25-Anos.jpg\" alt=\"Selo comemorativo dos 25 anos da FnE.\" class=\"wp-image-25543 lazyload\" src=\"data:image\/svg+xml;base64,PHN2ZyB3aWR0aD0iMSIgaGVpZ2h0PSIxIiB4bWxucz0iaHR0cDovL3d3dy53My5vcmcvMjAwMC9zdmciPjwvc3ZnPg==\" style=\"--smush-placeholder-width: 453px; --smush-placeholder-aspect-ratio: 453\/402;\" \/><figcaption class=\"wp-element-caption\">Selo comemorativo dos 25 anos da FnE.<\/figcaption><\/figure>\n<\/div>\n\n\n<p>Siga o perfil oficial da revista no Instagram <a href=\"https:\/\/www.instagram.com\/afisicanaescola\/\" title=\"\">@afisicanaescola<\/a> para acessar conte\u00fados exclusivos semanais. N\u00e3o perca as novidades e participe dos 25 anos da FnE!<\/p>\n","protected":false},"excerpt":{"rendered":"<p>Em 2025, a revista A F\u00edsica na Escola (FnE) completa 25 anos de atividade na divulga\u00e7\u00e3o e no aprimoramento do ensino de F\u00edsica no Brasil. Para celebrar esse marco, os editores da FnE est\u00e3o promovendo uma s\u00e9rie de iniciativas especiais, incluindo um n\u00famero comemorativo com contribui\u00e7\u00f5es de pesquisadores convidados discutindo temas fundamentais e atuais da [&hellip;]<\/p>\n","protected":false},"author":12,"featured_media":25544,"comment_status":"open","ping_status":"open","sticky":false,"template":"","format":"standard","meta":{"footnotes":""},"categories":[531],"tags":[386,1030,1027,1028,1029],"class_list":["post-25540","post","type-post","status-publish","format-standard","has-post-thumbnail","hentry","category-na-escola","tag-a-fisica-na-escola","tag-conceicao-barbosa-lima","tag-fne","tag-paulo-menezes","tag-simposio-nacional-de-ensino-de-fisica"],"aioseo_notices":[],"_links":{"self":[{"href":"https:\/\/www.sbfisica.org.br\/v1\/sbf\/wp-json\/wp\/v2\/posts\/25540","targetHints":{"allow":["GET"]}}],"collection":[{"href":"https:\/\/www.sbfisica.org.br\/v1\/sbf\/wp-json\/wp\/v2\/posts"}],"about":[{"href":"https:\/\/www.sbfisica.org.br\/v1\/sbf\/wp-json\/wp\/v2\/types\/post"}],"author":[{"embeddable":true,"href":"https:\/\/www.sbfisica.org.br\/v1\/sbf\/wp-json\/wp\/v2\/users\/12"}],"replies":[{"embeddable":true,"href":"https:\/\/www.sbfisica.org.br\/v1\/sbf\/wp-json\/wp\/v2\/comments?post=25540"}],"version-history":[{"count":1,"href":"https:\/\/www.sbfisica.org.br\/v1\/sbf\/wp-json\/wp\/v2\/posts\/25540\/revisions"}],"predecessor-version":[{"id":25545,"href":"https:\/\/www.sbfisica.org.br\/v1\/sbf\/wp-json\/wp\/v2\/posts\/25540\/revisions\/25545"}],"wp:featuredmedia":[{"embeddable":true,"href":"https:\/\/www.sbfisica.org.br\/v1\/sbf\/wp-json\/wp\/v2\/media\/25544"}],"wp:attachment":[{"href":"https:\/\/www.sbfisica.org.br\/v1\/sbf\/wp-json\/wp\/v2\/media?parent=25540"}],"wp:term":[{"taxonomy":"category","embeddable":true,"href":"https:\/\/www.sbfisica.org.br\/v1\/sbf\/wp-json\/wp\/v2\/categories?post=25540"},{"taxonomy":"post_tag","embeddable":true,"href":"https:\/\/www.sbfisica.org.br\/v1\/sbf\/wp-json\/wp\/v2\/tags?post=25540"}],"curies":[{"name":"wp","href":"https:\/\/api.w.org\/{rel}","templated":true}]}}