{"id":25511,"date":"2025-02-13T14:47:46","date_gmt":"2025-02-13T17:47:46","guid":{"rendered":"https:\/\/www.sbfisica.org.br\/v1\/sbf\/?p=25511"},"modified":"2025-02-13T14:47:46","modified_gmt":"2025-02-13T17:47:46","slug":"belita-koiller-vence-o-premio-joaquim-da-costa-ribeiro-de-2025","status":"publish","type":"post","link":"https:\/\/www.sbfisica.org.br\/v1\/sbf\/belita-koiller-vence-o-premio-joaquim-da-costa-ribeiro-de-2025\/","title":{"rendered":"Belita Koiller vence o Pr\u00eamio Joaquim da Costa Ribeiro de 2025"},"content":{"rendered":"\n<p>Na semana do Dia Internacional das Meninas e Mulheres na Ci\u00eancia, mais uma cientista brasileira ganha destaque: Belita Koiller, professora titular do Instituto de F\u00edsica da Universidade Federal do Rio de Janeiro (UFRJ), venceu o Pr\u00eamio Joaquim da Costa Ribeiro de 2025, concedido pela Sociedade Brasileira de F\u00edsica (SBF). O vencedor de 2024 foi o professor Adalberto Fazzio.<\/p>\n\n\n\n<p>Belita foi tamb\u00e9m homenageada em agosto do ano passado durante o 1\u2070 Workshop de F\u00edsica da Mat\u00e9ria Condensada Te\u00f3rica do Rio, na Universidade Federal Fluminense (UFF). O pr\u00eamio Joaquim da Costa Ribeiro reconhece a contribui\u00e7\u00e3o de pesquisadores ao longo de sua carreira para a F\u00edsica da Mat\u00e9ria Condensada e de Materiais no Brasil.<\/p>\n\n\n\n<p>A cientista est\u00e1 na UFRJ desde sua aprova\u00e7\u00e3o em concurso p\u00fablico em 1994. Sua forma\u00e7\u00e3o cient\u00edfica teve in\u00edcio na PUC-Rio, onde, em 1971, concluiu seu Bacharelado em F\u00edsica. Neste mesmo ano iniciou a p\u00f3s gradua\u00e7\u00e3o na Universidade da California em Berkeley. Concluiu o doutorado e recebeu o t\u00edtulo de PhD em F\u00edsica em 1975.<\/p>\n\n\n\n<p>Segundo a Plataforma Lattes, cumprindo expectativas de ambas as partes, ela foi rapidamente contratada como Professora do Dep. de F\u00edsica na PUC-Rio, onde permaneceu de 1976 at\u00e9 seu ingresso na UFRJ.<\/p>\n\n\n\n<p>Tanto na PUC quanto na UFRJ, ela exerceu um mandato (de 2 e 4 anos respectivamente) na Dire\u00e7\u00e3o do Dep\/Inst de F\u00edsica. Em 1982, ela recebeu a Guggenheim Fellowship, o que lhe permitiu mais um ano de pesquisas em Berkeley.<\/p>\n\n\n\n<p>Em 2005 foi laureada com o International Award for Women in Science, pr\u00eamio institu\u00eddo em parceria pela UNESCO e a L\u2019Oreal e entregue na sede da UNESCO em Paris, reconhecendo o m\u00e9rito de seus mais de 100 trabalhos de pesquisa em v\u00e1rias \u00e1reas de Teoria da Mat\u00e9ria Condensada.<\/p>\n\n\n\n<p>No momento, dedica-se ao estudo de comportamento qu\u00e2ntico de sistemas eletr\u00f4nicos, analisando sua aplicabilidade a novos dispositivos qu\u00e2nticos. Recebeu do governo do Brasil a comenda da Gr\u00e3 Cruz do M\u00e9rito Cient\u00edfico em 2010. Tamb\u00e9m em 2010 foi eleita TWAS fellow. Sua atua\u00e7\u00e3o na Sociedade Brasileira de F\u00edsica (SBF) inclui o cargo de Conselheira da SBF, posi\u00e7\u00e3o que j\u00e1 exerceu diversas vezes, foi eleita vice-presidente da SBF (2013 e 2015), tendo assumido o cargo de presidente em 2016.<\/p>\n\n\n\n<p>Em 2019 foi eleita como membro Titular da Academia de Ci\u00eancias da Am\u00e9rica Latina. Foi vencedora na edi\u00e7\u00e3o de 2021 da Medalha \u00c2ngelo da Cunha Pinto, pr\u00eamio concedido anualmente pelo Instituto de Qu\u00edmica da UFRJ a um cientista em reconhecimento \u00e0 sua contribui\u00e7\u00e3o na \u00e1rea das ci\u00eancias exatas, humanas ou da sa\u00fade.<\/p>\n\n\n\n<p><strong>(SBF com informa\u00e7\u00f5es da Plataforma Lattes)<\/strong><\/p>\n","protected":false},"excerpt":{"rendered":"<p>Na semana do Dia Internacional das Meninas e Mulheres na Ci\u00eancia, mais uma cientista brasileira ganha destaque: Belita Koiller, professora titular do Instituto de F\u00edsica da Universidade Federal do Rio de Janeiro (UFRJ), venceu o Pr\u00eamio Joaquim da Costa Ribeiro de 2025, concedido pela Sociedade Brasileira de F\u00edsica (SBF). O vencedor de 2024 foi o [&hellip;]<\/p>\n","protected":false},"author":12,"featured_media":25512,"comment_status":"open","ping_status":"open","sticky":false,"template":"","format":"standard","meta":{"footnotes":""},"categories":[127],"tags":[748,749,918,482],"class_list":["post-25511","post","type-post","status-publish","format-standard","has-post-thumbnail","hentry","category-acontece-na-sbf","tag-belita-koiller","tag-fisica-da-materia-condensada","tag-premio-joaquim-da-costa-ribeiro","tag-ufrj"],"aioseo_notices":[],"_links":{"self":[{"href":"https:\/\/www.sbfisica.org.br\/v1\/sbf\/wp-json\/wp\/v2\/posts\/25511","targetHints":{"allow":["GET"]}}],"collection":[{"href":"https:\/\/www.sbfisica.org.br\/v1\/sbf\/wp-json\/wp\/v2\/posts"}],"about":[{"href":"https:\/\/www.sbfisica.org.br\/v1\/sbf\/wp-json\/wp\/v2\/types\/post"}],"author":[{"embeddable":true,"href":"https:\/\/www.sbfisica.org.br\/v1\/sbf\/wp-json\/wp\/v2\/users\/12"}],"replies":[{"embeddable":true,"href":"https:\/\/www.sbfisica.org.br\/v1\/sbf\/wp-json\/wp\/v2\/comments?post=25511"}],"version-history":[{"count":1,"href":"https:\/\/www.sbfisica.org.br\/v1\/sbf\/wp-json\/wp\/v2\/posts\/25511\/revisions"}],"predecessor-version":[{"id":25513,"href":"https:\/\/www.sbfisica.org.br\/v1\/sbf\/wp-json\/wp\/v2\/posts\/25511\/revisions\/25513"}],"wp:featuredmedia":[{"embeddable":true,"href":"https:\/\/www.sbfisica.org.br\/v1\/sbf\/wp-json\/wp\/v2\/media\/25512"}],"wp:attachment":[{"href":"https:\/\/www.sbfisica.org.br\/v1\/sbf\/wp-json\/wp\/v2\/media?parent=25511"}],"wp:term":[{"taxonomy":"category","embeddable":true,"href":"https:\/\/www.sbfisica.org.br\/v1\/sbf\/wp-json\/wp\/v2\/categories?post=25511"},{"taxonomy":"post_tag","embeddable":true,"href":"https:\/\/www.sbfisica.org.br\/v1\/sbf\/wp-json\/wp\/v2\/tags?post=25511"}],"curies":[{"name":"wp","href":"https:\/\/api.w.org\/{rel}","templated":true}]}}