{"id":25505,"date":"2025-02-13T13:05:16","date_gmt":"2025-02-13T16:05:16","guid":{"rendered":"https:\/\/www.sbfisica.org.br\/v1\/sbf\/?p=25505"},"modified":"2025-02-13T13:05:48","modified_gmt":"2025-02-13T16:05:48","slug":"time-in-physics-international-workshop","status":"publish","type":"post","link":"https:\/\/www.sbfisica.org.br\/v1\/sbf\/time-in-physics-international-workshop\/","title":{"rendered":"Time in Physics International Workshop &#8211; 2025"},"content":{"rendered":"\n<p>Maio\/2025, em S\u00e3o Paulo<\/p>\n\n\n\n<p>O &#8220;Time in Physics International Workshop&#8221; oferecer\u00e1 um ambiente vibrante para debates acad\u00eamicos sobre o tempo na perspectiva da f\u00edsica e da filosofia, favorecendo a intera\u00e7\u00e3o entre os(as) participantes. Alguns dos t\u00f3picos de interesse s\u00e3o quest\u00f5es fundamentais sobre o tempo f\u00edsico, gravidade qu\u00e2ntica, experimentos que investigam o tempo, a flecha do tempo, termodin\u00e2mica, teorias sem tempo, entre outros.<\/p>\n\n\n\n<p>Al\u00e9m de palestras de especialistas e pesquisadores, o evento contar\u00e1 com momentos para exposi\u00e7\u00e3o de p\u00f4steres e debates, bem como uma palestra em portugu\u00eas para o p\u00fablico em geral.<\/p>\n\n\n\n<p>Participe, inscreva-se, apresente seu trabalho!<\/p>\n\n\n\n<p>Servi\u00e7o:<br>Evento Internacional: &#8220;Time in Physics International Workshop&#8221;<br>Quando: 11 a 15 de maio de 2025<br>Formato: Presencial, em l\u00edngua inglesa.<br>Local: S\u00e3o Paulo capital (audit\u00f3rio a informar em breve)<\/p>\n\n\n\n<p>Inscri\u00e7\u00f5es e outras informa\u00e7\u00f5es:<br>Site:&nbsp;<a href=\"http:\/\/nadjamagalhaes.com\/tpiw-2025-2\/\" target=\"_blank\" rel=\"noreferrer noopener\">nadjamagalhaes.com\/tpiw-2025-2\/<\/a><br>E-mail:&nbsp;<a href=\"mailto:cosmo.physica@gmail.com\" target=\"_blank\" rel=\"noreferrer noopener\">cosmo.physica@gmail.com<\/a><br>Instagram: @timeinphysics<\/p>\n\n\n\n<p>Apoio: Blaumann Foundation, Instituto Principia (a confirmar), GRAFA Pesquisas, Universidade Federal de S\u00e3o Paulo.<\/p>\n","protected":false},"excerpt":{"rendered":"<p>Maio\/2025, em S\u00e3o Paulo O &#8220;Time in Physics International Workshop&#8221; oferecer\u00e1 um ambiente vibrante para debates acad\u00eamicos sobre o tempo na perspectiva da f\u00edsica e da filosofia, favorecendo a intera\u00e7\u00e3o entre os(as) participantes. Alguns dos t\u00f3picos de interesse s\u00e3o quest\u00f5es fundamentais sobre o tempo f\u00edsico, gravidade qu\u00e2ntica, experimentos que investigam o tempo, a flecha do [&hellip;]<\/p>\n","protected":false},"author":4,"featured_media":16567,"comment_status":"open","ping_status":"open","sticky":false,"template":"","format":"standard","meta":{"footnotes":""},"categories":[461],"tags":[],"class_list":["post-25505","post","type-post","status-publish","format-standard","has-post-thumbnail","hentry","category-eventos"],"aioseo_notices":[],"_links":{"self":[{"href":"https:\/\/www.sbfisica.org.br\/v1\/sbf\/wp-json\/wp\/v2\/posts\/25505","targetHints":{"allow":["GET"]}}],"collection":[{"href":"https:\/\/www.sbfisica.org.br\/v1\/sbf\/wp-json\/wp\/v2\/posts"}],"about":[{"href":"https:\/\/www.sbfisica.org.br\/v1\/sbf\/wp-json\/wp\/v2\/types\/post"}],"author":[{"embeddable":true,"href":"https:\/\/www.sbfisica.org.br\/v1\/sbf\/wp-json\/wp\/v2\/users\/4"}],"replies":[{"embeddable":true,"href":"https:\/\/www.sbfisica.org.br\/v1\/sbf\/wp-json\/wp\/v2\/comments?post=25505"}],"version-history":[{"count":2,"href":"https:\/\/www.sbfisica.org.br\/v1\/sbf\/wp-json\/wp\/v2\/posts\/25505\/revisions"}],"predecessor-version":[{"id":25508,"href":"https:\/\/www.sbfisica.org.br\/v1\/sbf\/wp-json\/wp\/v2\/posts\/25505\/revisions\/25508"}],"wp:featuredmedia":[{"embeddable":true,"href":"https:\/\/www.sbfisica.org.br\/v1\/sbf\/wp-json\/wp\/v2\/media\/16567"}],"wp:attachment":[{"href":"https:\/\/www.sbfisica.org.br\/v1\/sbf\/wp-json\/wp\/v2\/media?parent=25505"}],"wp:term":[{"taxonomy":"category","embeddable":true,"href":"https:\/\/www.sbfisica.org.br\/v1\/sbf\/wp-json\/wp\/v2\/categories?post=25505"},{"taxonomy":"post_tag","embeddable":true,"href":"https:\/\/www.sbfisica.org.br\/v1\/sbf\/wp-json\/wp\/v2\/tags?post=25505"}],"curies":[{"name":"wp","href":"https:\/\/api.w.org\/{rel}","templated":true}]}}