{"id":25489,"date":"2025-02-13T09:23:55","date_gmt":"2025-02-13T12:23:55","guid":{"rendered":"https:\/\/www.sbfisica.org.br\/v1\/sbf\/?p=25489"},"modified":"2025-02-13T09:23:56","modified_gmt":"2025-02-13T12:23:56","slug":"vi-escola-de-fisica-teorica-do-ceara","status":"publish","type":"post","link":"https:\/\/www.sbfisica.org.br\/v1\/sbf\/vi-escola-de-fisica-teorica-do-ceara\/","title":{"rendered":"VI Escola de F\u00edsica Te\u00f3rica do Cear\u00e1"},"content":{"rendered":"\n<p>Ocorrer\u00e1 de 18 a 21 de fevereiro de 2025, na Universidade Estadual do Cear\u00e1 (UECE), na Faculdade de Educa\u00e7\u00e3o, Ci\u00eancias e Letras de Iguatu (FECLI-UECE). O tema central ser\u00e1\u00a0<em>&#8220;Os Cem Anos da Mec\u00e2nica Qu\u00e2ntica: Uma Revolu\u00e7\u00e3o em Curso&#8221;<\/em>.<\/p>\n\n\n\n<p>O link para mais informa\u00e7\u00f5es sobre o evento \u00e9:<\/p>\n\n\n\n<p><a href=\"https:\/\/eventos.uece.br\/siseventos\/processaEvento\/evento\/exibeDetalhes.jsf?area=indexEvento&amp;id=0&amp;contexto=efitece2025\">https:\/\/eventos.uece.br\/siseventos\/processaEvento\/evento\/exibeDetalhes.jsf?area=indexEvento&amp;id=0&amp;contexto=efitece2025<\/a><\/p>\n","protected":false},"excerpt":{"rendered":"<p>Ocorrer\u00e1 de 18 a 21 de fevereiro de 2025, na Universidade Estadual do Cear\u00e1 (UECE), na Faculdade de Educa\u00e7\u00e3o, Ci\u00eancias e Letras de Iguatu (FECLI-UECE). O tema central ser\u00e1\u00a0&#8220;Os Cem Anos da Mec\u00e2nica Qu\u00e2ntica: Uma Revolu\u00e7\u00e3o em Curso&#8221;. O link para mais informa\u00e7\u00f5es sobre o evento \u00e9: https:\/\/eventos.uece.br\/siseventos\/processaEvento\/evento\/exibeDetalhes.jsf?area=indexEvento&amp;id=0&amp;contexto=efitece2025<\/p>\n","protected":false},"author":4,"featured_media":16567,"comment_status":"open","ping_status":"open","sticky":false,"template":"","format":"standard","meta":{"footnotes":""},"categories":[461],"tags":[],"class_list":["post-25489","post","type-post","status-publish","format-standard","has-post-thumbnail","hentry","category-eventos"],"aioseo_notices":[],"_links":{"self":[{"href":"https:\/\/www.sbfisica.org.br\/v1\/sbf\/wp-json\/wp\/v2\/posts\/25489","targetHints":{"allow":["GET"]}}],"collection":[{"href":"https:\/\/www.sbfisica.org.br\/v1\/sbf\/wp-json\/wp\/v2\/posts"}],"about":[{"href":"https:\/\/www.sbfisica.org.br\/v1\/sbf\/wp-json\/wp\/v2\/types\/post"}],"author":[{"embeddable":true,"href":"https:\/\/www.sbfisica.org.br\/v1\/sbf\/wp-json\/wp\/v2\/users\/4"}],"replies":[{"embeddable":true,"href":"https:\/\/www.sbfisica.org.br\/v1\/sbf\/wp-json\/wp\/v2\/comments?post=25489"}],"version-history":[{"count":1,"href":"https:\/\/www.sbfisica.org.br\/v1\/sbf\/wp-json\/wp\/v2\/posts\/25489\/revisions"}],"predecessor-version":[{"id":25490,"href":"https:\/\/www.sbfisica.org.br\/v1\/sbf\/wp-json\/wp\/v2\/posts\/25489\/revisions\/25490"}],"wp:featuredmedia":[{"embeddable":true,"href":"https:\/\/www.sbfisica.org.br\/v1\/sbf\/wp-json\/wp\/v2\/media\/16567"}],"wp:attachment":[{"href":"https:\/\/www.sbfisica.org.br\/v1\/sbf\/wp-json\/wp\/v2\/media?parent=25489"}],"wp:term":[{"taxonomy":"category","embeddable":true,"href":"https:\/\/www.sbfisica.org.br\/v1\/sbf\/wp-json\/wp\/v2\/categories?post=25489"},{"taxonomy":"post_tag","embeddable":true,"href":"https:\/\/www.sbfisica.org.br\/v1\/sbf\/wp-json\/wp\/v2\/tags?post=25489"}],"curies":[{"name":"wp","href":"https:\/\/api.w.org\/{rel}","templated":true}]}}