{"id":25484,"date":"2025-02-13T09:17:09","date_gmt":"2025-02-13T12:17:09","guid":{"rendered":"https:\/\/www.sbfisica.org.br\/v1\/sbf\/?p=25484"},"modified":"2025-02-13T09:17:09","modified_gmt":"2025-02-13T12:17:09","slug":"simposio-desafios-das-mudancas-climaticas-2","status":"publish","type":"post","link":"https:\/\/www.sbfisica.org.br\/v1\/sbf\/simposio-desafios-das-mudancas-climaticas-2\/","title":{"rendered":"Simp\u00f3sio: Desafios das Mudan\u00e7as Clim\u00e1ticas"},"content":{"rendered":"\n<p>O Simp\u00f3sio\u00a0<strong>\u201cDesafios das Mudan\u00e7as Clim\u00e1ticas\u201d<\/strong>, ser\u00e1 realizado no dia\u00a0<strong>24 de fevereiro de 2025<\/strong>, na\u00a0<strong>Universidade Federal do Paran\u00e1<\/strong>, no\u00a0<strong>Audit\u00f3rio Prof. Ulysses de Campos,<\/strong>\u00a0localizado no\u00a0<strong>Setor de Ci\u00eancias Sociais Aplicadas<\/strong>\u00a0do\u00a0<strong>Campus Jardim Bot\u00e2nico, Curitiba<\/strong>, das\u00a0<strong>08h30 \u00e0s 17h30.<\/strong><\/p>\n\n\n\n<p>Este Simp\u00f3sio integra a programa\u00e7\u00e3o da&nbsp;<strong>VI Escola de Ver\u00e3o de F\u00edsica de Curitiba<\/strong>&nbsp;e contar\u00e1 com a presen\u00e7a de renomados cientistas e especialistas da \u00e1rea. O evento ser\u00e1 uma excelente oportunidade para discutir pesquisas e desafios relacionados \u00e0s mudan\u00e7as clim\u00e1ticas, promovendo um ambiente de aprendizado e debate qualificado.<\/p>\n\n\n\n<p>Para mais informa\u00e7\u00f5es e inscri\u00e7\u00f5es, acessem o site do evento:<\/p>\n\n\n\n<p><a href=\"https:\/\/fisica.ufpr.br\/verao2025\/simposio.html\">https:\/\/fisica.ufpr.br\/verao2025\/simposio.html<\/a><\/p>\n\n\n\n<p>As vagas s\u00e3o limitadas, e as inscri\u00e7\u00f5es devem ser realizadas at\u00e9 o dia&nbsp;<strong>16 de fevereiro de 2025.<\/strong><\/p>\n\n\n\n<div data-wp-interactive=\"core\/file\" class=\"wp-block-file\"><object data-wp-bind--hidden=\"!state.hasPdfPreview\" hidden class=\"wp-block-file__embed\" data=\"https:\/\/www.sbfisica.org.br\/v1\/sbf\/wp-content\/uploads\/2025\/02\/Desafios-Mudancas-Climaticas-1.pdf\" type=\"application\/pdf\" style=\"width:100%;height:600px\" aria-label=\"Incorporado de Desafios-Mudancas-Climaticas-1.\"><\/object><a id=\"wp-block-file--media-d3f37a2b-e6fa-45b9-858a-4cbae98ccab3\" href=\"https:\/\/www.sbfisica.org.br\/v1\/sbf\/wp-content\/uploads\/2025\/02\/Desafios-Mudancas-Climaticas-1.pdf\">Desafios-Mudancas-Climaticas-1<\/a><a href=\"https:\/\/www.sbfisica.org.br\/v1\/sbf\/wp-content\/uploads\/2025\/02\/Desafios-Mudancas-Climaticas-1.pdf\" class=\"wp-block-file__button wp-element-button\" download aria-describedby=\"wp-block-file--media-d3f37a2b-e6fa-45b9-858a-4cbae98ccab3\">Baixar<\/a><\/div>\n","protected":false},"excerpt":{"rendered":"<p>O Simp\u00f3sio\u00a0\u201cDesafios das Mudan\u00e7as Clim\u00e1ticas\u201d, ser\u00e1 realizado no dia\u00a024 de fevereiro de 2025, na\u00a0Universidade Federal do Paran\u00e1, no\u00a0Audit\u00f3rio Prof. Ulysses de Campos,\u00a0localizado no\u00a0Setor de Ci\u00eancias Sociais Aplicadas\u00a0do\u00a0Campus Jardim Bot\u00e2nico, Curitiba, das\u00a008h30 \u00e0s 17h30. Este Simp\u00f3sio integra a programa\u00e7\u00e3o da&nbsp;VI Escola de Ver\u00e3o de F\u00edsica de Curitiba&nbsp;e contar\u00e1 com a presen\u00e7a de renomados cientistas e especialistas [&hellip;]<\/p>\n","protected":false},"author":4,"featured_media":16567,"comment_status":"open","ping_status":"open","sticky":false,"template":"","format":"standard","meta":{"footnotes":""},"categories":[461],"tags":[],"class_list":["post-25484","post","type-post","status-publish","format-standard","has-post-thumbnail","hentry","category-eventos"],"aioseo_notices":[],"_links":{"self":[{"href":"https:\/\/www.sbfisica.org.br\/v1\/sbf\/wp-json\/wp\/v2\/posts\/25484","targetHints":{"allow":["GET"]}}],"collection":[{"href":"https:\/\/www.sbfisica.org.br\/v1\/sbf\/wp-json\/wp\/v2\/posts"}],"about":[{"href":"https:\/\/www.sbfisica.org.br\/v1\/sbf\/wp-json\/wp\/v2\/types\/post"}],"author":[{"embeddable":true,"href":"https:\/\/www.sbfisica.org.br\/v1\/sbf\/wp-json\/wp\/v2\/users\/4"}],"replies":[{"embeddable":true,"href":"https:\/\/www.sbfisica.org.br\/v1\/sbf\/wp-json\/wp\/v2\/comments?post=25484"}],"version-history":[{"count":1,"href":"https:\/\/www.sbfisica.org.br\/v1\/sbf\/wp-json\/wp\/v2\/posts\/25484\/revisions"}],"predecessor-version":[{"id":25486,"href":"https:\/\/www.sbfisica.org.br\/v1\/sbf\/wp-json\/wp\/v2\/posts\/25484\/revisions\/25486"}],"wp:featuredmedia":[{"embeddable":true,"href":"https:\/\/www.sbfisica.org.br\/v1\/sbf\/wp-json\/wp\/v2\/media\/16567"}],"wp:attachment":[{"href":"https:\/\/www.sbfisica.org.br\/v1\/sbf\/wp-json\/wp\/v2\/media?parent=25484"}],"wp:term":[{"taxonomy":"category","embeddable":true,"href":"https:\/\/www.sbfisica.org.br\/v1\/sbf\/wp-json\/wp\/v2\/categories?post=25484"},{"taxonomy":"post_tag","embeddable":true,"href":"https:\/\/www.sbfisica.org.br\/v1\/sbf\/wp-json\/wp\/v2\/tags?post=25484"}],"curies":[{"name":"wp","href":"https:\/\/api.w.org\/{rel}","templated":true}]}}