{"id":25278,"date":"2025-01-22T15:27:33","date_gmt":"2025-01-22T18:27:33","guid":{"rendered":"https:\/\/www.sbfisica.org.br\/v1\/sbf\/?p=25278"},"modified":"2025-01-22T15:27:33","modified_gmt":"2025-01-22T18:27:33","slug":"29a-escola-em-dinamica-orbital-e-planetologia","status":"publish","type":"post","link":"https:\/\/www.sbfisica.org.br\/v1\/sbf\/29a-escola-em-dinamica-orbital-e-planetologia\/","title":{"rendered":"29\u00aa Escola em Din\u00e2mica Orbital e Planetologia"},"content":{"rendered":"\n<p>Est\u00e3o abertas as inscri\u00e7\u00f5es da 28\u00aa Escola em Din\u00e2mica Orbital e Planetologia.<br>A escola \u00e9 organizada pelo Grupo de Din\u00e2mica Orbital &amp; Planetologia da UNESP e ser\u00e1 realizada no per\u00edodo de 17 a 21 de fevereiro de 2025, presencialmente, na UNESP no campus de Guaratinguet\u00e1\/SP.<\/p>\n\n\n\n<p>A Escola visa difundir e divulgar conceitos b\u00e1sicos e temas atuais em Din\u00e2mica Orbital e Planetologia para graduandos e graduados na \u00e1rea de ci\u00eancias exatas e engenharia, e professores do ensino fundamental e m\u00e9dio.<\/p>\n\n\n\n<p>Na 29\u00aa Escola de Ver\u00e3o constar\u00e1 do minicurso de Mec\u00e2nica Celeste e um conjunto de palestras e atividades pr\u00e1ticas. Entre os t\u00f3picos das palestras teremos: ambiente espacial, an\u00e9is, aprendizagem de m\u00e1quina, asteroides, astronomia observacional, &nbsp;din\u00e2mica orbital, planetas extrasolares, sat\u00e9lites, sistema solar, ve\u00edculos espaciais e outras. Teremos tamb\u00e9m uma noite de reconhecimento do c\u00e9u e observa\u00e7\u00e3o com telesc\u00f3pio.<\/p>\n\n\n\n<p>As aulas ser\u00e3o ministradas nos per\u00edodos da manh\u00e3 e tarde todos os dias.<br>O certificado de conclus\u00e3o \u00e9 fornecido a todos que tiverem 75% de presen\u00e7a.<\/p>\n\n\n\n<p>Informa\u00e7\u00f5es e inscri\u00e7\u00e3o atrav\u00e9s do site:<\/p>\n\n\n\n<p><a href=\"http:\/\/www.escola.dinamicaorbital.org\/\" target=\"_blank\" rel=\"noreferrer noopener\">http:\/\/www.escola.dinamicaorbital.org\/<\/a><\/p>\n","protected":false},"excerpt":{"rendered":"<p>Est\u00e3o abertas as inscri\u00e7\u00f5es da 28\u00aa Escola em Din\u00e2mica Orbital e Planetologia.A escola \u00e9 organizada pelo Grupo de Din\u00e2mica Orbital &amp; Planetologia da UNESP e ser\u00e1 realizada no per\u00edodo de 17 a 21 de fevereiro de 2025, presencialmente, na UNESP no campus de Guaratinguet\u00e1\/SP. A Escola visa difundir e divulgar conceitos b\u00e1sicos e temas atuais [&hellip;]<\/p>\n","protected":false},"author":4,"featured_media":16567,"comment_status":"open","ping_status":"open","sticky":false,"template":"","format":"standard","meta":{"footnotes":""},"categories":[461],"tags":[],"class_list":["post-25278","post","type-post","status-publish","format-standard","has-post-thumbnail","hentry","category-eventos"],"aioseo_notices":[],"_links":{"self":[{"href":"https:\/\/www.sbfisica.org.br\/v1\/sbf\/wp-json\/wp\/v2\/posts\/25278","targetHints":{"allow":["GET"]}}],"collection":[{"href":"https:\/\/www.sbfisica.org.br\/v1\/sbf\/wp-json\/wp\/v2\/posts"}],"about":[{"href":"https:\/\/www.sbfisica.org.br\/v1\/sbf\/wp-json\/wp\/v2\/types\/post"}],"author":[{"embeddable":true,"href":"https:\/\/www.sbfisica.org.br\/v1\/sbf\/wp-json\/wp\/v2\/users\/4"}],"replies":[{"embeddable":true,"href":"https:\/\/www.sbfisica.org.br\/v1\/sbf\/wp-json\/wp\/v2\/comments?post=25278"}],"version-history":[{"count":1,"href":"https:\/\/www.sbfisica.org.br\/v1\/sbf\/wp-json\/wp\/v2\/posts\/25278\/revisions"}],"predecessor-version":[{"id":25279,"href":"https:\/\/www.sbfisica.org.br\/v1\/sbf\/wp-json\/wp\/v2\/posts\/25278\/revisions\/25279"}],"wp:featuredmedia":[{"embeddable":true,"href":"https:\/\/www.sbfisica.org.br\/v1\/sbf\/wp-json\/wp\/v2\/media\/16567"}],"wp:attachment":[{"href":"https:\/\/www.sbfisica.org.br\/v1\/sbf\/wp-json\/wp\/v2\/media?parent=25278"}],"wp:term":[{"taxonomy":"category","embeddable":true,"href":"https:\/\/www.sbfisica.org.br\/v1\/sbf\/wp-json\/wp\/v2\/categories?post=25278"},{"taxonomy":"post_tag","embeddable":true,"href":"https:\/\/www.sbfisica.org.br\/v1\/sbf\/wp-json\/wp\/v2\/tags?post=25278"}],"curies":[{"name":"wp","href":"https:\/\/api.w.org\/{rel}","templated":true}]}}