{"id":24742,"date":"2024-11-14T10:31:45","date_gmt":"2024-11-14T13:31:45","guid":{"rendered":"https:\/\/www.sbfisica.org.br\/v1\/sbf\/?p=24742"},"modified":"2024-11-14T10:37:31","modified_gmt":"2024-11-14T13:37:31","slug":"cop-30-sera-uma-das-mais-importantes-dos-ultimos-dez-anos-afirma-artaxo","status":"publish","type":"post","link":"https:\/\/www.sbfisica.org.br\/v1\/sbf\/cop-30-sera-uma-das-mais-importantes-dos-ultimos-dez-anos-afirma-artaxo\/","title":{"rendered":"COP 30 ser\u00e1 uma das mais importantes dos \u00faltimos dez anos, afirma Artaxo"},"content":{"rendered":"\n<p>A 30\u00aa Confer\u00eancia das Na\u00e7\u00f5es Unidas sobre Mudan\u00e7a do Clima (COP 30), que ser\u00e1 realizada em Bel\u00e9m (PA) entre os dias 10 a 21 de novembro de 2025, ser\u00e1 uma das reuni\u00f5es mais importantes da Confer\u00eancia das Partes do Acordo Clim\u00e1tico dos \u00faltimos dez anos. A opini\u00e3o \u00e9 do f\u00edsico Paulo Artaxo, professor do Instituto de F\u00edsica da Universidade de S\u00e3o Paulo (IF-USP) e conselheiro da Sociedade Brasileira de F\u00edsica (SBF), membro do Painel Intergovernamental sobre Mudan\u00e7as Clim\u00e1ticas (IPCC) que integrou a equipe de cientistas que recebeu o Pr\u00eamio Nobel da Paz (2007).<\/p>\n\n\n\n<p>Durante a 29\u00aa COP, que est\u00e1 ocorrendo em Baku, no Azerbaij\u00e3o, a ministra do Meio Ambiente e Mudan\u00e7as do Clima, Marina Silva, e o governador do Par\u00e1, \u00c9lder Barbalho, participaram de um lan\u00e7amento do encontro que ocorrer\u00e1 no Brasil no pr\u00f3ximo ano, a COP 30.<\/p>\n\n\n\n<p>\u201cA raz\u00e3o da grande import\u00e2ncia da COP 30 \u00e9 que at\u00e9 fevereiro todos os pa\u00edses signat\u00e1rios da Conven\u00e7\u00e3o do Clima ser\u00e3o obrigados a refazer as suas obriga\u00e7\u00f5es volunt\u00e1rias de redu\u00e7\u00e3o de emiss\u00f5es, tendo em vista a necessidade de limitar o aumento da temperatura m\u00e9dia em 1,5\u00b0. Todos os pa\u00edses dever\u00e3o colocar novas estimativas de redu\u00e7\u00e3o de emiss\u00f5es\u201d, explica Artaxo, em entrevista ao <strong><a href=\"https:\/\/sbfisica.org.br\/v1\/sbf\/boletim\/boletim-eletronico\/\" title=\"\">Boletim SBF<\/a><\/strong>.<\/p>\n\n\n\n<p>\u00c9 por isso que Marina Silva, em entrevista \u00e0 Folha de S. Paulo, afirmou que se a COP 29 \u00e9 a do \u201cfinanciamento\u201d, a COP 30 ser\u00e1 da \u201cimplementa\u00e7\u00e3o, implementa\u00e7\u00e3o e implementa\u00e7\u00e3o\u201d, a COP das COPs. Os mais de 190 pa\u00edses integrantes da Conven\u00e7\u00e3o Clim\u00e1tica (UNFCC) s\u00e3o obrigados a refazer seus compromissos de redu\u00e7\u00e3o de emiss\u00f5es, de acordo com os protocolos do Acordo de Paris.<\/p>\n\n\n<div class=\"wp-block-image\">\n<figure class=\"aligncenter size-full\"><img fetchpriority=\"high\" decoding=\"async\" width=\"1000\" height=\"743\" src=\"https:\/\/www.sbfisica.org.br\/v1\/sbf\/wp-content\/uploads\/2024\/11\/Paulo-Artaxo-COP-29-interna.jpeg\" alt=\"Professor Paulo Artaxo  na COP 29 no Azerbaij\u00e3o.\" class=\"wp-image-24748\"\/><\/figure>\n<\/div>\n\n\n<p>Na reuni\u00e3o neste ano, o cientista brasileiro avalia que, apesar da vit\u00f3ria eleitoral de Donald Trump \u00e0 Presid\u00eancia dos Estados Unidos, que se coloca como um negacionista do clima, as negocia\u00e7\u00f5es dever\u00e3o continuar. Mas h\u00e1 um consenso entre os pa\u00edses de que se os norte-americanos se retirarem das negocia\u00e7\u00f5es, o espa\u00e7o poder\u00e1 ser ocupado pela China, Uni\u00e3o Europeia e at\u00e9 pelo Brasil, como pot\u00eancia emergente.<\/p>\n\n\n\n<p>Artaxo explica que, certamente, as declara\u00e7\u00f5es de Trump que deve retirar os Estados Unidos do Acordo de Paris far\u00e3o com que o pa\u00eds fique isolado no cen\u00e1rio internacional. \u201cA gente sente que aqui na COP est\u00e1 emergindo um sentimento de simplesmente deixar os Estados Unidos de lado e vamos seguir numa trajet\u00f3ria com todos os demais pa\u00edses do mundo a construir uma economia mais eficiente, menos dependente de emiss\u00f5es de carbono, j\u00e1 que esse \u00e9 o \u00fanico caminho para construir uma sociedade que seja minimamente sustent\u00e1vel. Possivelmente o isolamento dos Estados Unidos pode ser extremamente prejudicial para eles pr\u00f3prios. Mas isso tamb\u00e9m vai dar mais espa\u00e7o internacional a ser ocupado pela China e pela Uni\u00e3o Europeia e inclusive pelo Brasil, como pa\u00eds emergente. Os Estados Unidos certamente v\u00e3o ter muito a perder com o aumento do isolacionismo internacional\u201d, afirmou o cientista, que est\u00e1 participando da COP 29, em Baku, Azerbaij\u00e3o.<\/p>\n\n\n\n<p>A expectativa de Artaxo \u00e9 que a reuni\u00e3o em Baku dever\u00e1 apresentar avan\u00e7os na quest\u00e3o do financiamento clim\u00e1tico dos pa\u00edses desenvolvidos para os pa\u00edses em desenvolvimento. \u201cAs conversas come\u00e7aram h\u00e1 muitos anos atr\u00e1s, mas foram catalisadas na \u00faltima COP em Dubai, e com isso a gente pode esperar que ir\u00e3o fluir recursos dos pa\u00edses desenvolvidos para os pa\u00edses em desenvolvimento a fim de ajudarem a reduzir as suas emiss\u00f5es, fazer a sua transi\u00e7\u00e3o energ\u00e9tica e, ao mesmo tempo, se adaptar ao novo clima, j\u00e1 que bilh\u00f5es de pessoas ser\u00e3o afetadas pelas mudan\u00e7as clim\u00e1ticas, em particular pelo aumento dos eventos clim\u00e1ticos extremos. Ent\u00e3o, isso tamb\u00e9m \u00e9 uma quest\u00e3o que vai evoluir aqui em Baku e, provavelmente, a COP30 no Brasil ir\u00e1 sacramentar estas quest\u00f5es sobre a quest\u00e3o do financiamento clim\u00e1tico, al\u00e9m de avan\u00e7ar na necess\u00e1ria redu\u00e7\u00e3o de emiss\u00f5es de gases de efeito estufa.\u201d<\/p>\n\n\n\n<p><strong>(Colaborou Roger Marzochi)<\/strong><\/p>\n","protected":false},"excerpt":{"rendered":"<p>A 30\u00aa Confer\u00eancia das Na\u00e7\u00f5es Unidas sobre Mudan\u00e7a do Clima (COP 30), que ser\u00e1 realizada em Bel\u00e9m (PA) entre os dias 10 a 21 de novembro de 2025, ser\u00e1 uma das reuni\u00f5es mais importantes da Confer\u00eancia das Partes do Acordo Clim\u00e1tico dos \u00faltimos dez anos. A opini\u00e3o \u00e9 do f\u00edsico Paulo Artaxo, professor do Instituto [&hellip;]<\/p>\n","protected":false},"author":12,"featured_media":24750,"comment_status":"open","ping_status":"open","sticky":false,"template":"","format":"standard","meta":{"footnotes":""},"categories":[669],"tags":[878,880,879,780,325,255],"class_list":["post-24742","post","type-post","status-publish","format-standard","has-post-thumbnail","hentry","category-mundo-da-fisica","tag-30a-conferencia-das-nacoes-unidas-sobre-mudanca-do-clima","tag-cop-29","tag-cop-30","tag-if-usp","tag-paulo-artaxo","tag-sbf"],"aioseo_notices":[],"_links":{"self":[{"href":"https:\/\/www.sbfisica.org.br\/v1\/sbf\/wp-json\/wp\/v2\/posts\/24742","targetHints":{"allow":["GET"]}}],"collection":[{"href":"https:\/\/www.sbfisica.org.br\/v1\/sbf\/wp-json\/wp\/v2\/posts"}],"about":[{"href":"https:\/\/www.sbfisica.org.br\/v1\/sbf\/wp-json\/wp\/v2\/types\/post"}],"author":[{"embeddable":true,"href":"https:\/\/www.sbfisica.org.br\/v1\/sbf\/wp-json\/wp\/v2\/users\/12"}],"replies":[{"embeddable":true,"href":"https:\/\/www.sbfisica.org.br\/v1\/sbf\/wp-json\/wp\/v2\/comments?post=24742"}],"version-history":[{"count":1,"href":"https:\/\/www.sbfisica.org.br\/v1\/sbf\/wp-json\/wp\/v2\/posts\/24742\/revisions"}],"predecessor-version":[{"id":24753,"href":"https:\/\/www.sbfisica.org.br\/v1\/sbf\/wp-json\/wp\/v2\/posts\/24742\/revisions\/24753"}],"wp:featuredmedia":[{"embeddable":true,"href":"https:\/\/www.sbfisica.org.br\/v1\/sbf\/wp-json\/wp\/v2\/media\/24750"}],"wp:attachment":[{"href":"https:\/\/www.sbfisica.org.br\/v1\/sbf\/wp-json\/wp\/v2\/media?parent=24742"}],"wp:term":[{"taxonomy":"category","embeddable":true,"href":"https:\/\/www.sbfisica.org.br\/v1\/sbf\/wp-json\/wp\/v2\/categories?post=24742"},{"taxonomy":"post_tag","embeddable":true,"href":"https:\/\/www.sbfisica.org.br\/v1\/sbf\/wp-json\/wp\/v2\/tags?post=24742"}],"curies":[{"name":"wp","href":"https:\/\/api.w.org\/{rel}","templated":true}]}}