{"id":24618,"date":"2024-10-31T11:56:52","date_gmt":"2024-10-31T14:56:52","guid":{"rendered":"https:\/\/www.sbfisica.org.br\/v1\/sbf\/?p=24618"},"modified":"2024-10-31T11:56:53","modified_gmt":"2024-10-31T14:56:53","slug":"coloquio-do-cif-em-8-11-prof-sebastiao-padua-ufmg","status":"publish","type":"post","link":"https:\/\/www.sbfisica.org.br\/v1\/sbf\/coloquio-do-cif-em-8-11-prof-sebastiao-padua-ufmg\/","title":{"rendered":"Col\u00f3quio do CIF em 8\/11: Prof. Sebasti\u00e3o P\u00e1dua\u00a0(UFMG)"},"content":{"rendered":"\n<p>Como parte da XIII Escola de F\u00edsica Roberto A. Salmeron (13\u00aa EFRAS), o&nbsp;Centro Internacional&nbsp;de&nbsp;F\u00edsica (CIF) da Universidade&nbsp;de&nbsp;Bras\u00edlia (UnB)&nbsp;realizar\u00e1 no dia 8&nbsp;de novembro (sexta-feira), \u00e0s 16:00, o Col\u00f3quio intitulado&nbsp;<\/p>\n\n\n\n<p>&#8220;\u00d3tica e informa\u00e7\u00e3o qu\u00e2ntica com pares de f\u00f3tons&#8221;<\/p>\n\n\n\n<p>apresentado pelo Prof. Sebasti\u00e3o P\u00e1dua&nbsp;(Departamento de F\u00edsica &#8211; UFMG). O evento ocorrer\u00e1 no Audit\u00f3rio do CIF da Universidade&nbsp;de&nbsp;Bras\u00edlia, e ser\u00e1 transmitido ao vivo pelo canal do CIF no YouTube:&nbsp;<a href=\"https:\/\/www.youtube.com\/@cifunb\" rel=\"noreferrer noopener\" target=\"_blank\">https:\/\/www.youtube.com\/@cifunb<\/a>&nbsp;. Maiores informa\u00e7\u00f5es em&nbsp;<a href=\"http:\/\/www.cif.unb.br\/efras\" target=\"_blank\" rel=\"noreferrer noopener\">http:\/\/www.cif.unb.br\/efras<\/a>&nbsp;e&nbsp;<a href=\"https:\/\/www.instagram.com\/cif.unb\" rel=\"noreferrer noopener\" target=\"_blank\">https:\/\/www.instagram.com\/cif.unb<\/a><\/p>\n\n\n\n<p>Resumo: Nos \u00faltimos anos, as chamadas tecnologias qu\u00e2nticas, tecnologias que usam as propriedades de sistemas qu\u00e2nticos como a superposi\u00e7\u00e3o de estados e o emaranhamento em aplica\u00e7\u00f5es, v\u00eam sendo amplamente divulgadas na Sociedade. A \u00f3tica qu\u00e2ntica que se dedica ao estudo das propriedades qu\u00e2nticas da luz tem sido nas \u00faltimas d\u00e9cadas uma excelente plataforma para estudar os fundamentos destas tecnologias. A convers\u00e3o param\u00e9trica descendente espont\u00e2nea (CPDE) \u00e9 um efeito \u00f3tico n\u00e3o linear no qual pares de f\u00f3tons em um estado emaranhado, em diferentes graus de liberdades, s\u00e3o gerados quando um feixe de laser atravessa um cristal n\u00e3o-linear. A CPDE, amplamente utilizada nos laborat\u00f3rios de \u00f3tica qu\u00e2ntica do mundo, ainda \u00e9 a principal fonte de luz para estudos de fundamentos de f\u00edsica qu\u00e2ntica, \u00f3tica e informa\u00e7\u00e3o qu\u00e2ntica. Apresentarei algumas caracter\u00edsticas experimentais qu\u00e2nticas desta fonte de luz e revisarei algumas das ferramentas utilizadas em estudos experimentais. Mostrarei alguns estudos de \u00f3tica qu\u00e2ntica e informa\u00e7\u00e3o qu\u00e2ntica recentes realizados no laborat\u00f3rio de \u00d3tica qu\u00e2ntica do Departamento de F\u00edsica da UFMG envolvendo estados fot\u00f4nicos hiperemaranhados: medida da fase topol\u00f3gica de qubits e qudits e for\u00e7a an\u00f4mala. Finalmente, falarei um pouco de um projeto em andamento cujo objetivo \u00e9 realizar comunica\u00e7\u00e3o qu\u00e2ntica com essa fonte de luz.<\/p>\n\n\n\n<figure class=\"wp-block-image size-large\"><img fetchpriority=\"high\" decoding=\"async\" width=\"1024\" height=\"1024\" src=\"https:\/\/www.sbfisica.org.br\/v1\/sbf\/wp-content\/uploads\/2024\/10\/Padua-banner-insta-1024x1024.png\" alt=\"\" class=\"wp-image-24619\"\/><\/figure>\n","protected":false},"excerpt":{"rendered":"<p>Como parte da XIII Escola de F\u00edsica Roberto A. Salmeron (13\u00aa EFRAS), o&nbsp;Centro Internacional&nbsp;de&nbsp;F\u00edsica (CIF) da Universidade&nbsp;de&nbsp;Bras\u00edlia (UnB)&nbsp;realizar\u00e1 no dia 8&nbsp;de novembro (sexta-feira), \u00e0s 16:00, o Col\u00f3quio intitulado&nbsp; &#8220;\u00d3tica e informa\u00e7\u00e3o qu\u00e2ntica com pares de f\u00f3tons&#8221; apresentado pelo Prof. Sebasti\u00e3o P\u00e1dua&nbsp;(Departamento de F\u00edsica &#8211; UFMG). O evento ocorrer\u00e1 no Audit\u00f3rio do CIF da Universidade&nbsp;de&nbsp;Bras\u00edlia, e [&hellip;]<\/p>\n","protected":false},"author":4,"featured_media":16567,"comment_status":"open","ping_status":"open","sticky":false,"template":"","format":"standard","meta":{"footnotes":""},"categories":[461],"tags":[],"class_list":["post-24618","post","type-post","status-publish","format-standard","has-post-thumbnail","hentry","category-eventos"],"aioseo_notices":[],"_links":{"self":[{"href":"https:\/\/www.sbfisica.org.br\/v1\/sbf\/wp-json\/wp\/v2\/posts\/24618","targetHints":{"allow":["GET"]}}],"collection":[{"href":"https:\/\/www.sbfisica.org.br\/v1\/sbf\/wp-json\/wp\/v2\/posts"}],"about":[{"href":"https:\/\/www.sbfisica.org.br\/v1\/sbf\/wp-json\/wp\/v2\/types\/post"}],"author":[{"embeddable":true,"href":"https:\/\/www.sbfisica.org.br\/v1\/sbf\/wp-json\/wp\/v2\/users\/4"}],"replies":[{"embeddable":true,"href":"https:\/\/www.sbfisica.org.br\/v1\/sbf\/wp-json\/wp\/v2\/comments?post=24618"}],"version-history":[{"count":1,"href":"https:\/\/www.sbfisica.org.br\/v1\/sbf\/wp-json\/wp\/v2\/posts\/24618\/revisions"}],"predecessor-version":[{"id":24620,"href":"https:\/\/www.sbfisica.org.br\/v1\/sbf\/wp-json\/wp\/v2\/posts\/24618\/revisions\/24620"}],"wp:featuredmedia":[{"embeddable":true,"href":"https:\/\/www.sbfisica.org.br\/v1\/sbf\/wp-json\/wp\/v2\/media\/16567"}],"wp:attachment":[{"href":"https:\/\/www.sbfisica.org.br\/v1\/sbf\/wp-json\/wp\/v2\/media?parent=24618"}],"wp:term":[{"taxonomy":"category","embeddable":true,"href":"https:\/\/www.sbfisica.org.br\/v1\/sbf\/wp-json\/wp\/v2\/categories?post=24618"},{"taxonomy":"post_tag","embeddable":true,"href":"https:\/\/www.sbfisica.org.br\/v1\/sbf\/wp-json\/wp\/v2\/tags?post=24618"}],"curies":[{"name":"wp","href":"https:\/\/api.w.org\/{rel}","templated":true}]}}