{"id":24556,"date":"2024-10-25T10:42:11","date_gmt":"2024-10-25T13:42:11","guid":{"rendered":"https:\/\/www.sbfisica.org.br\/v1\/sbf\/?p=24556"},"modified":"2024-10-25T10:42:12","modified_gmt":"2024-10-25T13:42:12","slug":"xxvi-ciclo-de-cursos-especiais-do-observatorio-nacional","status":"publish","type":"post","link":"https:\/\/www.sbfisica.org.br\/v1\/sbf\/xxvi-ciclo-de-cursos-especiais-do-observatorio-nacional\/","title":{"rendered":"XXVI Ciclo de Cursos Especiais do Observat\u00f3rio Nacional"},"content":{"rendered":"\n<p>O Programa P\u00f3s-Gradua\u00e7\u00e3o em Astronomia do Observat\u00f3rio Nacional (PPGA\/ON\/MCTI) promove, de 26 a 29 de novembro, a XXVI Edi\u00e7\u00e3o do Ciclo de Cursos Especiais (CCE). O evento ser\u00e1 realizado de forma presencial, na sede do Observat\u00f3rio Nacional, no Rio de Janeiro.<\/p>\n\n\n\n<p>Seguindo o padr\u00e3o das edi\u00e7\u00f5es anteriores, os cursos oferecidos por pesquisadores de renome internacional abrangem diferentes tem\u00e1ticas como Astrof\u00edsica Extragal\u00e1ctica, Astrof\u00edsica Estelar e Gal\u00e1ctica, Cosmologia e Ci\u00eancias Planet\u00e1rias. A escola avan\u00e7ada destina-se a estudantes e pesquisadores das \u00e1reas de Astronomia, Astrof\u00edsica e Cosmologia.<\/p>\n\n\n\n<p>A inscri\u00e7\u00e3o \u00e9 gratuita e pode ser feita na p\u00e1gina do CCE, neste endere\u00e7o:<\/p>\n\n\n\n<p><a href=\"https:\/\/www.gov.br\/observatorio\/pt-br\/assuntos\/areas-de-atuacao\/astronomia-e-astrofisica\/ensino\/cce\/copy_of_cce-2024\/inscricoes\">https:\/\/www.gov.br\/observatorio\/pt-br\/assuntos\/areas-de-atuacao\/astronomia-e-astrofisica\/ensino\/cce\/copy_of_cce-2024\/inscricoes<\/a><\/p>\n\n\n\n<p>&nbsp;As inscri\u00e7\u00f5es j\u00e1 est\u00e3o abertas e v\u00e3o at\u00e9 o dia 17 de novembro de 2024. Os participantes que tiverem 75% ou mais de presen\u00e7a ter\u00e3o direito a um certificado de participa\u00e7\u00e3o do XXV CCE.<\/p>\n\n\n\n<p>Os palestrantes convidados desta vig\u00e9sima sexta edi\u00e7\u00e3o do evento s\u00e3o:<\/p>\n\n\n\n<p>&nbsp; &nbsp; Arjun Berera (University of Edinburgh &#8211; Reino Unido)<\/p>\n\n\n\n<p>T\u00edtulo: &#8220;Early Universe Cosmology&#8221;<\/p>\n\n\n\n<p>&nbsp; &nbsp; Alexis Finoguenov (University of Helsinki &#8211; Finl\u00e2ndia)<\/p>\n\n\n\n<p>T\u00edtulo: &#8220;High Energy Astrophysics&#8221;<\/p>\n\n\n\n<p>&nbsp; &nbsp; David Nesvorny (Southwest Research Institute &#8211; EUA)<\/p>\n\n\n\n<p>T\u00edtulo: &#8220;The NEO population: Dynamics &amp; observations&#8221;<\/p>\n\n\n\n<p>Comiss\u00e3o Organizadora do CCE<\/p>\n\n\n\n<p>&nbsp; &nbsp; Jorge M. Carvano&nbsp;<\/p>\n\n\n\n<p>&nbsp; &nbsp; Jailson Alcaniz&nbsp;<\/p>\n\n\n\n<p>&nbsp; &nbsp; Renato Dupke<\/p>\n\n\n\n<p>Para mais informa\u00e7\u00f5es&nbsp;<a href=\"mailto:cce2024@on.br\" target=\"_blank\" rel=\"noreferrer noopener\">cce2024@on.br<\/a><\/p>\n\n\n\n<p>Sobre o CCE<\/p>\n\n\n\n<p>Desde 1996 a P\u00f3s-Gradua\u00e7\u00e3o do Observat\u00f3rio Nacional vem organizando cursos avan\u00e7ados em astronomia, astrof\u00edsica e cosmologia denominados &#8220;Ciclos de Cursos Especiais&#8221; (CCE). Os cursos s\u00e3o realizados anualmente na pr\u00f3pria sede do ON, na cidade do Rio de Janeiro, e em cada Ciclo s\u00e3o destacados t\u00f3picos atuais de tr\u00eas ou quatro \u00e1reas distintas da astronomia, com minicursos oferecidos por pesquisadores de renome internacional. O hist\u00f3rico das edi\u00e7\u00f5es anteriores do CCE pode ser visto em:<\/p>\n\n\n\n<p><a href=\"https:\/\/www.gov.br\/observatorio\/pt-br\/assuntos\/programas-academicos\/pos-graduacao-em-astronomia\/ciclo-de-cursos-especiais\">https:\/\/www.gov.br\/observatorio\/pt-br\/assuntos\/programas-academicos\/pos-graduacao-em-astronomia\/ciclo-de-cursos-especiais<\/a><\/p>\n","protected":false},"excerpt":{"rendered":"<p>O Programa P\u00f3s-Gradua\u00e7\u00e3o em Astronomia do Observat\u00f3rio Nacional (PPGA\/ON\/MCTI) promove, de 26 a 29 de novembro, a XXVI Edi\u00e7\u00e3o do Ciclo de Cursos Especiais (CCE). O evento ser\u00e1 realizado de forma presencial, na sede do Observat\u00f3rio Nacional, no Rio de Janeiro. Seguindo o padr\u00e3o das edi\u00e7\u00f5es anteriores, os cursos oferecidos por pesquisadores de renome internacional [&hellip;]<\/p>\n","protected":false},"author":4,"featured_media":16567,"comment_status":"open","ping_status":"open","sticky":false,"template":"","format":"standard","meta":{"footnotes":""},"categories":[461],"tags":[],"class_list":["post-24556","post","type-post","status-publish","format-standard","has-post-thumbnail","hentry","category-eventos"],"aioseo_notices":[],"_links":{"self":[{"href":"https:\/\/www.sbfisica.org.br\/v1\/sbf\/wp-json\/wp\/v2\/posts\/24556","targetHints":{"allow":["GET"]}}],"collection":[{"href":"https:\/\/www.sbfisica.org.br\/v1\/sbf\/wp-json\/wp\/v2\/posts"}],"about":[{"href":"https:\/\/www.sbfisica.org.br\/v1\/sbf\/wp-json\/wp\/v2\/types\/post"}],"author":[{"embeddable":true,"href":"https:\/\/www.sbfisica.org.br\/v1\/sbf\/wp-json\/wp\/v2\/users\/4"}],"replies":[{"embeddable":true,"href":"https:\/\/www.sbfisica.org.br\/v1\/sbf\/wp-json\/wp\/v2\/comments?post=24556"}],"version-history":[{"count":1,"href":"https:\/\/www.sbfisica.org.br\/v1\/sbf\/wp-json\/wp\/v2\/posts\/24556\/revisions"}],"predecessor-version":[{"id":24557,"href":"https:\/\/www.sbfisica.org.br\/v1\/sbf\/wp-json\/wp\/v2\/posts\/24556\/revisions\/24557"}],"wp:featuredmedia":[{"embeddable":true,"href":"https:\/\/www.sbfisica.org.br\/v1\/sbf\/wp-json\/wp\/v2\/media\/16567"}],"wp:attachment":[{"href":"https:\/\/www.sbfisica.org.br\/v1\/sbf\/wp-json\/wp\/v2\/media?parent=24556"}],"wp:term":[{"taxonomy":"category","embeddable":true,"href":"https:\/\/www.sbfisica.org.br\/v1\/sbf\/wp-json\/wp\/v2\/categories?post=24556"},{"taxonomy":"post_tag","embeddable":true,"href":"https:\/\/www.sbfisica.org.br\/v1\/sbf\/wp-json\/wp\/v2\/tags?post=24556"}],"curies":[{"name":"wp","href":"https:\/\/api.w.org\/{rel}","templated":true}]}}