{"id":24356,"date":"2024-10-03T16:12:30","date_gmt":"2024-10-03T19:12:30","guid":{"rendered":"https:\/\/www.sbfisica.org.br\/v1\/sbf\/?p=24356"},"modified":"2024-10-03T16:12:37","modified_gmt":"2024-10-03T19:12:37","slug":"epsbf-de-2024-apresenta-recorde-de-publico-para-um-evento-presencial","status":"publish","type":"post","link":"https:\/\/www.sbfisica.org.br\/v1\/sbf\/epsbf-de-2024-apresenta-recorde-de-publico-para-um-evento-presencial\/","title":{"rendered":"EPSBF de 2024 apresenta recorde de p\u00fablico para um evento presencial"},"content":{"rendered":"\n<p>Evento foi realizado na \u00faltima semana de setembro no Campus Pampulha da UFMG.<\/p>\n\n\n\n<p>O Encontro de Primavera da Sociedade Brasileira de F\u00edsica (EPSBF) de 2024 apresentou um n\u00famero recorde para um evento presencial desde a sua cria\u00e7\u00e3o, em 2019: 421 pessoas, um aumento de 38,9% em rela\u00e7\u00e3o aos 303 inscritos no evento no ano passado. Em 2024, o EPSBF teve como espa\u00e7o o Campus Pampulha da Universidade Federal de Minas Gerais (UFMG), em Belo Horizonte (MG), sendo realizado de 24 a 27 de setembro.<\/p>\n\n\n\n<p>\u201cFoi uma experi\u00eancia muito intensa, que exigiu muita dedica\u00e7\u00e3o de nossa parte durante um ano inteiro, mas que nos trouxe muito aprendizado, e ao final podemos dizer que foi bastante gratificante\u201d, afirmou o f\u00edsico Gl\u00e1uber Dorsch, coordenador do evento neste ano e professor do Departamento de F\u00edsica da UFMG. Em 2020, em decorr\u00eancia da pandemia, n\u00e3o houve encontro; e o de 2021 foi realizado online, com 530 inscritos.<\/p>\n\n\n<div class=\"wp-block-image\">\n<figure class=\"aligncenter size-large\"><img fetchpriority=\"high\" decoding=\"async\" width=\"1024\" height=\"683\" src=\"https:\/\/www.sbfisica.org.br\/v1\/sbf\/wp-content\/uploads\/2024\/10\/Glauber-Dorsch-epsbf2024-1024x683.png\" alt=\"Prof Gl\u00e1uber Dorsch, um dos organizadores do evento, na sess\u00e3o de encerramento do Encontro de Primavera. (Cr\u00e9dito: Thaisa Guio)\" class=\"wp-image-24358\"\/><figcaption class=\"wp-element-caption\">Prof Gl\u00e1uber Dorsch, um dos organizadores do evento, na sess\u00e3o de encerramento do Encontro de Primavera. (Cr\u00e9dito: Thaisa Guio)<\/figcaption><\/figure>\n<\/div>\n\n\n<p>Segundo Dorsch, o recorde no n\u00famero de inscritos \u00e9 reflexo do apoio fornecido pelas ag\u00eancias financiadoras, aliado ao empenho da coordena\u00e7\u00e3o, que buscou ser \u201crepresentativo do tamanho das comunidades de F\u00edsica de Part\u00edculas e Campos e F\u00edsica Nuclear no Brasil\u201d. \u201cOs n\u00fameros atuais ainda est\u00e3o abaixo do tamanho real dessas comunidades, mas ficamos satisfeitos em termos conseguido ampliar essa representatividade comparado a anos anteriores. E falando em representatividade e inclus\u00e3o, \u00e9 importante mencionarmos que tivemos a preocupa\u00e7\u00e3o de fazer um evento que tivesse acessibilidade em todos os edif\u00edcios, algo que conseguimos gra\u00e7as \u00e0 infraestrutura disponibilizada pela UFMG\u201d, explica.<\/p>\n\n\n\n<p>O f\u00edsico destaca ainda que contribuiu para o resultado positivo a divulga\u00e7\u00e3o de cartazes f\u00edsicos distribu\u00eddos para v\u00e1rias universidades e a divulga\u00e7\u00e3o do evento em redes sociais. \u201cN\u00f3s tamb\u00e9m tivemos uma grande preocupa\u00e7\u00e3o em oferecer apoio financeiro \u00e0 vinda de estudantes. Participar desses encontros envolve custos elevados de inscri\u00e7\u00e3o, passagem a\u00e9rea, acomoda\u00e7\u00e3o e outros custos di\u00e1rios. Para muitos estudantes esses custos podem ser proibitivos se n\u00e3o receberem algum apoio. Felizmente, gra\u00e7as ao apoio que recebemos das ag\u00eancias p\u00fablicas e \u00e0 gest\u00e3o que fizemos desses recursos, n\u00f3s conseguimos apoiar a vinda de alguns estudantes que tiveram trabalhos considerados de destaque no evento. Isso certamente foi um outro fator para aumentar o n\u00famero de inscritos.\u201d<\/p>\n\n\n\n<figure class=\"wp-block-image size-large\"><img decoding=\"async\" width=\"1024\" height=\"633\" data-src=\"https:\/\/www.sbfisica.org.br\/v1\/sbf\/wp-content\/uploads\/2024\/10\/grafico-participantes-epsbf2024-1024x633.jpeg\" alt=\"\" class=\"wp-image-24359 lazyload\" src=\"data:image\/svg+xml;base64,PHN2ZyB3aWR0aD0iMSIgaGVpZ2h0PSIxIiB4bWxucz0iaHR0cDovL3d3dy53My5vcmcvMjAwMC9zdmciPjwvc3ZnPg==\" style=\"--smush-placeholder-width: 1024px; --smush-placeholder-aspect-ratio: 1024\/633;\" \/><\/figure>\n\n\n\n<p>Durante quatro dias, o EPSBF contou com palestras de grandes cientistas do Brasil e do exterior sobre mat\u00e9ria escura, estrelas de n\u00eautrons e neutrinos, entre outros temas. Dorsch explica que a lista de convidados que estiveram presentes deixou a organiza\u00e7\u00e3o orgulhosa e satisfeita. \u201cN\u00f3s trabalhamos para trazer palestras que dialogassem com as diversas sub\u00e1reas envolvidas no encontro, palestras que fossem interessantes a todos da audi\u00eancia, e n\u00e3o apenas a uma parte da audi\u00eancia em detrimento de outra. Isso certamente \u00e9 um desafio, visto a abrang\u00eancia das \u00e1reas englobadas pelo Encontro. Mas ao final conseguimos atingir esse objetivo\u201d, afirma.<\/p>\n\n\n\n<p>Ele cita como exemplo a palestra sobre f\u00edsica de neutrinos, que \u00e9 um assunto importante na F\u00edsica de Part\u00edculas, que tamb\u00e9m discorreu sobre t\u00e9cnicas da F\u00edsica Nuclear usadas nos experimentos para testar a natureza dessas Part\u00edculas. \u201cTivemos tamb\u00e9m uma palestra sobre o uso de ondas gravitacionais para testar a estrutura interna de estrelas de n\u00eautrons, juntando, portanto, temas da F\u00edsica de Part\u00edculas e Campos com a F\u00edsica Nuclear e de H\u00e1drons. Ainda outro exemplo foi a palestra sobre o uso da t\u00e9cnica da QCD na rede (muito usada na \u00e1rea de f\u00edsica hadr\u00f4nica) para determinar o momento magn\u00e9tico an\u00f4malo do m\u00faon, um problema importante da F\u00edsica de Part\u00edculas atual\u201d, diz o cientista.<\/p>\n\n\n\n<p>Ele ainda menciona a palestra sobre produ\u00e7\u00e3o de part\u00edculas durante o per\u00edodo da infla\u00e7\u00e3o c\u00f3smica, um assunto que tamb\u00e9m une as comunidades de F\u00edsica de Part\u00edculas e Cosmologia. \u201cEnfim, mais do que destacar palestras individuais, acredito que o mais importante foi essa intersec\u00e7\u00e3o entre temas diversos que tornaram cada palestra atraente a p\u00fablicos diversos. Esse \u00e9, afinal, o objetivo do Encontro de Primavera: unir essas comunidades.\u201d<\/p>\n\n\n\n<p>E o V EPSBF, em 2025, j\u00e1 tem local marcado: o evento ser\u00e1 em S\u00e3o Lu\u00eds, no Maranh\u00e3o, o segundo encontro na regi\u00e3o Nordeste em 5 edi\u00e7\u00f5es. \u201cEstamos todos muito entusiasmados com a decis\u00e3o de levar o encontro para a regi\u00e3o Nordeste, e principalmente com a iniciativa do grupo de pesquisa da UFMA (Universidade Federal do Maranh\u00e3o) em ter aceito esse desafio e dado esse passo importante para a hist\u00f3ria do Encontro, levando-o pela segunda vez \u00e0 regi\u00e3o Nordeste. As expectativas s\u00e3o as melhores poss\u00edveis. Temos certeza de que o V Encontro de Primavera no Maranh\u00e3o ser\u00e1 um sucesso, e estamos todos ansiosos para estarmos presentes nessa pr\u00f3xima reuni\u00e3o das comunidades de F\u00edsica Nuclear e F\u00edsica de Part\u00edculas e Campos.\u201d<\/p>\n\n\n\n<p><strong>(Colaborou Roger Marzochi)<\/strong><\/p>\n","protected":false},"excerpt":{"rendered":"<p>Evento foi realizado na \u00faltima semana de setembro no Campus Pampulha da UFMG. O Encontro de Primavera da Sociedade Brasileira de F\u00edsica (EPSBF) de 2024 apresentou um n\u00famero recorde para um evento presencial desde a sua cria\u00e7\u00e3o, em 2019: 421 pessoas, um aumento de 38,9% em rela\u00e7\u00e3o aos 303 inscritos no evento no ano passado. [&hellip;]<\/p>\n","protected":false},"author":12,"featured_media":24357,"comment_status":"open","ping_status":"open","sticky":false,"template":"","format":"standard","meta":{"footnotes":""},"categories":[127],"tags":[812,796,813,474],"class_list":["post-24356","post","type-post","status-publish","format-standard","has-post-thumbnail","hentry","category-acontece-na-sbf","tag-encontro-de-primavera-da-sociedade-brasileira-de-fisica","tag-epsbf","tag-glauber-dorsch","tag-ufmg"],"aioseo_notices":[],"_links":{"self":[{"href":"https:\/\/www.sbfisica.org.br\/v1\/sbf\/wp-json\/wp\/v2\/posts\/24356","targetHints":{"allow":["GET"]}}],"collection":[{"href":"https:\/\/www.sbfisica.org.br\/v1\/sbf\/wp-json\/wp\/v2\/posts"}],"about":[{"href":"https:\/\/www.sbfisica.org.br\/v1\/sbf\/wp-json\/wp\/v2\/types\/post"}],"author":[{"embeddable":true,"href":"https:\/\/www.sbfisica.org.br\/v1\/sbf\/wp-json\/wp\/v2\/users\/12"}],"replies":[{"embeddable":true,"href":"https:\/\/www.sbfisica.org.br\/v1\/sbf\/wp-json\/wp\/v2\/comments?post=24356"}],"version-history":[{"count":1,"href":"https:\/\/www.sbfisica.org.br\/v1\/sbf\/wp-json\/wp\/v2\/posts\/24356\/revisions"}],"predecessor-version":[{"id":24360,"href":"https:\/\/www.sbfisica.org.br\/v1\/sbf\/wp-json\/wp\/v2\/posts\/24356\/revisions\/24360"}],"wp:featuredmedia":[{"embeddable":true,"href":"https:\/\/www.sbfisica.org.br\/v1\/sbf\/wp-json\/wp\/v2\/media\/24357"}],"wp:attachment":[{"href":"https:\/\/www.sbfisica.org.br\/v1\/sbf\/wp-json\/wp\/v2\/media?parent=24356"}],"wp:term":[{"taxonomy":"category","embeddable":true,"href":"https:\/\/www.sbfisica.org.br\/v1\/sbf\/wp-json\/wp\/v2\/categories?post=24356"},{"taxonomy":"post_tag","embeddable":true,"href":"https:\/\/www.sbfisica.org.br\/v1\/sbf\/wp-json\/wp\/v2\/tags?post=24356"}],"curies":[{"name":"wp","href":"https:\/\/api.w.org\/{rel}","templated":true}]}}