{"id":24336,"date":"2024-10-03T13:46:05","date_gmt":"2024-10-03T16:46:05","guid":{"rendered":"https:\/\/www.sbfisica.org.br\/v1\/sbf\/?p=24336"},"modified":"2024-10-03T14:14:26","modified_gmt":"2024-10-03T17:14:26","slug":"selecao-de-docentes-do-instituto-de-fisica-da-ufg","status":"publish","type":"post","link":"https:\/\/www.sbfisica.org.br\/v1\/sbf\/selecao-de-docentes-do-instituto-de-fisica-da-ufg\/","title":{"rendered":"Sele\u00e7\u00e3o de Docentes do Instituto de F\u00edsica da UFG"},"content":{"rendered":"\n<p><strong>Edital n\u00ba 22\/2024 &#8211; Edital Espec\u00edfico do Concurso P\u00fablico de Provas e T\u00edtulos para preenchimento de vaga(s) de Professor do Magist\u00e9rio Federal<\/strong>&nbsp;do Instituto de F\u00edsica da Universidade Federal de Goi\u00e1s (UFG). O edital contempla vagas nas seguintes \u00e1reas:<\/p>\n\n\n\n<ul class=\"wp-block-list\">\n<li><strong>Engenharia F\u00edsica<\/strong>, com \u00eanfase em F\u00edsica Experimental;<\/li>\n\n\n\n<li><strong>F\u00edsica da Atmosfera e Modelagem de Clima e Tempo<\/strong>.<\/li>\n<\/ul>\n\n\n\n<p>Interessados(as) podem acessar o site do Instituto de F\u00edsica da UFG ou o sistema&nbsp;<strong>SISCONCURSO<\/strong>&nbsp;(<a rel=\"noreferrer noopener\" href=\"https:\/\/sistemas.ufg.br\/CONCURSOS_WEB\/\" target=\"_blank\">https:\/\/sistemas.ufg.br\/CONCURSOS_WEB\/<\/a>) para consultar o edital completo e obter maiores informa\u00e7\u00f5es. As inscri\u00e7\u00f5es estar\u00e3o abertas de&nbsp;<strong>03 de outubro a 04 de novembro de 2024<\/strong>.<\/p>\n\n\n\n<p>Essa \u00e9 uma excelente oportunidade para profissionais interessados(as) em integrar nosso corpo docente e contribuir para o avan\u00e7o da nossa excel\u00eancia acad\u00eamica.<\/p>\n\n\n\n<figure class=\"wp-block-image size-full\"><img fetchpriority=\"high\" decoding=\"async\" width=\"688\" height=\"688\" src=\"https:\/\/www.sbfisica.org.br\/v1\/sbf\/wp-content\/uploads\/2024\/10\/Concurso.png\" alt=\"\" class=\"wp-image-24337\"\/><\/figure>\n","protected":false},"excerpt":{"rendered":"<p>Edital n\u00ba 22\/2024 &#8211; Edital Espec\u00edfico do Concurso P\u00fablico de Provas e T\u00edtulos para preenchimento de vaga(s) de Professor do Magist\u00e9rio Federal&nbsp;do Instituto de F\u00edsica da Universidade Federal de Goi\u00e1s (UFG). O edital contempla vagas nas seguintes \u00e1reas: Interessados(as) podem acessar o site do Instituto de F\u00edsica da UFG ou o sistema&nbsp;SISCONCURSO&nbsp;(https:\/\/sistemas.ufg.br\/CONCURSOS_WEB\/) para consultar o [&hellip;]<\/p>\n","protected":false},"author":4,"featured_media":16567,"comment_status":"open","ping_status":"open","sticky":false,"template":"","format":"standard","meta":{"footnotes":""},"categories":[455],"tags":[],"class_list":["post-24336","post","type-post","status-publish","format-standard","has-post-thumbnail","hentry","category-concursos"],"aioseo_notices":[],"_links":{"self":[{"href":"https:\/\/www.sbfisica.org.br\/v1\/sbf\/wp-json\/wp\/v2\/posts\/24336","targetHints":{"allow":["GET"]}}],"collection":[{"href":"https:\/\/www.sbfisica.org.br\/v1\/sbf\/wp-json\/wp\/v2\/posts"}],"about":[{"href":"https:\/\/www.sbfisica.org.br\/v1\/sbf\/wp-json\/wp\/v2\/types\/post"}],"author":[{"embeddable":true,"href":"https:\/\/www.sbfisica.org.br\/v1\/sbf\/wp-json\/wp\/v2\/users\/4"}],"replies":[{"embeddable":true,"href":"https:\/\/www.sbfisica.org.br\/v1\/sbf\/wp-json\/wp\/v2\/comments?post=24336"}],"version-history":[{"count":2,"href":"https:\/\/www.sbfisica.org.br\/v1\/sbf\/wp-json\/wp\/v2\/posts\/24336\/revisions"}],"predecessor-version":[{"id":24339,"href":"https:\/\/www.sbfisica.org.br\/v1\/sbf\/wp-json\/wp\/v2\/posts\/24336\/revisions\/24339"}],"wp:featuredmedia":[{"embeddable":true,"href":"https:\/\/www.sbfisica.org.br\/v1\/sbf\/wp-json\/wp\/v2\/media\/16567"}],"wp:attachment":[{"href":"https:\/\/www.sbfisica.org.br\/v1\/sbf\/wp-json\/wp\/v2\/media?parent=24336"}],"wp:term":[{"taxonomy":"category","embeddable":true,"href":"https:\/\/www.sbfisica.org.br\/v1\/sbf\/wp-json\/wp\/v2\/categories?post=24336"},{"taxonomy":"post_tag","embeddable":true,"href":"https:\/\/www.sbfisica.org.br\/v1\/sbf\/wp-json\/wp\/v2\/tags?post=24336"}],"curies":[{"name":"wp","href":"https:\/\/api.w.org\/{rel}","templated":true}]}}